{"id":687171,"date":"2026-01-25T00:47:14","date_gmt":"2026-01-25T00:47:14","guid":{"rendered":"https:\/\/www.europesays.com\/fr\/687171\/"},"modified":"2026-01-25T00:47:14","modified_gmt":"2026-01-25T00:47:14","slug":"une-tempete-hivernale-majeure-deferle-sur-les-etats-unis-24-01-2026-a-2355","status":"publish","type":"post","link":"https:\/\/www.europesays.com\/fr\/687171\/","title":{"rendered":"Une temp\u00eate hivernale majeure d\u00e9ferle sur les Etats-Unis &#8211; 24\/01\/2026 \u00e0 23:55"},"content":{"rendered":"<p>        <img decoding=\"async\" src=\"https:\/\/www.europesays.com\/fr\/wp-content\/uploads\/2026\/01\/718de65a223b958081465c4ad32b5b7b-760x507.jpg\" alt=\"Des clients d'un magasin de bricolage ach\u00e8tent du mat\u00e9riel en anticipation de l'arriv\u00e9e d'une temp\u00eate hivernale majeure sur une bonne partie des Etats-Unis, \u00e0 Falls Church (Virginie), le 24 janvier 2026 ( AFP \/ Alex WROBLEWSKI )\" loading=\"eager\" fetchpriority=\"high\" width=\"760\" height=\"507\" style=\"max-width: 100%!important; height: auto;\"\/><\/p>\n<p class=\"c-image-news__legend\">Des clients d&rsquo;un magasin de bricolage ach\u00e8tent du mat\u00e9riel en anticipation de l&rsquo;arriv\u00e9e d&rsquo;une temp\u00eate hivernale majeure sur une bonne partie des Etats-Unis, \u00e0 Falls Church (Virginie), le 24 janvier 2026 ( AFP \/ Alex WROBLEWSKI )<\/p>\n<p>\n L&rsquo;\u00e9tat d&rsquo;urgence a \u00e9t\u00e9 d\u00e9clar\u00e9 sur une bonne partie des Etats-Unis avec l&rsquo;arriv\u00e9e d&rsquo;une importante temp\u00eate hivernale qui frappe le Texas et le Nouveau-Mexique, au sud, samedi, avant son d\u00e9ferlement attendu vers le nord-est du pays jusqu&rsquo;\u00e0 lundi.\n<\/p>\n<p>\n La temp\u00eate, qualifi\u00e9e d'\u00a0\u00bbinhabituellement \u00e9tendue et de longue dur\u00e9e\u00a0\u00bb par les services m\u00e9t\u00e9o nationaux (NWS), est provoqu\u00e9e par l&rsquo;arriv\u00e9e d&rsquo;une masse d&rsquo;air arctique en provenance du Canada. Elle apportera des chutes de neige abondantes pour le reste du week-end, tandis que d&rsquo;importantes accumulations de glace sont pr\u00e9vues des plaines du sud jusqu&rsquo;au littoral atlantique, avec de potentielles cons\u00e9quences \u00ab\u00a0catastrophiques \u00e0 l&rsquo;\u00e9chelle locale\u00a0\u00bb, selon le NWS.\n<\/p>\n<p>\n Ville du sud plus habitu\u00e9e aux temp\u00e9ratures cl\u00e9mentes, Dallas a vu le thermom\u00e8tre chuter \u00e0 -6\u00b0C samedi et se pr\u00e9pare \u00e0 \u00eatre frapp\u00e9e dans la journ\u00e9e par un m\u00e9lange de pluie vergla\u00e7ante et de gr\u00e9sil.\n<\/p>\n<p>\n \u00ab\u00a0Les conditions se sont rapidement d\u00e9t\u00e9rior\u00e9es au cours de la nuit \u00e0 travers le nord du Texas\u00a0\u00bb, a indiqu\u00e9 l&rsquo;antenne locale du NWS sur X, qui a dit s&rsquo;attendre \u00e0 un \u00ab\u00a0impact consid\u00e9rable sur les transports\u00a0\u00bb dans la r\u00e9gion.\n<\/p>\n<p>\n Autre grande m\u00e9tropole texane, Houston se pr\u00e9pare \u00e9galement \u00e0 \u00eatre touch\u00e9e.\n<\/p>\n<p>\n \u00ab\u00a0Il va y avoir une temp\u00eate violente comme peu d&rsquo;habitants de Houston en ont connu\u00a0\u00bb, avait averti vendredi le maire John Whitmire.\n<\/p>\n<p> &#8211; Coupures &#8211;<\/p>\n<p>\n \u00ab\u00a0Tout le monde est le bienvenu dans nos abris. Nous ne demanderons \u00e0 personne ses papiers\u00a0\u00bb, a ajout\u00e9 l&rsquo;\u00e9dile d\u00e9mocrate lors d&rsquo;une conf\u00e9rence de presse, en r\u00e9f\u00e9rence aux op\u00e9rations muscl\u00e9es de la police de l&rsquo;immigration \u00e0 travers le pays.\n<\/p>\n<p>\n Des centres d&rsquo;accueil, notamment pour les sans-abris, ont ouvert samedi apr\u00e8s-midi dans cette ville de pr\u00e8s de 2,4 millions d&rsquo;habitants.\n<\/p>\n<p>        <img decoding=\"async\" src=\"https:\/\/www.europesays.com\/fr\/wp-content\/uploads\/2026\/01\/facd82acf8fc3f5466b970c00ba0111a-760x506.jpg\" alt=\"Des passants bravent le froid en traversant le pont de Brooklyn, dans le quartier de Manhattan \u00e0 New York, le 21 janvier 2026 ( AFP \/ CHARLY TRIBALLEAU )\" loading=\"eager\" fetchpriority=\"high\" width=\"760\" height=\"506\" style=\"max-width: 100%!important; height: auto;\"\/><\/p>\n<p class=\"c-image-news__legend\">Des passants bravent le froid en traversant le pont de Brooklyn, dans le quartier de Manhattan \u00e0 New York, le 21 janvier 2026 ( AFP \/ CHARLY TRIBALLEAU )<\/p>\n<p>\n \u00ab\u00a0La nuit derni\u00e8re, je suis rest\u00e9 dans mon campement sous la pluie, et il ne faisait m\u00eame pas vraiment froid. Mais je sais que ce soir, cela me tuerait probablement\u00a0\u00bb, a d\u00e9clar\u00e9 \u00e0 l&rsquo;AFP Caroll Eaton, un sans-abri de 71 ans rencontr\u00e9 \u00e0 Houston.\n<\/p>\n<p>\n Alors que le r\u00e9seau \u00e9lectrique du Texas avait connu une panne g\u00e9n\u00e9rale lors de la derni\u00e8re grande temp\u00eate hivernale en 2021, les autorit\u00e9s se sont montr\u00e9es rassurantes sur sa solidit\u00e9 cette fois-ci.\n<\/p>\n<p>\n Selon le site poweroutage.us, environ 51.000 foyers et commerces du Texas \u00e9taient sans \u00e9lectricit\u00e9 samedi \u00e0 23H00 GMT, tandis que 50.000 autres ont \u00e9t\u00e9 recens\u00e9s dans l&rsquo;Etat voisin de Louisiane.\n<\/p>\n<p>\n Donald Trump a d\u00e9clar\u00e9 samedi avoir approuv\u00e9 des d\u00e9clarations d&rsquo;urgence pour 12 Etats du sud et de la c\u00f4te est, ce qui permettra le d\u00e9ploiement plus rapide des moyens de la Fema, l&rsquo;agence am\u00e9ricaine de gestion des catastrophes naturelles.\n<\/p>\n<p>\n \u00ab\u00a0Restez en s\u00e9curit\u00e9 et restez au chaud!\u00a0\u00bb, a de nouveau exhort\u00e9 le pr\u00e9sident am\u00e9ricain sur sa plateforme Truth Social.\n<\/p>\n<p> &#8211; Vortex polaire &#8211;<\/p>\n<p>\n Le ministre des Transports, Sean Duffy, avait d\u00e9clar\u00e9 la veille que les pr\u00e9paratifs \u00e9taient en cours \u00ab\u00a0pour la temp\u00eate hivernale potentiellement historique qui pourrait toucher plus de 240 millions de personnes \u00e0 travers plus de 40 Etats\u00a0\u00bb.\n<\/p>\n<p>\n Pr\u00e8s de 4.000 vols partant ou \u00e0 destination des Etats-Unis ont \u00e9t\u00e9 annul\u00e9s samedi, selon le site sp\u00e9cialis\u00e9 FlightAware, qui compte d\u00e9j\u00e0 pr\u00e8s de 9.000 annulations pour dimanche.\n<\/p>\n<p>\n Vendredi, Donald Trump avait anticip\u00e9 l&rsquo;arriv\u00e9e de la temp\u00eate pour exprimer de nouveau son scepticisme sur Truth Social au sujet de l&rsquo;existence du changement climatique: \u00ab\u00a0Est-ce que les insurg\u00e9s environnementaux pourraient m&rsquo;expliquer s&rsquo;il vous pla\u00eet: QU&rsquo;EST CE QUI EST ARRIVE AU RECHAUFFEMENT CLIMATIQUE?\u00a0\u00bb\n<\/p>\n<p>        <img decoding=\"async\" src=\"https:\/\/www.europesays.com\/fr\/wp-content\/uploads\/2026\/01\/27ab6b7a109cae2427ef322298978bfd-613x768.jpg\" alt=\"Infographie montrant les diff\u00e9rents \u00e9tats du courant-jet polaire arctique et du vortex, et la fa\u00e7on dont ils influencent la m\u00e9t\u00e9o dans l\u2019h\u00e9misph\u00e8re nord ( AFP \/ Jonathan WALTER )\" loading=\"eager\" fetchpriority=\"high\" width=\"613\" height=\"768\" style=\"max-width: 100%!important; height: auto;\"\/><\/p>\n<p class=\"c-image-news__legend\">Infographie montrant les diff\u00e9rents \u00e9tats du courant-jet polaire arctique et du vortex, et la fa\u00e7on dont ils influencent la m\u00e9t\u00e9o dans l\u2019h\u00e9misph\u00e8re nord ( AFP \/ Jonathan WALTER )<\/p>\n<p>\n Le rapport entre le changement climatique et les temp\u00eates hivernales de ce type, quand l&rsquo;air arctique d&rsquo;ordinaire confin\u00e9 au p\u00f4le Nord s&rsquo;\u00e9chappe vers le continent nord-am\u00e9ricain, fait l&rsquo;objet de d\u00e9bats au sein de la communaut\u00e9 scientifique.\n<\/p>\n<p>\n Les chercheurs rel\u00e8vent que les perturbations du vortex polaire, qui envoient ces masses d&rsquo;air arctique vers les Etats-Unis, deviennent plus fr\u00e9quentes depuis vingt ans. Cela pourrait \u00eatre d\u00fb au r\u00e9chauffement relativement rapide de l&rsquo;Arctique, qui affaiblit la ceinture de vents isolant habituellement l&rsquo;atmosph\u00e8re au-dessus de cette zone polaire de l&rsquo;Am\u00e9rique du Nord.\n<\/p>\n<p>\n Mais les scientifiques attendent d&rsquo;avoir davantage de donn\u00e9es, sur une plus longue p\u00e9riode, pour \u00e9tablir fermement un lien entre ces temp\u00eates hivernales extr\u00eames et le d\u00e9r\u00e8glement climatique.<\/p>\n","protected":false},"excerpt":{"rendered":"Des clients d&rsquo;un magasin de bricolage ach\u00e8tent du mat\u00e9riel en anticipation de l&rsquo;arriv\u00e9e d&rsquo;une temp\u00eate hivernale majeure sur&hellip;\n","protected":false},"author":2,"featured_media":687172,"comment_status":"","ping_status":"","sticky":false,"template":"","format":"standard","meta":{"footnotes":""},"categories":[5],"tags":[400,11,398,408,405,1011,27,403,14,402,399,404,12,401,406,407,28],"class_list":{"0":"post-687171","1":"post","2":"type-post","3":"status-publish","4":"format-standard","5":"has-post-thumbnail","7":"category-international","8":"tag-action-cac-40","9":"tag-actualites","10":"tag-bourse-de-paris","11":"tag-boursorama","12":"tag-cotations","13":"tag-fr","14":"tag-france","15":"tag-indices-devises","16":"tag-international","17":"tag-investir","18":"tag-investissement","19":"tag-marche-boursier","20":"tag-news","21":"tag-sicav","22":"tag-trackers","23":"tag-warrants","24":"tag-world"},"share_on_mastodon":{"url":"https:\/\/pubeurope.com\/@fr\/115952985416879760","error":""},"_links":{"self":[{"href":"https:\/\/www.europesays.com\/fr\/wp-json\/wp\/v2\/posts\/687171","targetHints":{"allow":["GET"]}}],"collection":[{"href":"https:\/\/www.europesays.com\/fr\/wp-json\/wp\/v2\/posts"}],"about":[{"href":"https:\/\/www.europesays.com\/fr\/wp-json\/wp\/v2\/types\/post"}],"author":[{"embeddable":true,"href":"https:\/\/www.europesays.com\/fr\/wp-json\/wp\/v2\/users\/2"}],"replies":[{"embeddable":true,"href":"https:\/\/www.europesays.com\/fr\/wp-json\/wp\/v2\/comments?post=687171"}],"version-history":[{"count":0,"href":"https:\/\/www.europesays.com\/fr\/wp-json\/wp\/v2\/posts\/687171\/revisions"}],"wp:featuredmedia":[{"embeddable":true,"href":"https:\/\/www.europesays.com\/fr\/wp-json\/wp\/v2\/media\/687172"}],"wp:attachment":[{"href":"https:\/\/www.europesays.com\/fr\/wp-json\/wp\/v2\/media?parent=687171"}],"wp:term":[{"taxonomy":"category","embeddable":true,"href":"https:\/\/www.europesays.com\/fr\/wp-json\/wp\/v2\/categories?post=687171"},{"taxonomy":"post_tag","embeddable":true,"href":"https:\/\/www.europesays.com\/fr\/wp-json\/wp\/v2\/tags?post=687171"}],"curies":[{"name":"wp","href":"https:\/\/api.w.org\/{rel}","templated":true}]}}