{"id":687199,"date":"2026-01-25T01:14:14","date_gmt":"2026-01-25T01:14:14","guid":{"rendered":"https:\/\/www.europesays.com\/fr\/687199\/"},"modified":"2026-01-25T01:14:14","modified_gmt":"2026-01-25T01:14:14","slug":"face-a-la-demande-ce-medecin-de-gironde-prend-des-consultations-jusqua-2h-du-matin-le-metier-est-menace","status":"publish","type":"post","link":"https:\/\/www.europesays.com\/fr\/687199\/","title":{"rendered":"Face \u00e0 la demande, ce m\u00e9decin de Gironde prend des consultations jusqu&rsquo;\u00e0 2h du matin : \u00ab\u00a0Le m\u00e9tier est menac\u00e9\u00a0\u00bb"},"content":{"rendered":"<p>                    Par<br \/>\n        <strong><br \/>\n            <a href=\"https:\/\/actu.fr\/auteur\/sports33\" title=\"Consulter tous les articles de Nicolas Gosselin\" target=\"_blank\" rel=\"noopener\">Nicolas Gosselin<\/a><br \/>\n                    <\/strong><\/p>\n<p>        Publi\u00e9 le<\/p>\n<p>            24 janv. 2026 \u00e0 7h32        <\/p>\n<p>\u00ab\u2009Je n\u2019ai pas pris de <a href=\"https:\/\/actu.fr\/tag\/tourisme\" target=\"_blank\" rel=\"noopener\">vacances<\/a> depuis six ans\u2026\u2009\u00bb Dans son cabinet \u00e0 <a href=\"https:\/\/actu.fr\/nouvelle-aquitaine\/artigues-pres-bordeaux_33013\" target=\"_blank\" rel=\"noopener\">Artigues-pr\u00e8s-Bordeaux<\/a> (Gironde), <strong>Bruno Lombard<\/strong> vit les voyages par procuration. Ses <strong>quelque 5\u2009000 patients<\/strong> l\u2019adorent et n\u2019h\u00e9sitent pas \u00e0 lui ramener des souvenirs de leurs s\u00e9jours \u00e0 l\u2019\u00e9tranger pour le remercier de se rendre toujours disponible. Peut-\u00eatre m\u00eame trop disponible. Le <strong>m\u00e9decin lib\u00e9ral de 68\u00a0ans<\/strong> ne sait pas dire \u00ab\u2009non\u2009\u00bb et finit parfois ses journ\u00e9es \u00e0 2\u00a0heures du matin parce que sa salle d\u2019attente est encore occup\u00e9e \u00e0 minuit. Sans compter les week-ends. \u00ab\u2009Je suis un peu esclave de mes patients\u2009\u00bb, sourit-il. Un <strong>cas certes extr\u00eame<\/strong> mais loin d\u2019\u00eatre isol\u00e9 et qui inqui\u00e8te quand on sait qu\u2019en Gironde, quasi la moyenne des g\u00e9n\u00e9ralistes ont plus de 55\u00a0ans (<a href=\"https:\/\/www.urpsml-na.org\/observatoire\/la-parole-aux-territoires-la-gironde\/\" target=\"_blank\" rel=\"noopener\">771 sur 1\u2009854 en 2025<\/a>) et envisagent un <a href=\"https:\/\/actu.fr\/tag\/retraite\" target=\"_blank\" rel=\"noopener\">d\u00e9part \u00e0 la retraite<\/a> dans les ann\u00e9es \u00e0 venir. En effet, le <a href=\"https:\/\/actu.fr\/normandie\/amfreville-saint-amand_27011\/dans-le-plus-grand-desert-medical-de-france-les-therapeutes-controverses-supplantent-les-medecins_62428058.html\" target=\"_blank\" rel=\"noopener\">manque de praticiens<\/a> est d\u00e9j\u00e0 criant et devrait s\u2019aggraver dans un futur proche.<\/p>\n<p class=\" wall-content\">Bruno Lombard fait partie de ses professionnels qui songent \u00e0 arr\u00eater leur carri\u00e8re. Il s\u2019est install\u00e9 dans son <strong>cabinet m\u00e9dical en 1984<\/strong>, la propri\u00e9t\u00e9 familiale, o\u00f9 exer\u00e7ait son p\u00e8re avant lui. Ils ont collabor\u00e9 pendant une dizaine d\u2019ann\u00e9es. \u00ab\u2009C\u2019\u00e9tait un <strong>mod\u00e8le pour moi sur le plan m\u00e9dical<\/strong>, il m\u2019a appris \u00e9norm\u00e9ment de choses. Moi, \u00e0 la base, je voulais \u00eatre architecte mais je le voyais pendant des heures exercer une m\u00e9decine rassurante, \u00eatre appr\u00e9ci\u00e9 de ses patients, il m\u2019a donn\u00e9 de l\u2019assurance dans cette voie.\u2009\u00bb<\/p>\n<p>Des semaines plus de 100\u00a0heures<\/p>\n<p class=\" wall-content\">Quand son p\u00e8re \u00e0 la \u00ab\u2009faconde inalt\u00e9rable\u2009\u00bb et \u00e0 \u00ab\u2009la gouaille pagnolesque\u2009\u00bb a d\u00e9marr\u00e9 en 1962, Artigues-pr\u00e8s-Bordeaux comptait moins de 1\u2009000\u00a0habitants mais depuis, avec <strong>l\u2019explosion d\u00e9mographique de la m\u00e9tropole bordelaise<\/strong>, la commune a quasiment multipli\u00e9 par 9 sa population et entre le moment o\u00f9 il s\u2019est install\u00e9 avec son p\u00e8re et 2026, elle a tripl\u00e9. \u00ab\u2009Pourtant, on est pass\u00e9 de quatre g\u00e9n\u00e9ralistes \u00e0 six\u2009\u00bb, pointe Bruno Lombard.<\/p>\n<p class=\" wall-content\">R\u00e9sultat, il se retrouve \u00e0 faire <strong>des semaines \u00e0 plus de 100\u00a0heures<\/strong>. La charge de travail est \u00e9norme. \u00ab\u2009Je fais plus de <strong>2,5x la moyenne d\u00e9partementale<\/strong> en volume d\u2019actes\u2009\u00bb, chiffre-t-il. Mais \u00e7a se paie. Derni\u00e8rement, il a fait deux sorties de route \u00e0 cause de la fatigue. \u00ab\u2009J\u2019ai un moral assez performant, j\u2019encaisse les coups comme mon p\u00e8re\u2009\u00bb, r\u00e9agit-il mais la grande pile de courrier qui s\u2019\u00e9l\u00e8ve depuis son bureau mesure la taille de son surmenage.<\/p>\n<p>    <img   decoding=\"async\" loading=\"lazy\" src=\"https:\/\/www.europesays.com\/fr\/wp-content\/uploads\/2026\/01\/bruno-lombard-2-960x640.jpg\" alt=\"Bruno Lombard est install\u00e9 dans son cabinet depuis 1984.\" width=\"960\" height=\"640\"\/><br \/>\n    Bruno Lombard est install\u00e9 dans son cabinet depuis 1984. (\u00a9Actu Bordeaux \/ Nicolas Gosselin)<\/p>\n<p class=\" wall-content\">Ce d\u00e9vouement sans borne n\u2019encourage pas les jeunes \u00e0 se lancer, en revanche. \u00ab\u2009Oui, les \u00e9tudiants, \u00e7a leur fait peur. Ils voient comment on fonctionne les anciens g\u00e9n\u00e9ralistes et pr\u00e9f\u00e8rent se tourner vers des sp\u00e9cialit\u00e9s. Il y a plus de souplesse sur les horaires\u2009\u00bb, compare Bruno Lombard.<\/p>\n<p class=\" wall-content\">Hermann Neuffer, pr\u00e9sident de la F\u00e9d\u00e9ration des m\u00e9decins de France en Gironde, abonde\u2009: \u00ab\u2009Les jeunes aspirent \u00e0 une vie un peu plus agr\u00e9able. Beaucoup de jeunes femmes ont des enfants, les hommes s\u2019en occupent aussi. C\u2019est <strong>multifactoriel<\/strong>. C\u2019est quasi impossible pour un m\u00e9decin qui travaille seul de trouver successeur. J\u2019ai 63\u00a0ans, je vais partir \u00e0 la retraite aussi. J\u2019ai mis des annonces, il y a un an et je n\u2019ai eu aucune r\u00e9ponse.\u2009\u00bb<\/p>\n<p>Votre r\u00e9gion, votre actu !<\/p>\n<p>Recevez chaque jour les infos qui comptent pour vous.<\/p>\n<p>\t<a href=\"https:\/\/actu.fr\/newsletter\" class=\"ac-btn ac-btn--corner ac-btn--medium ac-btn--blue800\" target=\"_blank\" rel=\"noopener\">S&rsquo;incrire<\/a><br \/>\n\u00ab\u2009Le m\u00e9tier est menac\u00e9\u2009\u00bb<\/p>\n<p class=\" wall-content\">Les m\u00e9decins sortent d\u2019une gr\u00e8ve de deux semaines justement car \u00ab\u2009la profession ne donne pas envie, on nous met <strong>des b\u00e2tons dans les roues\u2009\u00bb<\/strong>, glisse le repr\u00e9sentant syndical, qui se plaint de conditions de travail impos\u00e9es \u00ab\u2009qui se d\u00e9t\u00e9riorent de plus en plus\u2009\u00bb.<\/p>\n<p class=\" wall-content\">\u00ab\u2009Il y a une dizaine d\u2019ann\u00e9es, les \u00e9tudiants cherchaient des remplacements. Ils venaient d\u2019eux-m\u00eames et je les choyais un peu. C\u2019est fini, regrette Bruno Lombard. Je suis inquiet pour l\u2019avenir, les vocations se font rares. On n\u2019est pas au stade des cur\u00e9s mais bon\u2026 Je pense que <strong>le m\u00e9tier est menac\u00e9<\/strong>. Les personnes qui ne viennent pas d\u2019une famille de m\u00e9decins n\u2019ont pas la foi. Beaucoup abandonnent\u2026\u2009\u00bb<\/p>\n<p class=\" wall-content\">\u00ab\u2009Les jeunes, je ne sais pas ce qu\u2019ils deviennent mais beaucoup ne s\u2019inscrivent m\u00eame pas \u00e0 l\u2019Ordre des m\u00e9decins. Ils <strong>sont \u00e9c\u0153ur\u00e9s de la situation<\/strong> et partent sur autre chose avant d\u2019avoir commenc\u00e9 leur carri\u00e8re\u2009\u00bb, \u00e9voque Hermann Neuffer. Dans son cabinet, un \u00e9tudiant en 9e ann\u00e9e de m\u00e9decine travaille \u00e0 ses c\u00f4t\u00e9s en ce moment.<\/p>\n<p class=\" wall-content\">\u00ab\u2009Ce qui fait peur aux futurs m\u00e9decins qui arrivent sur le march\u00e9 du travail, c\u2019est ce monde lib\u00e9ral de plus en plus dur avec des <strong>contraintes compliqu\u00e9es<\/strong> \u00e0 g\u00e9rer. <a href=\"https:\/\/actu.fr\/tag\/securite-sociale\" target=\"_blank\" rel=\"noopener\">La S\u00e9cu<\/a> s\u2019en m\u00eale de plus en plus, elle est davantage sur notre dos. S\u2019installer sur le long terme, \u00e7a fait peur\u2009\u00bb, admet Valentin Dannay, qui envisage de d\u00e9marrer sa carri\u00e8re comme rempla\u00e7ant pour voir \u00ab\u2009\u00e0 droite, \u00e0 gauche, comment \u00e7a se passe\u2009\u00bb.<\/p>\n<p>\u00ab\u2009Si le patient ne repart pas avec le sourire, c\u2019est un \u00e9chec\u2009\u00bb<\/p>\n<p class=\" wall-content\">\u00ab\u2009Maintenant, c\u2019est presque mieux pay\u00e9 et apporte un meilleur confort de vie. C\u2019est du 50\/50 avec le m\u00e9decin titulaire alors que dans les ann\u00e9es 90, c\u2019\u00e9tait que 20\u2009% pour le rempla\u00e7ant. Du coup, les jeunes ne sont plus press\u00e9s pour s\u2019installer\u2009\u00bb, rebondit le syndicaliste et m\u00e9decin \u00e0 Bordeaux Bastide.<\/p>\n<p class=\" wall-content\">Malgr\u00e9 ces avantages, il est d\u00e9j\u00e0 difficile \u00e0 Bruno Lombard de trouver un rempla\u00e7ant. Et il arrive encore moins \u00e0 trouver de repreneur pour partir \u00e0 la retraite.<\/p>\n<blockquote class=\"ac-article-quote wall-content\">\n<p>Je crois que \u00e7a demande trop d&rsquo;investissement personnel pour pas assez de temps libre.<\/p>\n<p>    <strong>Bruno Lombard<\/strong>\n            <\/p><\/blockquote>\n<p class=\" wall-content\">\u00ab\u2009J\u2019ai \u00e9norm\u00e9ment de passions, je me vois bien \u00e0 la retraite mais honn\u00eatement, je ne sais pas ce qu\u2019il va se passer. Je l\u2019aime ce m\u00e9tier, c\u2019est<strong> le plus beau m\u00e9tier du monde<\/strong>. Je l\u2019aime trop pour en avoir ras-le-bol. C\u2019est <strong>gratifiant d\u2019aider les gens<\/strong> et de les avoir qui vous remercient. Certains m\u2019offrent m\u00eame des g\u00e2teaux ou m\u2019invitent pour des \u00e9v\u00e9nements familiaux. Pour moi, si un patient ne repart pas avec le sourire, c\u2019est un \u00e9chec.\u2009\u00bb<\/p>\n<p>    <img   decoding=\"async\" loading=\"lazy\" src=\"https:\/\/www.europesays.com\/fr\/wp-content\/uploads\/2026\/01\/bruno-lombard-7-960x640.jpg\" alt=\"Bruno Lombard envisage de partir \u00e0 la retraite.\" width=\"960\" height=\"640\"\/><br \/>\n    Bruno Lombard envisage de partir \u00e0 la retraite. (\u00a9Actu Bordeaux \/ Nicolas Gosselin)<\/p>\n<p class=\" wall-content\">Il faut dire que le m\u00e9decin g\u00e9n\u00e9raliste d\u2019Artigues-pr\u00e8s-Bordeaux fait tout pour ses patients. Il se d\u00e9place chez eux, parfois \u00e0 pas d\u2019heure, prend des consultations \u00e0 des heures pas croyables et fait m\u00eame des actes gratuits pour les plus d\u00e9munis, dit-il.<\/p>\n<p class=\" wall-content\">\u00ab\u2009Je suis divorc\u00e9, seul, je n\u2019ai pas d\u2019obligation familiale. Je suis <strong>en proie \u00e0 \u00eatre disponible<\/strong>, justifie-t-il. Puis, je ne vais pas partir comme \u00e7a sans avoir trouv\u00e9 un rempla\u00e7ant. Il faut bien faire le m\u00e9tier. J\u2019ai<strong> trop de respect pour mes patients<\/strong> pour b\u00e2cler les choses.\u2009\u00bb<\/p>\n<p class=\" wall-content\">Personnalisez votre actualit\u00e9 en ajoutant vos villes et m\u00e9dias en favori avec <a href=\"https:\/\/moncompte.actu.fr\" title=\"D\u00e9couvez Mon Actu\" rel=\"nofollow noopener\" data-trk=\"{&quot;cta&quot;:{&quot;action&quot;:&quot;https:\\\/\\\/moncompte.actu.fr&quot;,&quot;category&quot;:&quot;mon compte&quot;,&quot;from&quot;:&quot;article footer&quot;,&quot;name&quot;:&quot;Mon actu&quot;,&quot;type&quot;:&quot;cta&quot;}}\" target=\"_blank\">Mon Actu<\/a>.<\/p>\n","protected":false},"excerpt":{"rendered":"Par Nicolas Gosselin Publi\u00e9 le 24 janv. 2026 \u00e0 7h32 \u00ab\u2009Je n\u2019ai pas pris de vacances depuis six&hellip;\n","protected":false},"author":2,"featured_media":687200,"comment_status":"","ping_status":"","sticky":false,"template":"","format":"standard","meta":{"footnotes":""},"categories":[2817],"tags":[1111,11,1997,16029,1777,674,1011,27,2673,12,2219,25,71,104],"class_list":{"0":"post-687199","1":"post","2":"type-post","3":"status-publish","4":"format-standard","5":"has-post-thumbnail","7":"category-bordeaux","8":"tag-actu","9":"tag-actualites","10":"tag-bordeaux","11":"tag-desertification-medicale","12":"tag-eu","13":"tag-europe","14":"tag-fr","15":"tag-france","16":"tag-medecins","17":"tag-news","18":"tag-nouvelle-aquitaine","19":"tag-republique-francaise","20":"tag-sante","21":"tag-societe"},"share_on_mastodon":{"url":"https:\/\/pubeurope.com\/@fr\/115953091506101269","error":""},"_links":{"self":[{"href":"https:\/\/www.europesays.com\/fr\/wp-json\/wp\/v2\/posts\/687199","targetHints":{"allow":["GET"]}}],"collection":[{"href":"https:\/\/www.europesays.com\/fr\/wp-json\/wp\/v2\/posts"}],"about":[{"href":"https:\/\/www.europesays.com\/fr\/wp-json\/wp\/v2\/types\/post"}],"author":[{"embeddable":true,"href":"https:\/\/www.europesays.com\/fr\/wp-json\/wp\/v2\/users\/2"}],"replies":[{"embeddable":true,"href":"https:\/\/www.europesays.com\/fr\/wp-json\/wp\/v2\/comments?post=687199"}],"version-history":[{"count":0,"href":"https:\/\/www.europesays.com\/fr\/wp-json\/wp\/v2\/posts\/687199\/revisions"}],"wp:featuredmedia":[{"embeddable":true,"href":"https:\/\/www.europesays.com\/fr\/wp-json\/wp\/v2\/media\/687200"}],"wp:attachment":[{"href":"https:\/\/www.europesays.com\/fr\/wp-json\/wp\/v2\/media?parent=687199"}],"wp:term":[{"taxonomy":"category","embeddable":true,"href":"https:\/\/www.europesays.com\/fr\/wp-json\/wp\/v2\/categories?post=687199"},{"taxonomy":"post_tag","embeddable":true,"href":"https:\/\/www.europesays.com\/fr\/wp-json\/wp\/v2\/tags?post=687199"}],"curies":[{"name":"wp","href":"https:\/\/api.w.org\/{rel}","templated":true}]}}