{"id":68724,"date":"2025-05-02T06:56:08","date_gmt":"2025-05-02T06:56:08","guid":{"rendered":"https:\/\/www.europesays.com\/fr\/68724\/"},"modified":"2025-05-02T06:56:08","modified_gmt":"2025-05-02T06:56:08","slug":"un-responsable-europeen-prudent-quant-aux-perspectives-dadhesion-de-larmenie-nouvelles-darmenie-en-ligne","status":"publish","type":"post","link":"https:\/\/www.europesays.com\/fr\/68724\/","title":{"rendered":"Un responsable europ\u00e9en prudent quant aux perspectives d&rsquo;adh\u00e9sion de l&rsquo;Arm\u00e9nie &#8211; Nouvelles d&rsquo;Arm\u00e9nie en Ligne"},"content":{"rendered":"<p>Un haut responsable de l\u2019Union europ\u00e9enne s\u2019est montr\u00e9 prudent quant aux efforts d\u00e9ploy\u00e9s par l\u2019Arm\u00e9nie pour adh\u00e9rer \u00e0 terme \u00e0 l\u2019UE.<\/p>\n<p>Le gouvernement arm\u00e9nien a approuv\u00e9 en janvier un projet de loi d\u00e9clarant \u00ab le lancement du processus d\u2019adh\u00e9sion de l\u2019Arm\u00e9nie \u00e0 l\u2019Union europ\u00e9enne \u00bb et l\u2019a fait adopter par le Parlement trois mois plus tard. Les responsables gouvernementaux ont soulign\u00e9 qu\u2019il ne s\u2019agissait pas d\u2019une demande d\u2019adh\u00e9sion \u00e0 l\u2019UE. Les intentions de Erevan restent floues.<\/p>\n<p>Dans une interview accord\u00e9e \u00e0 RFE\/RL, la commissaire europ\u00e9enne \u00e0 l\u2019\u00e9largissement, Marta Kos, a refus\u00e9 de dire si Bruxelles accueillerait favorablement une telle demande.<\/p>\n<p>\u00ab Ce qui s\u2019est pass\u00e9 au Parlement arm\u00e9nien montre que l\u2019efficacit\u00e9 de l\u2019UE est plus grande qu\u2019auparavant \u00bb, a-t-elle d\u00e9clar\u00e9. \u00ab Il y a deux conditions pour qu\u2019un pays puisse pr\u00e9senter sa candidature : il doit \u00eatre un \u00c9tat et il doit \u00eatre un \u00c9tat europ\u00e9en. Nous n\u2019avons pas encore re\u00e7u la demande [d\u2019adh\u00e9sion], mais nous verrons bien. \u00bb<\/p>\n<p>La Russie a averti \u00e0 plusieurs reprises que les efforts continus de l\u2019Arm\u00e9nie pour adh\u00e9rer \u00e0 l\u2019UE \u00e9taient \u00ab incompatibles \u00bb avec son appartenance \u00e0 l\u2019Union \u00e9conomique eurasienne (UEE), un bloc commercial dirig\u00e9 par la Russie. Elle a d\u00e9clar\u00e9 que ce pays du Caucase du Sud risquait de perdre son acc\u00e8s en franchise de droits au vaste march\u00e9 russe et de devoir payer beaucoup plus cher le gaz naturel et les denr\u00e9es alimentaires russes.<\/p>\n<p>Un haut responsable du minist\u00e8re russe des Affaires \u00e9trang\u00e8res, Mikael Agasandian, a r\u00e9it\u00e9r\u00e9 ces avertissements dans une interview accord\u00e9e \u00e0 l\u2019agence de presse RIA Novosti et publi\u00e9e jeudi.<\/p>\n<p>\u00ab La loi sur le lancement du processus d\u2019adh\u00e9sion \u00e0 l\u2019UE adopt\u00e9e dans la r\u00e9publique le 4 avril a un caract\u00e8re d\u00e9claratoire et ne sugg\u00e8re actuellement aucune mesure concr\u00e8te qui remette en cause l\u2019adh\u00e9sion de l\u2019Arm\u00e9nie \u00e0 l\u2019UEE \u00bb, a d\u00e9clar\u00e9 M. Agasandian. \u00ab Cependant, il est \u00e9vident qu\u2019\u00e0 un certain stade d\u2019un tel rapprochement, les exigences de Bruxelles \u2013 qui font in\u00e9vitablement partie de la \u00ab voie europ\u00e9enne \u00bb \u2013 entreront en conflit avec les engagements pris par Erevan dans le cadre de l\u2019Union. Nous parlons ici de domaines tels que les douanes, les tarifs douaniers et la r\u00e9glementation technique, la politique commerciale, les mesures sanitaires et phytosanitaires. \u00bb<\/p>\n<p>\u00ab Si Erevan prenait malgr\u00e9 tout des mesures contraires au droit de l\u2019UEE \u2013 ce qui, selon nous, ne se produira pas \u2013 et, en d\u2019autres termes, violait le trait\u00e9 [fondateur] de l\u2019UEE, nous disposons des m\u00e9canismes juridiques internationaux n\u00e9cessaires pour prot\u00e9ger les int\u00e9r\u00eats des autres \u00c9tats membres \u00bb, a-t-il d\u00e9clar\u00e9.<\/p>\n<p>La Russie repr\u00e9sentait plus de 41 % du commerce ext\u00e9rieur de l\u2019Arm\u00e9nie l\u2019ann\u00e9e derni\u00e8re, contre 7,7 % pour l\u2019UE.<\/p>\n<p>\u00a0<\/p>\n<p class=\"p2\">Reprinted with permission from\u00a0RFE\/RL\u00a0Copyright(c)2007 Radio Free Europe \/ Radio Liberty, Inc.1201 Connecticut Ave, t\u00a0N.W.\u00a0Washington\u00a0DC\u00a0200<\/p>\n","protected":false},"excerpt":{"rendered":"Un haut responsable de l\u2019Union europ\u00e9enne s\u2019est montr\u00e9 prudent quant aux efforts d\u00e9ploy\u00e9s par l\u2019Arm\u00e9nie pour adh\u00e9rer \u00e0&hellip;\n","protected":false},"author":2,"featured_media":68725,"comment_status":"","ping_status":"","sticky":false,"template":"","format":"standard","meta":{"footnotes":""},"categories":[1586],"tags":[15148,11,312,1777,674,1779,1011,27,12,25,1778,364],"class_list":{"0":"post-68724","1":"post","2":"type-post","3":"status-publish","4":"format-standard","5":"has-post-thumbnail","7":"category-europe","8":"tag-04-la-quatre","9":"tag-actualites","10":"tag-diplomatie","11":"tag-eu","12":"tag-europe","13":"tag-european-union","14":"tag-fr","15":"tag-france","16":"tag-news","17":"tag-republique-francaise","18":"tag-ue","19":"tag-union-europeenne"},"share_on_mastodon":{"url":"https:\/\/pubeurope.com\/@fr\/114436937132001607","error":""},"_links":{"self":[{"href":"https:\/\/www.europesays.com\/fr\/wp-json\/wp\/v2\/posts\/68724","targetHints":{"allow":["GET"]}}],"collection":[{"href":"https:\/\/www.europesays.com\/fr\/wp-json\/wp\/v2\/posts"}],"about":[{"href":"https:\/\/www.europesays.com\/fr\/wp-json\/wp\/v2\/types\/post"}],"author":[{"embeddable":true,"href":"https:\/\/www.europesays.com\/fr\/wp-json\/wp\/v2\/users\/2"}],"replies":[{"embeddable":true,"href":"https:\/\/www.europesays.com\/fr\/wp-json\/wp\/v2\/comments?post=68724"}],"version-history":[{"count":0,"href":"https:\/\/www.europesays.com\/fr\/wp-json\/wp\/v2\/posts\/68724\/revisions"}],"wp:featuredmedia":[{"embeddable":true,"href":"https:\/\/www.europesays.com\/fr\/wp-json\/wp\/v2\/media\/68725"}],"wp:attachment":[{"href":"https:\/\/www.europesays.com\/fr\/wp-json\/wp\/v2\/media?parent=68724"}],"wp:term":[{"taxonomy":"category","embeddable":true,"href":"https:\/\/www.europesays.com\/fr\/wp-json\/wp\/v2\/categories?post=68724"},{"taxonomy":"post_tag","embeddable":true,"href":"https:\/\/www.europesays.com\/fr\/wp-json\/wp\/v2\/tags?post=68724"}],"curies":[{"name":"wp","href":"https:\/\/api.w.org\/{rel}","templated":true}]}}