{"id":68728,"date":"2025-05-02T06:58:08","date_gmt":"2025-05-02T06:58:08","guid":{"rendered":"https:\/\/www.europesays.com\/fr\/68728\/"},"modified":"2025-05-02T06:58:08","modified_gmt":"2025-05-02T06:58:08","slug":"de-aphatie-a-plenel-en-passant-par-rousseau-labecedaire-des-woke-francais","status":"publish","type":"post","link":"https:\/\/www.europesays.com\/fr\/68728\/","title":{"rendered":"De Aphatie \u00e0 Plenel, en passant par Rousseau, l\u2019ab\u00e9c\u00e9daire des woke fran\u00e7ais"},"content":{"rendered":"<p data-module=\"fig-standfirst\" data-context=\"@media (min-width:48em)\">De l\u2019historien Patrick Boucheron \u00e0 la d\u00e9put\u00e9e Sandrine Rousseau, en passant par l\u2019ex-footballeur Lilian Thuram ou encore le prix Nobel de litt\u00e9rature Annie Ernaux, panorama des personnalit\u00e9s qui incarnent le wokisme en France.<\/p>\n<p>Les mandarins du Coll\u00e8ge de France&#8230;<\/p>\n<p class=\"fig-paragraph fig-paragraph--dropped\">R\u00e9inventeur officiel du roman national \u00ab version multicolore\u00a0\u00bb,\u00a0<a href=\"http:\/\/www.lefigaro.fr\/culture\/paulin-cesari-patrick-boucheron-prince-des-tenebres-woke-20250323\" data-fig-type=\"Article\" data-gtm-custom-categorie=\"navigation\" data-gtm-custom-action=\"crossclick\" data-gtm-custom-label=\"Contextuel\" data-gtm-event=\"customEventSPE\" data-fig-domain=\"LEFIGARO\" target=\"_blank\" rel=\"noopener\">Patrick Boucheron\u00a0<\/a>pr\u00e9f\u00e8re raconter l\u2019histoire de France vue depuis Tombouctou ou Palerme. Sa grande passion\u00a0? Faire de l\u2019oubli du pass\u00e9 une m\u00e9thode historique. Assistant \u00ab metteur en Seine\u00a0\u00bb d\u2019Anne Hidlago pour\u00a0<a href=\"http:\/\/etudiant.lefigaro.fr\/article\/etudes\/thierry-reboul-coordinateur-des-ceremonies-des-jo-2024-la-creativite-est-une-excellente-facon-de-reussir-dans-l-evenementiel-20250309\/\" data-fig-type=\"Article\" data-gtm-custom-categorie=\"navigation\" data-gtm-custom-action=\"crossclick\" data-gtm-custom-label=\"Contextuel\" data-gtm-event=\"customEventSPE\" data-fig-domain=\"ETUDIANT\" target=\"_blank\" rel=\"noopener\">la c\u00e9r\u00e9monie des JO<\/a>, pens\u00e9e comme un contre-Puy du Fou.<\/p>\n<p>    Patrick Boucheron<br \/>\n                Marta Perez \/ EPA<\/p>\n<p class=\"fig-paragraph fig-paragraph--dropped\">Titulaire de la chaire \u00ab Migrations et soci\u00e9t\u00e9\u00a0\u00bb au Coll\u00e8ge de France, Fran\u00e7ois H\u00e9ran est le grand pr\u00eatre de l\u2019immigration heureuse. Il voit dans chaque nouveau flux migratoire une aubaine statistique, et dans toute inqui\u00e9tude populaire, un manque d\u2019\u00e9ducation aux chiffres. Un d\u00e9mographe qui fait rimer science avec morale \u2013 version ONG.<\/p>\n<p>    Fran\u00e7ois H\u00e9ran<br \/>\n                S\u00e9bastien SORIANO\/ Le Figaro<\/p>\n<p>&#8230; ceux qui en r\u00eavent<\/p>\n<p class=\"fig-paragraph fig-paragraph--dropped\">Professeure en Sorbonne et mandarin.e \u00e0 plein temps, Sandra Laugier est sp\u00e9cialiste du genre, du care, du quotidien et, accessoirement, de philosophie. Elle recycle Butler \u00e0 toutes les sauces, m\u00eame quand on parle d\u2019\u00e9cologie. L\u2019air du temps en guise de boussole.<\/p>\n<p>    Sandra Laugier<br \/>\n                sdp<\/p>\n<p>Sous influence am\u00e9ricaine<\/p>\n<p class=\"fig-paragraph fig-paragraph--dropped\">A publi\u00e9 en 1990 l\u2019ouvrage Trouble dans le genre, dans\u2026<\/p>\n<p class=\"fig-premium-paywall__infos\">\n        Cet article est r\u00e9serv\u00e9 aux abonn\u00e9s.        Il vous reste 83% \u00e0 d\u00e9couvrir.\n    <\/p>\n<p>                <img  data- alt=\"Le Figaro\" class=\"fig-img--complete fig-img\"\/><\/p>\n<p class=\"fig-premium-paywall__title\">Je m&rsquo;informe, je m&rsquo;inspire, je m&rsquo;abonne.<\/p>\n<p class=\"fig-premium-paywall__subtitle\">D\u00e9couvrez notre offre de bienvenue.<\/p>\n<p class=\"fig-premium-paywall__connect\">\n                D\u00e9j\u00e0 abonn\u00e9\u00a0?                <a class=\"fig-premium-paywall__connect-link\" href=\"https:\/\/connect.lefigaro.fr\/login?client=horizon_web&amp;type=main&amp;redirect_uri=https%3A%2F%2Fwww.lefigaro.fr%2Factualite-france%2Fde-aphatie-a-plenel-en-passant-par-rousseau-l-abecedaire-des-woke-francais-20250502\" data-js-gtm=\"{&quot;customCategorie&quot;: &quot;conversion&quot;, &quot;customAction&quot;: &quot;before_Landing_Connexion_paywall_auto&quot;, &quot;customLabel&quot;: &quot;bGVmaWdhcm8uZnJfXzFmMDI1OWY0LWFkOTItNjc5ZS05OGI3LTg3NDM4ZWU4NjVkM19fQXJ0aWNsZQ==_De Aphatie \u00e0 Plenel, en passant par Rousseau, l\u2019ab\u00e9c\u00e9daire des woke fran\u00e7ais_52&quot;, &quot;customIDSPE&quot;: &quot;bGVmaWdhcm8uZnJfXzFmMDI1OWY0LWFkOTItNjc5ZS05OGI3LTg3NDM4ZWU4NjVkM19fQXJ0aWNsZQ==&quot;, &quot;event&quot;: &quot;customEventSPE&quot;}\" target=\"_blank\" rel=\"noopener\"><br \/>\n                    Connectez-vous<br \/>\n                <\/a>\n            <\/p>\n","protected":false},"excerpt":{"rendered":"De l\u2019historien Patrick Boucheron \u00e0 la d\u00e9put\u00e9e Sandrine Rousseau, en passant par l\u2019ex-footballeur Lilian Thuram ou encore le&hellip;\n","protected":false},"author":2,"featured_media":68729,"comment_status":"","ping_status":"","sticky":false,"template":"","format":"standard","meta":{"footnotes":""},"categories":[2],"tags":[47,1058,1054,1059,1060,1055,11,1057,118,1011,27,1061,303,12,1062,25,656,104,1056,809,2591,4477],"class_list":{"0":"post-68728","1":"post","2":"type-post","3":"status-publish","4":"format-standard","5":"has-post-thumbnail","7":"category-actualites","8":"tag-actualite","9":"tag-actualite-education","10":"tag-actualite-france","11":"tag-actualite-justice","12":"tag-actualite-securite","13":"tag-actualite-societe","14":"tag-actualites","15":"tag-education","16":"tag-faits-divers","17":"tag-fr","18":"tag-france","19":"tag-immigration","20":"tag-justice","21":"tag-news","22":"tag-polemique","23":"tag-republique-francaise","24":"tag-securite","25":"tag-societe","26":"tag-societe-francaise","27":"tag-violence","28":"tag-woke","29":"tag-wokisme"},"share_on_mastodon":{"url":"https:\/\/pubeurope.com\/@fr\/114436945046969326","error":""},"_links":{"self":[{"href":"https:\/\/www.europesays.com\/fr\/wp-json\/wp\/v2\/posts\/68728","targetHints":{"allow":["GET"]}}],"collection":[{"href":"https:\/\/www.europesays.com\/fr\/wp-json\/wp\/v2\/posts"}],"about":[{"href":"https:\/\/www.europesays.com\/fr\/wp-json\/wp\/v2\/types\/post"}],"author":[{"embeddable":true,"href":"https:\/\/www.europesays.com\/fr\/wp-json\/wp\/v2\/users\/2"}],"replies":[{"embeddable":true,"href":"https:\/\/www.europesays.com\/fr\/wp-json\/wp\/v2\/comments?post=68728"}],"version-history":[{"count":0,"href":"https:\/\/www.europesays.com\/fr\/wp-json\/wp\/v2\/posts\/68728\/revisions"}],"wp:featuredmedia":[{"embeddable":true,"href":"https:\/\/www.europesays.com\/fr\/wp-json\/wp\/v2\/media\/68729"}],"wp:attachment":[{"href":"https:\/\/www.europesays.com\/fr\/wp-json\/wp\/v2\/media?parent=68728"}],"wp:term":[{"taxonomy":"category","embeddable":true,"href":"https:\/\/www.europesays.com\/fr\/wp-json\/wp\/v2\/categories?post=68728"},{"taxonomy":"post_tag","embeddable":true,"href":"https:\/\/www.europesays.com\/fr\/wp-json\/wp\/v2\/tags?post=68728"}],"curies":[{"name":"wp","href":"https:\/\/api.w.org\/{rel}","templated":true}]}}