{"id":687293,"date":"2026-01-25T02:25:26","date_gmt":"2026-01-25T02:25:26","guid":{"rendered":"https:\/\/www.europesays.com\/fr\/687293\/"},"modified":"2026-01-25T02:25:26","modified_gmt":"2026-01-25T02:25:26","slug":"les-previsions-maussades-avec-de-la-neige-a-louest","status":"publish","type":"post","link":"https:\/\/www.europesays.com\/fr\/687293\/","title":{"rendered":"les pr\u00e9visions maussades avec de la neige \u00e0 l&rsquo;ouest"},"content":{"rendered":"<p>                    Par<br \/>\n        <strong><br \/>\n            <a href=\"https:\/\/actu.fr\/auteur\/ugo-maillard\" title=\"Consulter tous les articles de Ugo Maillard\" target=\"_blank\" rel=\"noopener\">Ugo Maillard<\/a><br \/>\n                    <\/strong><\/p>\n<p>        Publi\u00e9 le<\/p>\n<p>            22 janv. 2026 \u00e0 7h16        <\/p>\n<p>D\u2019une journ\u00e9e de mercredi ensoleill\u00e9e accompagn\u00e9e de temp\u00e9ratures douces pour la saison \u00e0 un temps maussade. Les pr\u00e9visions m\u00e9t\u00e9orologiques pour la ville de <a href=\"https:\/\/actu.fr\/nice\/\" target=\"_blank\" rel=\"noopener\">Nice<\/a> et le d\u00e9partement des <a href=\"https:\/\/actu.fr\/provence-alpes-cote-d-azur\/alpes-maritimes_06\" target=\"_blank\" rel=\"noopener\">Alpes-Maritimes<\/a> indiquent que la fin de semaine, du jeudi\u00a022 au dimanche 25\u00a0janvier 2026, sera marqu\u00e9e par des <strong>averses.<\/strong><\/p>\n<p class=\" wall-content\">On fait le point sur la m\u00e9t\u00e9o de la C\u00f4te d\u2019Azur dans les prochaines heures.<\/p>\n<p>Des flocons \u00e0 l\u2019ouest<\/p>\n<p class=\" wall-content\">\u00c0 partir du jeudi 22\u00a0janvier, le ciel va se couvrir \u00e0 Nice et sur le littoral des Alpes-Maritimes. Une situation qui sera similaire sur l\u2019ensemble du d\u00e9partement. En cours de soir\u00e9e, quelques gouttes, voire des <strong>flocons<\/strong>, sont annonc\u00e9es sur l\u2019ouest, dans le secteur de Saint-Auban.<\/p>\n<p>    <a href=\"https:\/\/www.google.com\/maps\/embed?pb=!1m18!1m12!1m3!1d312027.3398368635!2d6.66620374742523!3d43.75008354895803!2m3!1f0!2f0!3f0!3m2!1i1024!2i768!4f13.1!3m3!1m2!1s0x12cc15bdbd0b7e1f%3A0xa55967cf9f7f6137!2s06850%20Saint-Auban!5e0!3m2!1sfr!2sfr!4v1769009204064!5m2!1sfr!2sfr\" title=\"Ouvrie le lien\" target=\"_blank\" rel=\"noopener\">Cliquez ici pour visualiser le contenu<\/a><\/p>\n<p>Vigilance jaune avalanche<\/p>\n<p>\u00c0 l&rsquo;instar du d\u00e9but de la semaine, M\u00e9t\u00e9o France place le d\u00e9partement en vigilance jaune pour un risque d&rsquo;avalanche sur les massifs alpins.<\/p>\n<p>De la pluie en fin de semaine<\/p>\n<p class=\" wall-content\">\u00c0 Nice, les premi\u00e8res gouttes devraient faire leur apparition dans la matin\u00e9e du vendredi 23\u00a0janvier. Au fur et \u00e0 mesure de la journ\u00e9e, l\u2019intensit\u00e9 devrait augmenter avec des<strong> averses soutenues en fin d\u2019apr\u00e8s-midi<\/strong>.<\/p>\n<p class=\" wall-content\">Ces conditions m\u00e9t\u00e9orologiques pluvieuses vont perdurer les journ\u00e9es de samedi et de dimanche avec un retour d\u2019un temps ensoleill\u00e9 lundi prochain.<\/p>\n<p>Votre r\u00e9gion, votre actu !<\/p>\n<p>Recevez chaque jour les infos qui comptent pour vous.<\/p>\n<p>\t<a href=\"https:\/\/actu.fr\/newsletter\" class=\"ac-btn ac-btn--corner ac-btn--medium ac-btn--blue800\" target=\"_blank\" rel=\"noopener\">S&rsquo;incrire<\/a><\/p>\n<p class=\" wall-content\">C\u00f4t\u00e9 temp\u00e9rature, les valeurs devraient \u00eatre en accord avec les moyennes de saison puisque le thermom\u00e8tre affichera entre 6 et 14\u00b0C.<\/p>\n<p class=\" wall-content\">Personnalisez votre actualit\u00e9 en ajoutant vos villes et m\u00e9dias en favori avec <a href=\"https:\/\/moncompte.actu.fr\" title=\"D\u00e9couvez Mon Actu\" rel=\"nofollow noopener\" data-trk=\"{&quot;cta&quot;:{&quot;action&quot;:&quot;https:\\\/\\\/moncompte.actu.fr&quot;,&quot;category&quot;:&quot;mon compte&quot;,&quot;from&quot;:&quot;article footer&quot;,&quot;name&quot;:&quot;Mon actu&quot;,&quot;type&quot;:&quot;cta&quot;}}\" target=\"_blank\">Mon Actu<\/a>.<\/p>\n","protected":false},"excerpt":{"rendered":"Par Ugo Maillard Publi\u00e9 le 22 janv. 2026 \u00e0 7h16 D\u2019une journ\u00e9e de mercredi ensoleill\u00e9e accompagn\u00e9e de temp\u00e9ratures&hellip;\n","protected":false},"author":2,"featured_media":24771,"comment_status":"","ping_status":"","sticky":false,"template":"","format":"standard","meta":{"footnotes":""},"categories":[2819],"tags":[1111,11,1777,674,1011,27,2487,2357,12,2401,4459,882,25],"class_list":{"0":"post-687293","1":"post","2":"type-post","3":"status-publish","4":"format-standard","5":"has-post-thumbnail","7":"category-nice","8":"tag-actu","9":"tag-actualites","10":"tag-eu","11":"tag-europe","12":"tag-fr","13":"tag-france","14":"tag-meteo","15":"tag-meteo-france","16":"tag-news","17":"tag-nice","18":"tag-pluie","19":"tag-provence-alpes-cote-dazur","20":"tag-republique-francaise"},"share_on_mastodon":{"url":"https:\/\/pubeurope.com\/@fr\/115953370603228125","error":""},"_links":{"self":[{"href":"https:\/\/www.europesays.com\/fr\/wp-json\/wp\/v2\/posts\/687293","targetHints":{"allow":["GET"]}}],"collection":[{"href":"https:\/\/www.europesays.com\/fr\/wp-json\/wp\/v2\/posts"}],"about":[{"href":"https:\/\/www.europesays.com\/fr\/wp-json\/wp\/v2\/types\/post"}],"author":[{"embeddable":true,"href":"https:\/\/www.europesays.com\/fr\/wp-json\/wp\/v2\/users\/2"}],"replies":[{"embeddable":true,"href":"https:\/\/www.europesays.com\/fr\/wp-json\/wp\/v2\/comments?post=687293"}],"version-history":[{"count":0,"href":"https:\/\/www.europesays.com\/fr\/wp-json\/wp\/v2\/posts\/687293\/revisions"}],"wp:featuredmedia":[{"embeddable":true,"href":"https:\/\/www.europesays.com\/fr\/wp-json\/wp\/v2\/media\/24771"}],"wp:attachment":[{"href":"https:\/\/www.europesays.com\/fr\/wp-json\/wp\/v2\/media?parent=687293"}],"wp:term":[{"taxonomy":"category","embeddable":true,"href":"https:\/\/www.europesays.com\/fr\/wp-json\/wp\/v2\/categories?post=687293"},{"taxonomy":"post_tag","embeddable":true,"href":"https:\/\/www.europesays.com\/fr\/wp-json\/wp\/v2\/tags?post=687293"}],"curies":[{"name":"wp","href":"https:\/\/api.w.org\/{rel}","templated":true}]}}