{"id":687308,"date":"2026-01-25T02:38:21","date_gmt":"2026-01-25T02:38:21","guid":{"rendered":"https:\/\/www.europesays.com\/fr\/687308\/"},"modified":"2026-01-25T02:38:21","modified_gmt":"2026-01-25T02:38:21","slug":"deux-nouveaux-tgv-au-depart-de-marseille-et-a-destination-de-lest-de-la-france","status":"publish","type":"post","link":"https:\/\/www.europesays.com\/fr\/687308\/","title":{"rendered":"deux nouveaux TGV au d\u00e9part de Marseille et \u00e0 destination de l&rsquo;Est de la France"},"content":{"rendered":"<p>Dans un communiqu\u00e9, la SNCF annonce que deux <a href=\"https:\/\/www.laprovence.com\/article\/economie\/6333241618452714\/tgv-inoui-comment-comprendre-la-nouvelle-numerotation-des-sieges-mise-en-place-par-la-sncf\" target=\"_blank\" rel=\"noopener\">nouveaux Ouigo<\/a>, au d\u00e9part de Marseille, seront mis en circulation <strong>d\u00e8s d\u00e9cembre 2026<\/strong>.<\/p>\n<p>Il s&rsquo;agit de <strong>Strasbourg-Marseille<\/strong>\u202f: \u00ab\u00a0Un nouveau OUIGO Strasbourg-Marseille permettra, selon la SNCF, une forte augmentation de places offertes par rapport \u00e0 l&rsquo;existant.\u00a0\u00bb<\/p>\n<p>Ce sera une nouvelle liaison quotidienne. Le temps de trajet est estim\u00e9 autour de 6 heures. Il y a aura plusieurs arr\u00eats : \u00ab\u00a0Colmar, Mulhouse, Belfort-Montb\u00e9liard TGV, Besan\u00e7on Franche-Comt\u00e9 TGV, Dijon Ville, Lyon Part-Dieu, <strong>Avignon TGV et Aix-en-Provence TGV\u00a0\u00bb<\/strong>, pr\u00e9cise l&rsquo;entreprise publique.<\/p>\n<p>Une \u00ab\u00a0offre TGV Inoui <strong>au d\u00e9part de Nancy<\/strong> vers Marseille sera par ailleurs mise en place les week-ends et pendant les vacances d&rsquo;\u00e9t\u00e9 et de No\u00ebl, ajoute la SNCF dans la missive.\u00a0\u00bb Et ce \u00ab\u00a0en remplacement de l&rsquo;actuel TGV Inoui Nancy-Nice.\u00a0\u00bb<\/p>\n","protected":false},"excerpt":{"rendered":"Dans un communiqu\u00e9, la SNCF annonce que deux nouveaux Ouigo, au d\u00e9part de Marseille, seront mis en circulation&hellip;\n","protected":false},"author":2,"featured_media":687309,"comment_status":"","ping_status":"","sticky":false,"template":"","format":"standard","meta":{"footnotes":""},"categories":[2814],"tags":[5734,1111,11,3985,10009,4070,1777,674,1011,27,884,12,2845,882,16,25,2215,2214],"class_list":{"0":"post-687308","1":"post","2":"type-post","3":"status-publish","4":"format-standard","5":"has-post-thumbnail","7":"category-marseille","8":"tag-5734","9":"tag-actu","10":"tag-actualites","11":"tag-depart","12":"tag-destination","13":"tag-deux","14":"tag-eu","15":"tag-europe","16":"tag-fr","17":"tag-france","18":"tag-marseille","19":"tag-news","20":"tag-nouveaux","21":"tag-provence-alpes-cote-dazur","22":"tag-region","23":"tag-republique-francaise","24":"tag-sncf","25":"tag-tgv"},"share_on_mastodon":{"url":"https:\/\/pubeurope.com\/@fr\/115953421702833155","error":""},"_links":{"self":[{"href":"https:\/\/www.europesays.com\/fr\/wp-json\/wp\/v2\/posts\/687308","targetHints":{"allow":["GET"]}}],"collection":[{"href":"https:\/\/www.europesays.com\/fr\/wp-json\/wp\/v2\/posts"}],"about":[{"href":"https:\/\/www.europesays.com\/fr\/wp-json\/wp\/v2\/types\/post"}],"author":[{"embeddable":true,"href":"https:\/\/www.europesays.com\/fr\/wp-json\/wp\/v2\/users\/2"}],"replies":[{"embeddable":true,"href":"https:\/\/www.europesays.com\/fr\/wp-json\/wp\/v2\/comments?post=687308"}],"version-history":[{"count":0,"href":"https:\/\/www.europesays.com\/fr\/wp-json\/wp\/v2\/posts\/687308\/revisions"}],"wp:featuredmedia":[{"embeddable":true,"href":"https:\/\/www.europesays.com\/fr\/wp-json\/wp\/v2\/media\/687309"}],"wp:attachment":[{"href":"https:\/\/www.europesays.com\/fr\/wp-json\/wp\/v2\/media?parent=687308"}],"wp:term":[{"taxonomy":"category","embeddable":true,"href":"https:\/\/www.europesays.com\/fr\/wp-json\/wp\/v2\/categories?post=687308"},{"taxonomy":"post_tag","embeddable":true,"href":"https:\/\/www.europesays.com\/fr\/wp-json\/wp\/v2\/tags?post=687308"}],"curies":[{"name":"wp","href":"https:\/\/api.w.org\/{rel}","templated":true}]}}