{"id":687335,"date":"2026-01-25T02:54:10","date_gmt":"2026-01-25T02:54:10","guid":{"rendered":"https:\/\/www.europesays.com\/fr\/687335\/"},"modified":"2026-01-25T02:54:10","modified_gmt":"2026-01-25T02:54:10","slug":"plus-rien-ne-sera-desormais-comme-avant-leurope-apres-trump","status":"publish","type":"post","link":"https:\/\/www.europesays.com\/fr\/687335\/","title":{"rendered":"\u00ab\u202fPlus rien ne sera d\u00e9sormais comme avant\u202f\u00bb : L\u2019Europe apr\u00e8s Trump"},"content":{"rendered":"<p>\u00ab\u202fIls diront qu\u2019ils ont envoy\u00e9 des troupes en Afghanistan\u2026 et c\u2019est vrai, mais ils sont rest\u00e9s un peu en retrait.\u202f\u00bb Invit\u00e9 jeudi 22 de la cha\u00eene conservatrice Fox News, <a href=\"https:\/\/www.google.com\/url?client=internal-element-cse&amp;cx=7224492ce357c42ad&amp;q=https:\/\/www.latribune.fr\/article\/economie\/international\/1812776439756814\/trump-menace-le-canada-de-droits-de-douane-a-100&amp;sa=U&amp;ved=2ahUKEwiB-ZD8i6WSAxVNR_EDHRkkHDYQFnoECAcQAg&amp;usg=AOvVaw0GP4HYzSHF1N265RM6jSRu\" target=\"_blank\" rel=\"noopener\">Donald Trump<\/a> s\u2019est exprim\u00e9 sur sa relation avec ses alli\u00e9s de l\u2019Otan comme s\u2019il n\u2019avait retenu aucune le\u00e7on de leurs r\u00e9actions \u00e0 son discours de <a href=\"https:\/\/www.google.com\/url?client=internal-element-cse&amp;cx=7224492ce357c42ad&amp;q=https:\/\/www.latribune.fr\/article\/economie\/international\/71571723266676\/a-davos-le-patron-du-fonds-d-investissement-citadel-critique-la-politique-de-trump&amp;sa=U&amp;ved=2ahUKEwje4rWGjKWSAxUkOPsDHQBRMNwQFnoECAEQAg&amp;usg=AOvVaw162DtRvlRsbwn3WXwouINV\" target=\"_blank\" rel=\"noopener\">Davos<\/a>. Comme si le millier de soldats europ\u00e9ens et canadiens tomb\u00e9s en affrontant les talibans pendant vingt ans \u00e9tait \u00e0 ses yeux anecdotique. Une fois de plus, la Premi\u00e8re ministre danoise, Mette Frederiksen, a d\u00fb garder son calme.<\/p>\n<p>\u00ab\u202fJe comprends totalement que les anciens combattants danois n\u2019aient pas assez de mots pour dire \u00e0 quel point ils sont bless\u00e9s\u202f\u00bb par les commentaires de Donald Trump, a confi\u00e9 celle qui est la cible de toutes les gifles verbales du \u00ab\u202fharceleur en chef\u202f\u00bb, pour reprendre l\u2019expression du commentateur Scott Bolden. Proportionnellement \u00e0 la population de leur pays, les Danois, avec 43 morts, ont subi autant de pertes que les \u00c9tats-Unis avec 2\u2009461\u202ffantassins am\u00e9ricains morts en mission en Afghanistan. Est-ce ainsi que des alli\u00e9s historiques sont trait\u00e9s\u2009?<\/p>\n","protected":false},"excerpt":{"rendered":"\u00ab\u202fIls diront qu\u2019ils ont envoy\u00e9 des troupes en Afghanistan\u2026 et c\u2019est vrai, mais ils sont rest\u00e9s un peu&hellip;\n","protected":false},"author":2,"featured_media":687336,"comment_status":"","ping_status":"","sticky":false,"template":"","format":"standard","meta":{"footnotes":""},"categories":[1586],"tags":[5734,11,3917,1777,674,1011,27,1808,3102,12,378,25,467],"class_list":{"0":"post-687335","1":"post","2":"type-post","3":"status-publish","4":"format-standard","5":"has-post-thumbnail","7":"category-europe","8":"tag-5734","9":"tag-actualites","10":"tag-avant","11":"tag-eu","12":"tag-europe","13":"tag-fr","14":"tag-france","15":"tag-leurope","16":"tag-la-tribune-dimanche","17":"tag-news","18":"tag-plus","19":"tag-republique-francaise","20":"tag-trump"},"share_on_mastodon":{"url":"https:\/\/pubeurope.com\/@fr\/115953484665516194","error":""},"_links":{"self":[{"href":"https:\/\/www.europesays.com\/fr\/wp-json\/wp\/v2\/posts\/687335","targetHints":{"allow":["GET"]}}],"collection":[{"href":"https:\/\/www.europesays.com\/fr\/wp-json\/wp\/v2\/posts"}],"about":[{"href":"https:\/\/www.europesays.com\/fr\/wp-json\/wp\/v2\/types\/post"}],"author":[{"embeddable":true,"href":"https:\/\/www.europesays.com\/fr\/wp-json\/wp\/v2\/users\/2"}],"replies":[{"embeddable":true,"href":"https:\/\/www.europesays.com\/fr\/wp-json\/wp\/v2\/comments?post=687335"}],"version-history":[{"count":0,"href":"https:\/\/www.europesays.com\/fr\/wp-json\/wp\/v2\/posts\/687335\/revisions"}],"wp:featuredmedia":[{"embeddable":true,"href":"https:\/\/www.europesays.com\/fr\/wp-json\/wp\/v2\/media\/687336"}],"wp:attachment":[{"href":"https:\/\/www.europesays.com\/fr\/wp-json\/wp\/v2\/media?parent=687335"}],"wp:term":[{"taxonomy":"category","embeddable":true,"href":"https:\/\/www.europesays.com\/fr\/wp-json\/wp\/v2\/categories?post=687335"},{"taxonomy":"post_tag","embeddable":true,"href":"https:\/\/www.europesays.com\/fr\/wp-json\/wp\/v2\/tags?post=687335"}],"curies":[{"name":"wp","href":"https:\/\/api.w.org\/{rel}","templated":true}]}}