{"id":687346,"date":"2026-01-25T03:02:18","date_gmt":"2026-01-25T03:02:18","guid":{"rendered":"https:\/\/www.europesays.com\/fr\/687346\/"},"modified":"2026-01-25T03:02:18","modified_gmt":"2026-01-25T03:02:18","slug":"deux-joueurs-arretes-apres-un-match-pour-gestes-racistes-vers-le-public-et-insultes-a-un-ramasseur-de-balles","status":"publish","type":"post","link":"https:\/\/www.europesays.com\/fr\/687346\/","title":{"rendered":"deux joueurs arr\u00eat\u00e9s apr\u00e8s un match pour gestes racistes vers le public et insultes \u00e0 un ramasseur de balles"},"content":{"rendered":"<p>\n    <strong>LE SCAN SPORT &#8211;<\/strong> Le V\u00e9n\u00e9zu\u00e9lien Luis David Mart\u00ednez et le Colombien Cristian Rodr\u00edguez ont \u00e9t\u00e9 interpell\u00e9s par la police militaire lors du tournoi d\u2019Itajai.<\/p>\n<p class=\"fig-paragraph\">Le V\u00e9n\u00e9zu\u00e9lien Luis David Mart\u00ednez et le Colombien Cristian Rodr\u00edguez ne devraient pas remettre les pieds sur un court de tennis de sit\u00f4t. Associ\u00e9s en double au tournoi d\u2019Itaja\u00ed dans l\u2019\u00c9tat du sud de Santa Catarina (Br\u00e9sil) cette semaine, les deux hommes ont \u00e9t\u00e9 arr\u00eat\u00e9s par la police militaire apr\u00e8s leur d\u00e9faite en quarts de finale en raison d\u2019un comportement d\u00e9plorable.<\/p>\n<p class=\"fig-paragraph\"><a href=\"https:\/\/www.clarin.com\/sociedad\/detuvieron-tenistas-brasil-racismo-perdido-burlaron-rivales-gesticulando-monos_0_vB8qVNQrnV.html\" target=\"_blank\" rel=\"sponsored noopener\" data-gtm-custom-categorie=\"navigation\" data-gtm-custom-action=\"crossclick\" data-gtm-custom-label=\"Contextuel\" data-gtm-event=\"customEventSPE\">Selon le site Clarin qui rapporte les faits<\/a>, les deux hommes ont perdu le contr\u00f4le de leurs nerfs apr\u00e8s une d\u00e9faite frustrante face \u00e0 deux joueurs locaux (Igor Marcondes, 376e joueur mondial en doubles et Eduardo Ribeiro, 292e joueur mondial en doubles). La rencontre s\u2019\u00e9tait d\u00e9roul\u00e9e dans une ambiance particuli\u00e8rement chaude avec un public soutenant ses compatriotes.<\/p>\n<p>                                            <a class=\"fig-a11y-skip\" href=\"#fig-a11y-skip-main-inarticle\" data-module=\"a11y-skip\" data-context=\"was @visible\"><br \/>\n    Passer la publicit\u00e9<br \/>\n<\/a>            <\/p>\n<p>                                            Un ramasseur de balle trait\u00e9 de \u00absinge\u00bb<\/p>\n<p class=\"fig-paragraph\">Selon Clarin, les t\u00eates de s\u00e9rie num\u00e9ro 1 (Luis David Mart\u00ednez est 108e joueur mondial en doubles et Cristian Rodr\u00edguez 162e) auraient provoqu\u00e9 le public une fois la rencontre perdue au super tie-break (6-7, 7-6, 10-2). Au moment de serrer la main \u00e0 leurs adversaires, Martinez aurait fait des gestes de singe en direction des tribunes (sur une vid\u00e9o publi\u00e9e sur les r\u00e9seaux sociaux, on voit effectivement le V\u00e9n\u00e9zu\u00e9lien mimer un geste).<\/p>\n<p class=\"fig-paragraph\">La poign\u00e9e de main a pu se faire dans la foul\u00e9e mais la frustration des perdants qui avaient obtenu une balle de match en leur faveur avant de perdre a refait surface en dehors du court. Cette fois, c\u2019est le Colombien Cristian Rodriguez qui s\u2019est fait remarquer en s\u2019en prenant \u00e0 un ramasseur de balles en le traitant, selon le m\u00e9dia argentin,\u00a0<a href=\"https:\/\/oglobo.globo.com\/esportes\/noticia\/2026\/01\/22\/dois-tenistas-estrangeiros-sao-detidos-pela-policia-acusados-de-injuria-racial-em-torneio-de-tenis-de-itajai.ghtml\" target=\"_blank\" rel=\"sponsored noopener\" data-gtm-custom-categorie=\"navigation\" data-gtm-custom-action=\"crossclick\" data-gtm-custom-label=\"Contextuel\" data-gtm-event=\"customEventSPE\">mais aussi O\u2019Globo<\/a>, de \u00absinge\u00bb.<\/p>\n<p>                                            L\u2019ATP a retir\u00e9 les gains aux joueurs qui risquent cinq ans de prison<\/p>\n<p class=\"fig-paragraph\">Un comportement d\u00e9plorable qui a eu des cons\u00e9quences puisque la police militaire br\u00e9silienne est all\u00e9e arr\u00eater les deux individus \u00e0 leur h\u00f4tel apr\u00e8s avoir re\u00e7u une plainte. Le duo a pass\u00e9 plusieurs heures au commissariat et si les faits sont av\u00e9r\u00e9s, ils pourraient \u00eatre condamn\u00e9s \u00e0 une peine allant jusqu\u2019\u00e0 cinq ans de prisons. Les instances sportives devraient aussi se saisir de l\u2019affaire pour punir le comportement des deux joueurs. L\u2019ATP a d\u00e9j\u00e0 retir\u00e9 les gains attribu\u00e9s au duo pour leur parcours jusqu\u2019en quarts de finale.<\/p>\n","protected":false},"excerpt":{"rendered":"LE SCAN SPORT &#8211; Le V\u00e9n\u00e9zu\u00e9lien Luis David Mart\u00ednez et le Colombien Cristian Rodr\u00edguez ont \u00e9t\u00e9 interpell\u00e9s par&hellip;\n","protected":false},"author":2,"featured_media":687347,"comment_status":"","ping_status":"","sticky":false,"template":"","format":"standard","meta":{"footnotes":""},"categories":[1415],"tags":[1011,27,4977,60,1467],"class_list":{"0":"post-687346","1":"post","2":"type-post","3":"status-publish","4":"format-standard","5":"has-post-thumbnail","7":"category-tennis","8":"tag-fr","9":"tag-france","10":"tag-le-scan-sport","11":"tag-sports","12":"tag-tennis"},"share_on_mastodon":{"url":"https:\/\/pubeurope.com\/@fr\/115953516038857905","error":""},"_links":{"self":[{"href":"https:\/\/www.europesays.com\/fr\/wp-json\/wp\/v2\/posts\/687346","targetHints":{"allow":["GET"]}}],"collection":[{"href":"https:\/\/www.europesays.com\/fr\/wp-json\/wp\/v2\/posts"}],"about":[{"href":"https:\/\/www.europesays.com\/fr\/wp-json\/wp\/v2\/types\/post"}],"author":[{"embeddable":true,"href":"https:\/\/www.europesays.com\/fr\/wp-json\/wp\/v2\/users\/2"}],"replies":[{"embeddable":true,"href":"https:\/\/www.europesays.com\/fr\/wp-json\/wp\/v2\/comments?post=687346"}],"version-history":[{"count":0,"href":"https:\/\/www.europesays.com\/fr\/wp-json\/wp\/v2\/posts\/687346\/revisions"}],"wp:featuredmedia":[{"embeddable":true,"href":"https:\/\/www.europesays.com\/fr\/wp-json\/wp\/v2\/media\/687347"}],"wp:attachment":[{"href":"https:\/\/www.europesays.com\/fr\/wp-json\/wp\/v2\/media?parent=687346"}],"wp:term":[{"taxonomy":"category","embeddable":true,"href":"https:\/\/www.europesays.com\/fr\/wp-json\/wp\/v2\/categories?post=687346"},{"taxonomy":"post_tag","embeddable":true,"href":"https:\/\/www.europesays.com\/fr\/wp-json\/wp\/v2\/tags?post=687346"}],"curies":[{"name":"wp","href":"https:\/\/api.w.org\/{rel}","templated":true}]}}