{"id":687350,"date":"2026-01-25T03:07:12","date_gmt":"2026-01-25T03:07:12","guid":{"rendered":"https:\/\/www.europesays.com\/fr\/687350\/"},"modified":"2026-01-25T03:07:12","modified_gmt":"2026-01-25T03:07:12","slug":"n2-gregory-scaffa-depite-apres-le-scenario-cruel-face-aux-girondins","status":"publish","type":"post","link":"https:\/\/www.europesays.com\/fr\/687350\/","title":{"rendered":"N2 : Gr\u00e9gory Scaffa d\u00e9pit\u00e9 apr\u00e8s le sc\u00e9nario cruel face aux Girondins"},"content":{"rendered":"<p><img decoding=\"async\" src=\"https:\/\/www.europesays.com\/fr\/wp-content\/uploads\/2025\/10\/671_2736f79fccaffe6298e908a716c02291.jpg\" alt=\" N2 : Gr\u00e9gory Scaffa d\u00e9pit\u00e9 apr\u00e8s le sc\u00e9nario cruel face aux Girondins\" class=\"img-responsive mt-3\"\/><\/p>\n<p class=\"text-center mb-3\" style=\"font-size: 14px\">\u00a9 Iconsport<\/p>\n<p>      <strong>Granville puni en fin de match : Gr\u00e9gory Scaffa regrette une erreur fatale<\/strong><\/p>\n<p style=\"text-align: justify;\">Une erreur de marquage dans le temps additionnel a suffi \u00e0 faire basculer la rencontre. Un symbole fort des difficult\u00e9s rencontr\u00e9es par Granville dans cette saison de National 2.<\/p>\n<p style=\"text-align: justify;\">Gr\u00e9gory Scaffa, entra\u00eeneur de Granville apr\u00e8s la d\u00e9faite face aux Girondins dans le temps additionnel : \u00ab\u00a0On est forc\u00e9ment d\u00e9\u00e7u, il y a eu une grosse d\u00e9bauche d\u2019\u00e9nergie de la part des joueurs, mais on craque \u00e0 la 90\u1d49 en oubliant un marquage. Quand on est dans une situation comme la n\u00f4tre, la moindre erreur est pay\u00e9e cash.\u00a0\u00bb<\/p>\n<p class=\"px-0\">\u00c0 lire &gt;&gt; <a href=\"https:\/\/www.webgirondins.com\/actualite-girondins-n2-reaction-de-bruno-irles-apres-la-victoire-des-girondins-face-a-granville-2-3-131930\" target=\"_blank\" rel=\"noopener\"><strong>N2 : R\u00e9action de Bruno Irl\u00e8s apr\u00e8s la victoire des Girondins face \u00e0 Granville (2-3)<\/strong><\/a><br \/><strong><br \/><\/strong><\/p>\n<p style=\"text-align: justify;\">Notre podcast court sur l&rsquo;actu des Girondins :<\/p>\n<p>\u00a0<\/p>\n","protected":false},"excerpt":{"rendered":"\u00a9 Iconsport Granville puni en fin de match : Gr\u00e9gory Scaffa regrette une erreur fatale Une erreur de&hellip;\n","protected":false},"author":2,"featured_media":441698,"comment_status":"","ping_status":"","sticky":false,"template":"","format":"standard","meta":{"footnotes":""},"categories":[1410],"tags":[150,9339,1997,78376,1446,78375,2560,2823,63,1011,27,1987,19521,1988,78377,78374,26044,60,6038],"class_list":{"0":"post-687350","1":"post","2":"type-post","3":"status-publish","4":"format-standard","5":"has-post-thumbnail","7":"category-football","8":"tag-apres","9":"tag-battu","10":"tag-bordeaux","11":"tag-cruel","12":"tag-dans","13":"tag-depite","14":"tag-derniers","15":"tag-face","16":"tag-football","17":"tag-fr","18":"tag-france","19":"tag-girondins","20":"tag-granville","21":"tag-gregory","22":"tag-instants","23":"tag-scaffa","24":"tag-scenario","25":"tag-sports","26":"tag-vecu"},"share_on_mastodon":{"url":"https:\/\/pubeurope.com\/@fr\/115953535794282839","error":""},"_links":{"self":[{"href":"https:\/\/www.europesays.com\/fr\/wp-json\/wp\/v2\/posts\/687350","targetHints":{"allow":["GET"]}}],"collection":[{"href":"https:\/\/www.europesays.com\/fr\/wp-json\/wp\/v2\/posts"}],"about":[{"href":"https:\/\/www.europesays.com\/fr\/wp-json\/wp\/v2\/types\/post"}],"author":[{"embeddable":true,"href":"https:\/\/www.europesays.com\/fr\/wp-json\/wp\/v2\/users\/2"}],"replies":[{"embeddable":true,"href":"https:\/\/www.europesays.com\/fr\/wp-json\/wp\/v2\/comments?post=687350"}],"version-history":[{"count":0,"href":"https:\/\/www.europesays.com\/fr\/wp-json\/wp\/v2\/posts\/687350\/revisions"}],"wp:featuredmedia":[{"embeddable":true,"href":"https:\/\/www.europesays.com\/fr\/wp-json\/wp\/v2\/media\/441698"}],"wp:attachment":[{"href":"https:\/\/www.europesays.com\/fr\/wp-json\/wp\/v2\/media?parent=687350"}],"wp:term":[{"taxonomy":"category","embeddable":true,"href":"https:\/\/www.europesays.com\/fr\/wp-json\/wp\/v2\/categories?post=687350"},{"taxonomy":"post_tag","embeddable":true,"href":"https:\/\/www.europesays.com\/fr\/wp-json\/wp\/v2\/tags?post=687350"}],"curies":[{"name":"wp","href":"https:\/\/api.w.org\/{rel}","templated":true}]}}