{"id":68736,"date":"2025-05-02T07:03:08","date_gmt":"2025-05-02T07:03:08","guid":{"rendered":"https:\/\/www.europesays.com\/fr\/68736\/"},"modified":"2025-05-02T07:03:08","modified_gmt":"2025-05-02T07:03:08","slug":"quand-casper-ruud-console-iga-swiatek","status":"publish","type":"post","link":"https:\/\/www.europesays.com\/fr\/68736\/","title":{"rendered":"quand Casper Ruud console Iga Swiatek"},"content":{"rendered":"<p><strong>LE SCAN SPORT &#8211;<\/strong> Touch\u00e9 par la d\u00e9tresse de la Polonaise balay\u00e9e en demi-finales \u00e0 Madrid et inconsolable, le Norv\u00e9gien a tenu \u00e0 lui assurer son soutien.<\/p>\n<p class=\"fig-paragraph\">Coco Gauff n\u2019avait jamais pris un set \u00e0 Iga Swiatek sur terre battue. L\u2019Am\u00e9ricaine a frapp\u00e9 fort en s\u2019imposant ce jeudi 6-1, 6-1 en demi-finales \u00e0 Madrid.<\/p>\n<p class=\"fig-paragraph\">La Polonaise qui avait encaiss\u00e9 un 6-0 en quarts de finale \u00e0 Madrid, avant de parvenir dans la douleur \u00e0 enjamber Madison Keys est \u00e0 la recherche d\u2019un rayonnement perdu. \u00c0 un peu plus de trois semaines de Roland-Garros. Elle qui a remport\u00e9 quatre des cinq derni\u00e8res \u00e9ditions (2020, 2022, 2023, 2024).<\/p>\n<p class=\"fig-paragraph\">Abattue, la Polonaise, en larmes, est \u00e0 6-1, 3-0, rest\u00e9e cach\u00e9e dans sa serviette. Touch\u00e9e. Perdue. L\u2019image a fait le tour de la Toile et Iga Swiatek a re\u00e7u le soutien \u00e9mu de Casper Ruud. Le Norv\u00e9gien a \u00e9crit sur Twitter\u00a0: \u00ab Iga, garde la t\u00eate haute. Comme des millions d\u2019autres personnes, j\u2019adore te regarder jouer. Ce n\u2019\u00e9tait pas ton jour aujourd\u2019hui, mais tu inspires tellement de gens. Et tu reviendras plus forte que jamais\u00a0!\u00a0\u00bb<\/p>\n<p class=\"fig-paragraph\">\u00c0 Madrid la finale f\u00e9minine opposera Coco Gauff \u00e0 Aryna Sabalenka. Casper Ruud affrontera, lui, l\u2019Argentin Francisco Cerundolo pour une place en finale.<\/p>\n","protected":false},"excerpt":{"rendered":"LE SCAN SPORT &#8211; Touch\u00e9 par la d\u00e9tresse de la Polonaise balay\u00e9e en demi-finales \u00e0 Madrid et inconsolable,&hellip;\n","protected":false},"author":2,"featured_media":68737,"comment_status":"","ping_status":"","sticky":false,"template":"","format":"standard","meta":{"footnotes":""},"categories":[1415],"tags":[47,4169,525,1981,4178,4179,1011,27,1114,3996,4977,4177,4176,4174,4175,1980,4171,60,1467,4172,4173,4170],"class_list":{"0":"post-68736","1":"post","2":"type-post","3":"status-publish","4":"format-standard","5":"has-post-thumbnail","7":"category-tennis","8":"tag-actualite","9":"tag-atp","10":"tag-calendrier","11":"tag-classement","12":"tag-coupe-davis","13":"tag-fed-cup","14":"tag-fr","15":"tag-france","16":"tag-infos","17":"tag-jeux-olympiques","18":"tag-le-scan-sport","19":"tag-masters-1000","20":"tag-masters-500","21":"tag-masters-series","22":"tag-open-daustralie","23":"tag-resultats","24":"tag-roland-garros","25":"tag-sports","26":"tag-tennis","27":"tag-us-open","28":"tag-wimbledon","29":"tag-wta"},"share_on_mastodon":{"url":"https:\/\/pubeurope.com\/@fr\/114436964551916761","error":""},"_links":{"self":[{"href":"https:\/\/www.europesays.com\/fr\/wp-json\/wp\/v2\/posts\/68736","targetHints":{"allow":["GET"]}}],"collection":[{"href":"https:\/\/www.europesays.com\/fr\/wp-json\/wp\/v2\/posts"}],"about":[{"href":"https:\/\/www.europesays.com\/fr\/wp-json\/wp\/v2\/types\/post"}],"author":[{"embeddable":true,"href":"https:\/\/www.europesays.com\/fr\/wp-json\/wp\/v2\/users\/2"}],"replies":[{"embeddable":true,"href":"https:\/\/www.europesays.com\/fr\/wp-json\/wp\/v2\/comments?post=68736"}],"version-history":[{"count":0,"href":"https:\/\/www.europesays.com\/fr\/wp-json\/wp\/v2\/posts\/68736\/revisions"}],"wp:featuredmedia":[{"embeddable":true,"href":"https:\/\/www.europesays.com\/fr\/wp-json\/wp\/v2\/media\/68737"}],"wp:attachment":[{"href":"https:\/\/www.europesays.com\/fr\/wp-json\/wp\/v2\/media?parent=68736"}],"wp:term":[{"taxonomy":"category","embeddable":true,"href":"https:\/\/www.europesays.com\/fr\/wp-json\/wp\/v2\/categories?post=68736"},{"taxonomy":"post_tag","embeddable":true,"href":"https:\/\/www.europesays.com\/fr\/wp-json\/wp\/v2\/tags?post=68736"}],"curies":[{"name":"wp","href":"https:\/\/api.w.org\/{rel}","templated":true}]}}