{"id":687409,"date":"2026-01-25T03:52:16","date_gmt":"2026-01-25T03:52:16","guid":{"rendered":"https:\/\/www.europesays.com\/fr\/687409\/"},"modified":"2026-01-25T03:52:16","modified_gmt":"2026-01-25T03:52:16","slug":"le-bapteme-du-feu-prometteur-de-nwaneri-le-retour-rate-dedouard-les-tops-et-flops","status":"publish","type":"post","link":"https:\/\/www.europesays.com\/fr\/687409\/","title":{"rendered":"le bapt\u00eame du feu prometteur de Nwaneri, le retour rat\u00e9 d\u2019\u00c9douard&#8230; Les tops et flops"},"content":{"rendered":"<p>\n    L\u2019OM s\u2019est logiquement impos\u00e9 face \u00e0 Lens lors du choc de la 19e journ\u00e9e de Ligue 1 (3-1). Retrouvez les tops et les flops de cette rencontre.<\/p>\n<p class=\"fig-paragraph\"><strong>Tops<\/strong><\/p>\n<p>                                            Nwaneri, d\u00e9buts r\u00e9ussis et prometteurs<\/p>\n<p class=\"fig-paragraph\">\u00c0 peine arriv\u00e9, d\u00e9j\u00e0 int\u00e9gr\u00e9. Au lendemain de\u00a0<a href=\"http:\/\/www.lefigaro.fr\/sports\/football\/ligue-1\/mercato-quinten-timber-s-engage-a-marseille-officiel-20260123\" data-fig-type=\"NewsFlash\" data-gtm-custom-categorie=\"navigation\" data-gtm-custom-action=\"crossclick\" data-gtm-custom-label=\"Contextuel\" data-gtm-event=\"customEventSPE\" data-fig-domain=\"LEFIGARO\" target=\"_blank\" rel=\"noopener\">l\u2019officialisation de son pr\u00eat en provenance d\u2019Arsenal<\/a>, Ethan Nwaneri \u00e9tait d\u00e9j\u00e0 titulaire, malgr\u00e9 l\u2019\u00e9norme enjeu de la rencontre. Et le joueur de 18 ans, pr\u00e9f\u00e9r\u00e9 \u00e0 Greenwood dans le couloir droit, a v\u00e9cu un bapt\u00eame du feu r\u00eav\u00e9. Avec comme premier (et principal) fait d\u2019arme son but inscrit d\u00e8s la 13e minute de jeu. Sur la ligne m\u00e9diane, il a trop facilement remont\u00e9 le camp lensois,\u00a0<a href=\"http:\/\/www.lefigaro.fr\/sports\/football\/ligue-1\/ligue-1-premier-match-premier-but-pour-la-nouvelle-recrue-de-l-om-ethan-nwaneri-video-20260124\" data-fig-type=\"NewsFlash\" data-gtm-custom-categorie=\"navigation\" data-gtm-custom-action=\"crossclick\" data-gtm-custom-label=\"Contextuel\" data-gtm-event=\"customEventSPE\" data-fig-domain=\"LEFIGARO\" target=\"_blank\" rel=\"noopener\">avant de tromper Risser d\u2019une belle frappe enroul\u00e9e du gauche<\/a>. En confiance, il a ensuite fait l\u2019\u00e9talage de sa belle technique pour faire tr\u00e8s mal aux Sang et Or. 100% de dribbles r\u00e9ussis, 89% de pr\u00e9cision dans les passes, et une ovation aussi nourrie que m\u00e9rit\u00e9e \u00e0 sa sortie avant l\u2019heure de jeu. Et\u00a0<a href=\"http:\/\/www.lefigaro.fr\/sports\/football\/ligue-1\/ligue-1-le-choc-pour-l-om-lens-perd-la-tete-20260124\" data-fig-type=\"NewsFlash\" data-gtm-custom-categorie=\"navigation\" data-gtm-custom-action=\"crossclick\" data-gtm-custom-label=\"Contextuel\" data-gtm-event=\"customEventSPE\" data-fig-domain=\"LEFIGARO\" target=\"_blank\" rel=\"noopener\">la victoire \u00e0 la cl\u00e9 (3-1)<\/a>.<\/p>\n<p class=\"fig-body-link\">\n            \u00c0 lire aussi<br \/>\n        <a class=\"fig-body-link__link\" href=\"http:\/\/www.lefigaro.fr\/sports\/football\/ligue-1\/ligue-1-premier-match-premier-but-pour-la-nouvelle-recrue-de-l-om-ethan-nwaneri-video-20260124\" data-fig-type=\"NewsFlash\" data-gtm-custom-categorie=\"navigation\" data-gtm-custom-action=\"crossclick\" data-gtm-custom-label=\"Contextuel\" data-gtm-event=\"customEventSPE\" data-fig-domain=\"LEFIGARO\" target=\"_blank\" rel=\"noopener\"><\/p>\n<p>        Ligue 1\u00a0: premier match, premier but pour la nouvelle recrue de l\u2019OM, Ethan Nwaneri (vid\u00e9o)<br \/>\n    <\/a>\n<\/p>\n<p>                                            <a class=\"fig-a11y-skip\" href=\"#fig-a11y-skip-main-inarticle\" data-module=\"a11y-skip\" data-context=\"was @visible\"><br \/>\n    Passer la publicit\u00e9<br \/>\n<\/a>            <\/p>\n<p>                                            Le doubl\u00e9 de Gouiri<\/p>\n<p class=\"fig-paragraph\">Amine Gouiri poursuit sa mont\u00e9e en puissance. Buteur\u00a0<a href=\"http:\/\/www.lefigaro.fr\/sports\/football\/ligue-1\/angers-om-gouiri-de-gala-greenwood-en-feu-la-defense-centrale-piteuse-du-sco-les-tops-et-flops-20260117\" data-fig-type=\"NewsFlash\" data-gtm-custom-categorie=\"navigation\" data-gtm-custom-action=\"crossclick\" data-gtm-custom-label=\"Contextuel\" data-gtm-event=\"customEventSPE\" data-fig-domain=\"LEFIGARO\" target=\"_blank\" rel=\"noopener\">la semaine derni\u00e8re \u00e0 Angers (2-5)<\/a>, l\u2019attaquant marseillais s\u2019est offert un doubl\u00e9 cette fois. Il ne lui a fallu que trois petites minutes pour ouvrir le score dans ce choc tr\u00e8s attendu. Seul au milieu de quatre Lensois, l\u2019international alg\u00e9rien a su se mettre en bonne position pour tenter sa chance et tromper Risser. Juste dans ses transmissions et tr\u00e8s habile pour conserver le ballon, il a d\u00e9finitivement lib\u00e9r\u00e9 le V\u00e9lodrome \u00e0 l\u2019entame du dernier quart d\u2019heure, en concluant une belle action collective. Propre et efficace.<\/p>\n<p>                                            L\u2019OM avait des ailes<\/p>\n<p class=\"fig-paragraph\">L\u2019action du troisi\u00e8me but marseillais symbolise leur gros match. Ballon r\u00e9cup\u00e9r\u00e9 par Igor Paixao dans les pieds lensois, puis passe d\u00e9cisive de Timothy Weah. Les deux pistons marseillais ont livr\u00e9 une excellente prestation. Align\u00e9 un cran plus bas que son poste habituel d\u2019ailier, le Br\u00e9silien a bien tenu son couloir gauche, tout en multipliant les appels entre Abdulhamid et Ganiou. Omnipr\u00e9sent tout au long de la rencontre. De l\u2019autre c\u00f4t\u00e9, Weah est mont\u00e9 en puissance au fil de la partie. Ses mont\u00e9es ont fait mal, \u00e0 l\u2019image d\u2019un raid d\u00e9vastateur plein axe en seconde p\u00e9riode. Toujours aussi fiable.<\/p>\n<p>                                            Medina en patron<\/p>\n<p class=\"fig-paragraph\">Absent au match aller, Facundo Medina a enfin crois\u00e9 la route de ses anciens co\u00e9quipiers. Comme pr\u00e9vu, l\u2019Argentin n\u2019a pas \u00e9t\u00e9 tendre avec eux. Toujours aussi dur et solide dans les duels, il a \u00e9galement fait l\u2019\u00e9talage d\u2019une belle assurance dans les sorties de balles. \u00c0 l\u2019image de sa transversale \u00e0 l\u2019origine de l\u2019ouverture du score. Souvent positionn\u00e9 dans sa zone, Florian Thauvin a eu beaucoup de mal \u00e0 exister.\u00a0<\/p>\n<p><strong>FLOPS<\/strong><\/p>\n<p>                                            Lens ne m\u00e9ritait pas mieux<\/p>\n<p class=\"fig-paragraph\">Fin de s\u00e9rie brutale pour les Sang et Or, qui restaient sur dix victoires cons\u00e9cutives. D\u00e9sireux de d\u00e9passer le PSG et de reprendre la t\u00eate du\u00a0<a href=\"https:\/\/www.lefigaro.fr\/sports\/football\/ligue-1\/classement\" target=\"_blank\" rel=\"sponsored noopener\" data-gtm-custom-categorie=\"navigation\" data-gtm-custom-action=\"crossclick\" data-gtm-custom-label=\"Contextuel\" data-gtm-event=\"customEventSPE\">classement<\/a>, le club nordiste a vite d\u00e9chant\u00e9 sur la pelouse du V\u00e9lodrome. Malmen\u00e9 d\u2019entr\u00e9e et men\u00e9 2-0 d\u00e8s le premier quart d\u2019heure de jeu. S\u2019ils ont rectifi\u00e9 le tir derri\u00e8re apr\u00e8s une entame cauchemardesque, les hommes de Pierre Sage n\u2019ont jamais trouv\u00e9 les solutions pour prendre le jeu \u00e0 leur compte et faire douter des Phoc\u00e9ens finalement tr\u00e8s sereins tout au long de la rencontre. La r\u00e9duction de l\u2019\u00e9cart sign\u00e9e Fofana en fin de match est rest\u00e9e anecdotique.<\/p>\n<p>                                            \u00c9douard, retour rat\u00e9<\/p>\n<p class=\"fig-paragraph\">Absent\u00a0<a href=\"http:\/\/www.lefigaro.fr\/sports\/football\/ligue-1\/ligue-1-lens-enchaine-face-a-auxerre-et-recupere-sa-place-de-leader-20260117\" data-fig-type=\"NewsFlash\" data-gtm-custom-categorie=\"navigation\" data-gtm-custom-action=\"crossclick\" data-gtm-custom-label=\"Contextuel\" data-gtm-event=\"customEventSPE\" data-fig-domain=\"LEFIGARO\" target=\"_blank\" rel=\"noopener\">le week-end dernier face \u00e0 Auxerre (1-0)<\/a>, Odsonne \u00c9douard \u00e9tait bien pr\u00e9sent ce samedi \u00e0 la pointe de l\u2019attaque lensoise. Un retour rat\u00e9. Bien pris par la d\u00e9fense marseillaise, il s\u2019est n\u00e9anmoins procur\u00e9 une \u00e9norme occasion en premi\u00e8re p\u00e9riode. Bien plac\u00e9 devant Rulli apr\u00e8s avoir \u00e9limin\u00e9 Aguerd, le joueur de 28 ans a finalement manqu\u00e9 le cadre. Et l\u2019opportunit\u00e9 de relancer son \u00e9quipe, alors que le score \u00e9tait de 2-0. Loin d\u2019\u00eatre au mieux, il a rapidement c\u00e9d\u00e9 sa place en seconde p\u00e9riode.<\/p>\n","protected":false},"excerpt":{"rendered":"L\u2019OM s\u2019est logiquement impos\u00e9 face \u00e0 Lens lors du choc de la 19e journ\u00e9e de Ligue 1 (3-1).&hellip;\n","protected":false},"author":2,"featured_media":687410,"comment_status":"","ping_status":"","sticky":false,"template":"","format":"standard","meta":{"footnotes":""},"categories":[2814],"tags":[1111,11,1777,674,1011,27,884,12,149,882,2264,25],"class_list":{"0":"post-687409","1":"post","2":"type-post","3":"status-publish","4":"format-standard","5":"has-post-thumbnail","7":"category-marseille","8":"tag-actu","9":"tag-actualites","10":"tag-eu","11":"tag-europe","12":"tag-fr","13":"tag-france","14":"tag-marseille","15":"tag-news","16":"tag-om","17":"tag-provence-alpes-cote-dazur","18":"tag-rc-lens","19":"tag-republique-francaise"},"share_on_mastodon":{"url":"https:\/\/pubeurope.com\/@fr\/115953712813722596","error":""},"_links":{"self":[{"href":"https:\/\/www.europesays.com\/fr\/wp-json\/wp\/v2\/posts\/687409","targetHints":{"allow":["GET"]}}],"collection":[{"href":"https:\/\/www.europesays.com\/fr\/wp-json\/wp\/v2\/posts"}],"about":[{"href":"https:\/\/www.europesays.com\/fr\/wp-json\/wp\/v2\/types\/post"}],"author":[{"embeddable":true,"href":"https:\/\/www.europesays.com\/fr\/wp-json\/wp\/v2\/users\/2"}],"replies":[{"embeddable":true,"href":"https:\/\/www.europesays.com\/fr\/wp-json\/wp\/v2\/comments?post=687409"}],"version-history":[{"count":0,"href":"https:\/\/www.europesays.com\/fr\/wp-json\/wp\/v2\/posts\/687409\/revisions"}],"wp:featuredmedia":[{"embeddable":true,"href":"https:\/\/www.europesays.com\/fr\/wp-json\/wp\/v2\/media\/687410"}],"wp:attachment":[{"href":"https:\/\/www.europesays.com\/fr\/wp-json\/wp\/v2\/media?parent=687409"}],"wp:term":[{"taxonomy":"category","embeddable":true,"href":"https:\/\/www.europesays.com\/fr\/wp-json\/wp\/v2\/categories?post=687409"},{"taxonomy":"post_tag","embeddable":true,"href":"https:\/\/www.europesays.com\/fr\/wp-json\/wp\/v2\/tags?post=687409"}],"curies":[{"name":"wp","href":"https:\/\/api.w.org\/{rel}","templated":true}]}}