{"id":687443,"date":"2026-01-25T04:14:25","date_gmt":"2026-01-25T04:14:25","guid":{"rendered":"https:\/\/www.europesays.com\/fr\/687443\/"},"modified":"2026-01-25T04:14:25","modified_gmt":"2026-01-25T04:14:25","slug":"pro-d2-je-ne-metais-pas-enerve-comme-ca-a-la-mi-temps-depuis-un-bon-moment-avoue-philippe-saint-andre-apres-le-succes-de-provence-rugby","status":"publish","type":"post","link":"https:\/\/www.europesays.com\/fr\/687443\/","title":{"rendered":"Pro D2 \u2013 \u00ab\u00a0Je ne m\u2019\u00e9tais pas \u00e9nerv\u00e9 comme \u00e7a \u00e0 la mi-temps depuis un bon moment\u00a0\u00bb, avoue Philippe Saint-Andr\u00e9 apr\u00e8s le succ\u00e8s de Provence Rugby"},"content":{"rendered":"<p>\n                Sous la pluie et la gr\u00eale, Provence Rugby est parvenue \u00e0 arracher une nouvelle victoire bonifi\u00e9e face \u00e0 Aurillac (26-10). Face \u00e0 la presse, le directeur sportif des Noirs a salu\u00e9 la victoire des siens dans des conditions dantesques, m\u00eame s\u2019il n\u2019a pas aim\u00e9 le manque d\u2019adaptation de ses joueurs face aux \u00e9l\u00e9ments.<br \/>\u00a0\n            <\/p>\n<p><strong>Que retenez-vous de cette victoire\u00a0?<\/strong><\/p>\n<p>Je suis content. En deux semaines, on a utilis\u00e9 30 joueurs. On donne confiance \u00e0 l\u2019ensemble de notre effectif. Jules Plisson est de retour, comme Yannick (Youyoutte). Ils n\u2019avaient pas jou\u00e9 depuis longtemps.\u00a0Comptablement, je suis heureux. Nous avons pris 15 points en trois matchs. Je ne m\u2019\u00e9tais pas \u00e9nerv\u00e9 comme \u00e7a \u00e0 la mi-temps depuis un bon moment. On a fait huit ou neuf en-avant. On a jou\u00e9 \u00e0 la baballe. On n\u2019a pas\u00a0respect\u00e9 les conditions. On a marqu\u00e9 d\u2019entr\u00e9e, et on s\u2019est peut-\u00eatre dit que \u00e7a serait facile.\u00a0On n\u2019a pas \u00e9t\u00e9 assez direct. On n\u2019a pas mis assez de jeux au pied.\u00a0Les vingt premi\u00e8res minutes de la seconde p\u00e9riode ont \u00e9t\u00e9 coh\u00e9rentes dans des conditions tr\u00e8s difficiles. Il y avait tout\u00a0: du vent, de la gr\u00eale, de la pluie, un arbitre K.O\u2026<\/p>\n<p><strong>Avez-vous craint un arr\u00eat du match\u00a0?<\/strong><\/p>\n<p>Honn\u00eatement, il y a eu beaucoup de tonnerre \u00e0 un moment. Un orage a frapp\u00e9 pas loin. Vous savez, j\u2019ai jou\u00e9 de longues saisons \u00e0 Clermont, et\u00a0Jean-Fran\u00e7ois Phliponeau est d\u00e9c\u00e9d\u00e9 au cours d\u2019un match\u2026 \u00c7a a vraiment tap\u00e9 pas tr\u00e8s loin des joueurs. Voil\u00e0, l\u2019arbitre a pris sa d\u00e9cision. J\u2019esp\u00e8re maintenant qu\u2019il va bien r\u00e9cup\u00e9rer.<\/p>\n<p><strong>On vous sent tout de m\u00eame assez frustr\u00e9 par la prestation de vos joueurs\u2026<\/strong><\/p>\n<p>On doit \u00eatre meilleurs si\u00a0on veut continuer \u00e0 encha\u00eener les victoires. Le dernier\u00a0quart d\u2019heure, on a \u00e9t\u00e9 tr\u00e8s p\u00e9nalis\u00e9s. Mais bon, ce sont des matchs\u00a0qu\u2019il faut gagner, avec le bonus. On encha\u00eene. On en a besoin, car Colomiers n\u2019arr\u00eate pas de gagner. Pour l\u2019instant, nous restons \u00e0 la seconde place. Je reste heureux d\u2019avoir fait jouer beaucoup de joueurs sur les deux derni\u00e8res rencontres. On continue \u00e0 utiliser notre effectif.<\/p>\n<p><strong>Pendant dix minutes, vos joueurs sont parvenus \u00e0 d\u00e9fendre leur ligne pour conserver le bonus. N\u2019est-ce pas un gros point de satisfaction\u00a0?<\/strong><\/p>\n<p>L\u2019\u00e9tat d\u2019esprit a \u00e9t\u00e9 exceptionnel. \u00c0 la fin, j\u2019aurais aim\u00e9 que Guillaume (Piazzoli) soit r\u00e9compens\u00e9 sur ses grattages.\u00a0On travaille \u00e9norm\u00e9ment avec lui. Il met les mains sur le ballon, tout de suite, et il est p\u00e9nalis\u00e9. Pourtant, on\u00a0travaille beaucoup en connexion avec les arbitres notamment sur le contr\u00f4le du corps. Il a \u00e9t\u00e9 p\u00e9nalis\u00e9 \u00e0 deux reprises, et la deuxi\u00e8me me semble s\u00e9v\u00e8re. Voil\u00e0, \u00e7a fait partie du d\u00e9veloppement\u00a0de notre \u00e9quipe. Mais oui, l\u2019\u00e9tat\u00a0d\u2019esprit a \u00e9t\u00e9 bon. On a su d\u00e9fendre notre ligne, bien\u00a0plaquer. On est rest\u00e9s solidaires. En m\u00eame temps, je demande le b.a.-ba du rugby. Bien qu\u2019on ait trop jou\u00e9 en premi\u00e8re p\u00e9riode, il y a un \u00e9l\u00e9ment qui me d\u00e9range un peu\u2026<\/p>\n<p><strong>On vous \u00e9coute\u2026<\/strong><\/p>\n<p>Je ne sais pas comment on peut annuler l\u2019essai de Lap\u00e8gue en premi\u00e8re p\u00e9riode. C\u2019est de la n\u00e9gation du rugby. L\u2019essai est magnifique. La passe de L\u00e9o (Drouet) est\u00a0\u00e0 plat. J\u2019ai du mal \u00e0 comprendre pourquoi on revient \u00e0 la vid\u00e9o, si ce n\u2019est pour regarder si Adrien (Lap\u00e8gue) a bien aplati. Si on refuse des essais comme \u00e7a\u2026 Aujourd\u2019hui, il y a la pluie, la gr\u00eale, le vent\u2026 Il y a un essai de 80 m\u00e8tres en premi\u00e8re main, un rayon de soleil dans le brouillard, sous un temps ex\u00e9crable, et on le refuse\u2026 Si on fait \u00e7a, on ne va faire que favoriser des coups de sabot. De toute mani\u00e8re, c\u2019\u00e9tait vraiment une soir\u00e9e bizarre, et il faut juste \u00eatre heureux d\u2019avoir fini avec cinq points.<\/p>\n","protected":false},"excerpt":{"rendered":"Sous la pluie et la gr\u00eale, Provence Rugby est parvenue \u00e0 arracher une nouvelle victoire bonifi\u00e9e face \u00e0&hellip;\n","protected":false},"author":2,"featured_media":687444,"comment_status":"","ping_status":"","sticky":false,"template":"","format":"standard","meta":{"footnotes":""},"categories":[1416],"tags":[1011,27,78385,2308,479,1468,68796,60],"class_list":{"0":"post-687443","1":"post","2":"type-post","3":"status-publish","4":"format-standard","5":"has-post-thumbnail","7":"category-rugby","8":"tag-fr","9":"tag-france","10":"tag-philippe-saint-andru00e9","11":"tag-pro-d2","12":"tag-rugby","13":"tag-rugby-football","14":"tag-rugby-u00e0-xv","15":"tag-sports"},"share_on_mastodon":{"url":"https:\/\/pubeurope.com\/@fr\/115953799206959925","error":""},"_links":{"self":[{"href":"https:\/\/www.europesays.com\/fr\/wp-json\/wp\/v2\/posts\/687443","targetHints":{"allow":["GET"]}}],"collection":[{"href":"https:\/\/www.europesays.com\/fr\/wp-json\/wp\/v2\/posts"}],"about":[{"href":"https:\/\/www.europesays.com\/fr\/wp-json\/wp\/v2\/types\/post"}],"author":[{"embeddable":true,"href":"https:\/\/www.europesays.com\/fr\/wp-json\/wp\/v2\/users\/2"}],"replies":[{"embeddable":true,"href":"https:\/\/www.europesays.com\/fr\/wp-json\/wp\/v2\/comments?post=687443"}],"version-history":[{"count":0,"href":"https:\/\/www.europesays.com\/fr\/wp-json\/wp\/v2\/posts\/687443\/revisions"}],"wp:featuredmedia":[{"embeddable":true,"href":"https:\/\/www.europesays.com\/fr\/wp-json\/wp\/v2\/media\/687444"}],"wp:attachment":[{"href":"https:\/\/www.europesays.com\/fr\/wp-json\/wp\/v2\/media?parent=687443"}],"wp:term":[{"taxonomy":"category","embeddable":true,"href":"https:\/\/www.europesays.com\/fr\/wp-json\/wp\/v2\/categories?post=687443"},{"taxonomy":"post_tag","embeddable":true,"href":"https:\/\/www.europesays.com\/fr\/wp-json\/wp\/v2\/tags?post=687443"}],"curies":[{"name":"wp","href":"https:\/\/api.w.org\/{rel}","templated":true}]}}