{"id":687469,"date":"2026-01-25T04:31:13","date_gmt":"2026-01-25T04:31:13","guid":{"rendered":"https:\/\/www.europesays.com\/fr\/687469\/"},"modified":"2026-01-25T04:31:13","modified_gmt":"2026-01-25T04:31:13","slug":"elon-musk-rappelle-une-verite-glacante-sur-le-futur-de-lia","status":"publish","type":"post","link":"https:\/\/www.europesays.com\/fr\/687469\/","title":{"rendered":"Elon Musk rappelle une v\u00e9rit\u00e9 gla\u00e7ante sur le futur de l\u2019IA"},"content":{"rendered":"<p>\u00c0 l\u2019en croire, personne n\u2019est pr\u00eat pour ce qui arrive. Les progr\u00e8s r\u00e9cents r\u00e9alis\u00e9s en termes d\u2019intelligence artificielle rendent <a href=\"https:\/\/www.presse-citron.net\/elon-musk-degaine-deja-chequier-pour-influencer-prochaines-elections-americaines\/\" target=\"_blank\" rel=\"false noopener\">Elon Musk<\/a> \u00e0 la fois f\u00e9brile et enthousiaste. C\u2019est en tout cas ce qui ressort de son interview dans le podcast anim\u00e9 par Joe Rogan l\u2019an dernier, o\u00f9 <a href=\"https:\/\/www.presse-citron.net\/bourse\/acheter-actions\/tesla\/\" target=\"_blank\" rel=\"false noopener\">le boss de Tesla<\/a> s\u2019est laiss\u00e9 aller \u00e0 quelques pr\u00e9dictions dont il a le secret,\u00a0et dont bon nombre ne se r\u00e9alisent jamais.<\/p>\n<p>Il compare les changements actuels \u00e0 la p\u00e9riode pr\u00e9-informatique o\u00f9 les travailleurs de bureau devaient effectuer tous les calculs \u00e0 la main. Selon lui, les changements ne feront que s\u2019acc\u00e9l\u00e9rer \u00e0 mesure que l\u2019IA se perfectionne\u00a0:<\/p>\n<blockquote>\n<p>Tout ce qui est num\u00e9rique, c\u2019est-\u00e0-dire simplement une personne devant un ordinateur, sera boulevers\u00e9 par l\u2019IA \u00e0 une vitesse fulgurante. C\u2019est en train de se produire\u2026 Comme je l\u2019ai dit, l\u2019IA est un tsunami supersonique.<\/p>\n<\/blockquote>\n<p>Si la demande d\u2019emploi restera forte, d\u2019apr\u00e8s l\u2019entrepreneur, l\u2019\u00e9quilibre du march\u00e9 du travail sera chamboul\u00e9, comme cela s\u2019est souvent produit au cours de l\u2019histoire\u00a0: \u00ab\u00a0Tout ce qui implique une manipulation physique, comme la cuisine ou l\u2019agriculture, tout ce qui est physique, ces emplois existeront bien plus longtemps\u00a0\u00bb.<\/p>\n<p> Elon Musk et la soci\u00e9t\u00e9 d\u2019abondance <\/p>\n<p>Elon Musk n\u2019\u00e9carte pas un sc\u00e9nario catastrophe, mais il pr\u00e9f\u00e8re rester optimiste\u00a0: \u00ab\u00a0\u00c0 terme, travailler deviendra facultatif gr\u00e2ce aux robots et \u00e0 l\u2019IA. Et nous aurons, dans un sc\u00e9nario favorable, un revenu \u00e9lev\u00e9 universel, ce qui signifie que chacun pourra acc\u00e9der aux produits et services qu\u2019il souhaite, mais il y aura de nombreux bouleversements et traumatismes en cours de route\u00a0\u00bb.<\/p>\n<p>Pour rappel, le chef d\u2019entreprise a pris l\u2019habitude de faire des pr\u00e9dictions sur l\u2019IA sans v\u00e9ritablement \u00e9tayer ses propos. Nous vous parlions r\u00e9cemment de sa prise de position surprenante sur l\u2019\u00e9pargne et le travail.<\/p>\n<p>\u00c9tonnamment optimiste sur l\u2019impact de ces technologies, <a href=\"https:\/\/www.presse-citron.net\/comment-elon-musk-perdu-8-milliards-dollars-9-mois-xai\/\" target=\"_blank\" rel=\"false noopener\">le boss de xAI<\/a> expliquait notamment\u00a0: \u00ab\u00a0Ne vous souciez pas d\u2019\u00e9conomiser pour votre retraite dans 10 ou 20 ans. Cela n\u2019aura aucune importance\u00a0\u00bb.<\/p>\n<p>Pourquoi\u00a0? L\u2019IA surpassera \u00ab\u00a0l\u2019intelligence de tous les humains r\u00e9unis\u00a0\u00bb d\u2019ici 2030. Il y aurait aussi des robots humano\u00efdes qui seront plus nombreux que les \u00eatres humains. D\u00e8s lors, les emplois traditionnels seront remplac\u00e9s peu \u00e0 peu.<\/p>\n<p>Pour le milliardaire, les cons\u00e9quences de ces progr\u00e8s signifient des gains de productivit\u00e9 si massifs qu\u2019ils d\u00e9passeront \u00ab\u00a0ce que l\u2019on peut concevoir comme abondance\u00a0\u00bb. En clair, plus besoin de revenu universel, puisque chaque \u00eatre humain disposera dans l\u2019avenir d\u2019un \u00ab\u00a0revenu universel permettant d\u2019obtenir tout ce que l\u2019on d\u00e9sire\u00a0\u00bb. Plus d\u2019informations \u00e0 ce sujet <a href=\"https:\/\/www.presse-citron.net\/il-nous-appauvrit-en-silence-pourquoi-8-francais-sur-10-envisagent-dabandonner-leur-livret-a-pour-se-tourner-vers-la-bourse\/\" target=\"_blank\" rel=\"false noopener\">dans notre pr\u00e9c\u00e9dent article ici<\/a>.<\/p>\n<blockquote>\n<p class=\"text-base text-neutral-700 dark:text-neutral-300\">\ud83d\udccd Pour ne manquer aucune actualit\u00e9 de Presse-citron, suivez-nous sur <a href=\"https:\/\/news.google.com\/publications\/CAAqBggKMIPiNTC70wU?hl=fr&amp;gl=FR&amp;ceid=FR%3Afr\" target=\"_blank\" rel=\"noopener\">Google Actualit\u00e9s<\/a> et <a href=\"https:\/\/whatsapp.com\/channel\/0029VaCkGuz4NViitBXbEr0b\" target=\"_blank\" rel=\"noopener\">WhatsApp<\/a>.<\/p>\n<\/blockquote>\n","protected":false},"excerpt":{"rendered":"\u00c0 l\u2019en croire, personne n\u2019est pr\u00eat pour ce qui arrive. Les progr\u00e8s r\u00e9cents r\u00e9alis\u00e9s en termes d\u2019intelligence artificielle&hellip;\n","protected":false},"author":2,"featured_media":687470,"comment_status":"","ping_status":"","sticky":false,"template":"","format":"standard","meta":{"footnotes":""},"categories":[6],"tags":[35,33,34,46,341,589,1011,27,5852,3847],"class_list":{"0":"post-687469","1":"post","2":"type-post","3":"status-publish","4":"format-standard","5":"has-post-thumbnail","7":"category-economie","8":"tag-business","9":"tag-economie","10":"tag-economy","11":"tag-elon-musk","12":"tag-emploi","13":"tag-epargne","14":"tag-fr","15":"tag-france","16":"tag-futur","17":"tag-travail"},"share_on_mastodon":{"url":"https:\/\/pubeurope.com\/@fr\/115953866109048872","error":""},"_links":{"self":[{"href":"https:\/\/www.europesays.com\/fr\/wp-json\/wp\/v2\/posts\/687469","targetHints":{"allow":["GET"]}}],"collection":[{"href":"https:\/\/www.europesays.com\/fr\/wp-json\/wp\/v2\/posts"}],"about":[{"href":"https:\/\/www.europesays.com\/fr\/wp-json\/wp\/v2\/types\/post"}],"author":[{"embeddable":true,"href":"https:\/\/www.europesays.com\/fr\/wp-json\/wp\/v2\/users\/2"}],"replies":[{"embeddable":true,"href":"https:\/\/www.europesays.com\/fr\/wp-json\/wp\/v2\/comments?post=687469"}],"version-history":[{"count":0,"href":"https:\/\/www.europesays.com\/fr\/wp-json\/wp\/v2\/posts\/687469\/revisions"}],"wp:featuredmedia":[{"embeddable":true,"href":"https:\/\/www.europesays.com\/fr\/wp-json\/wp\/v2\/media\/687470"}],"wp:attachment":[{"href":"https:\/\/www.europesays.com\/fr\/wp-json\/wp\/v2\/media?parent=687469"}],"wp:term":[{"taxonomy":"category","embeddable":true,"href":"https:\/\/www.europesays.com\/fr\/wp-json\/wp\/v2\/categories?post=687469"},{"taxonomy":"post_tag","embeddable":true,"href":"https:\/\/www.europesays.com\/fr\/wp-json\/wp\/v2\/tags?post=687469"}],"curies":[{"name":"wp","href":"https:\/\/api.w.org\/{rel}","templated":true}]}}