{"id":68748,"date":"2025-05-02T07:10:18","date_gmt":"2025-05-02T07:10:18","guid":{"rendered":"https:\/\/www.europesays.com\/fr\/68748\/"},"modified":"2025-05-02T07:10:18","modified_gmt":"2025-05-02T07:10:18","slug":"a-trop-etreindre-sur-lexposition-corps-et-ames","status":"publish","type":"post","link":"https:\/\/www.europesays.com\/fr\/68748\/","title":{"rendered":"\u00c0 trop \u00e9treindre \u2013 sur l&rsquo;exposition \u00ab Corps et \u00e2mes\u00a0\u00bb"},"content":{"rendered":"<p>                        \u00c0 trop \u00e9treindre \u2013 sur l\u2019exposition \u00ab Corps et \u00e2mes\u00a0\u00bb<\/p>\n<p class=\"byline author vcard\">Par    <a href=\"https:\/\/aoc.media\/auteur\/leo-guydenarcyaoc-media\/\" title=\"Articles par L\u00e9o Guy-Denarcy\" class=\"author url fn\" rel=\"author noopener\" target=\"_blank\">L\u00e9o Guy-Denarcy<\/a><\/p>\n<p>L\u2019exposition \u00ab Corps et \u00e2mes \u00bb, qui rassemble plus d\u2019une centaine d\u2019\u0153uvres de la Collection Pinault \u00e0 la Bourse de Commerce, ne manque pas de substance. C\u2019est plut\u00f4t la coh\u00e9rence et l\u2019incarnation qui lui font d\u00e9faut : l\u2019ensemble g\u00e9n\u00e9reux d\u2019\u0153uvres expos\u00e9es impressionne, bien qu\u2019il en ressorte l\u2019effet d\u2019une juxtaposition all\u00e9gorique plus que d\u2019une progression \u2013 qui donnerait justement \u00e0 voir le corps dans son irr\u00e9ductible et insondable mat\u00e9rialit\u00e9.<\/p>\n<p class=\"first-paragraph\">Les deux mains de J\u00e9r\u00f4me Robbins semblent ancr\u00e9es dans le sol sur la photo de Diane &amp; Allan Arbus. Sa jambe droite s\u2019\u00e9l\u00e8ve avec force vers le ciel, dans un geste qui para\u00eet compl\u00e8tement irr\u00e9alisable au commun des mortels. Forme contorsionn\u00e9e, l\u2019image pourrait s\u2019apparenter \u00e0 une crise musculaire ou encore \u00e0 une chute de danseur \u00e9toile, si l\u2019on en devinait par la pr\u00e9cision du geste sur l\u2019image une parfaite ma\u00eetrise.<\/p>\n<p><a href=\"https:\/\/www.mucem.org\/programme\/exposition-et-temps-forts\/amazighe\" target=\"_blank\" rel=\"noopener\"><img fetchpriority=\"high\" decoding=\"async\" class=\"size-full wp-image-238454\" src=\"https:\/\/www.europesays.com\/fr\/wp-content\/uploads\/2025\/05\/Mucem_AMAZIGHES_web-aoc_300-x-250.jpg\" alt=\"\" width=\"300\" height=\"250\"\/><\/a>publicit\u00e9<\/p>\n<p>La photo de 1953 d\u00e9tonne avec le travail \u00e0 la nettet\u00e9 et l\u2019aspect impeccable des productions de mode qui sont celles d\u2019Arbus. Le grain et les niveaux de gris s\u2019approchent d\u2019un fusain. Cette pratique, elle la compare lors d\u2019un entretien \u00e0 un \u00ab effet de tapisserie \u00bb, prenant sa dimension dans le tramage pr\u00e9cis et r\u00e9gulier. Pr\u00e9sent\u00e9 dans la section des corps expos\u00e9s, l\u2019\u0153uvre c\u00f4toie au sein de la Bourse de Commerce les pi\u00e8ces de Senga Nengudi ou Kerry James Marshall \u2026 parmi d\u2019autres, et cela, dans un ensemble historique et classique \u00e0 valeur ajout\u00e9e optique.<\/p>\n<p>\u00ab Corps et \u00e2mes \u00bb rassemble, en sus de l\u2019enveloppe charnelle et des forces de l\u2019esprit propos\u00e9e, une quarantaine de noms d\u2019artistes dans la Fondation circulaire. Le programme se d\u00e9compose organiquement \u00e0 travers trois sections distinctes aux ambitions compl\u00e9mentaires. Le Corps t\u00e9moin pour commencer, puis, le Corps expos\u00e9 d\u00e9j\u00e0 \u00e9voqu\u00e9, et, dans un troisi\u00e8me temps, L\u2019\u00e2me au corps, en guise de conclusion. Construite \u00e0 partir des riches collections Pinault, il s\u2019agit, \u00e0 travers ce projet fleuve, de sonder \u00ab la pr\u00e9gnance des corps dans notre pens\u00e9e contemporaine \u00bb. Vaste et vague projet s\u2019il en est, celui-ci s\u2019introduit sous la plume d\u2019Emma Lavigne et inspir\u00e9e de la pens\u00e9e de Jacques Ranci\u00e8re, \u00e0 travers la \u00ab possession de ces \u00e9nergies vitales int\u00e9grales \u00bb, mais aussi de celle de L\u00e9vinas et de sa \u00ab rencontre face \u00e0 face avec l\u2019autre \u00bb, ou encore de celle de Georges Didi-Huberman qui th\u00e9orise une \u00ab reconnaissance par contact \u00bb.<\/p>\n<p>C\u2019est pourtant dans les \u00e9crits d\u2019un tout autre artiste que l\u2019on d\u00e9couvre l\u2019ob<\/p>\n<p class=\"author_name\">\n                <a href=\"https:\/\/aoc.media\/auteur\/leo-guydenarcyaoc-media\/\" target=\"_blank\" rel=\"noopener\">L\u00e9o Guy-Denarcy<\/a>\n            <\/p>\n<p class=\"author_func\">\n                Critique d&rsquo;art            <\/p>\n","protected":false},"excerpt":{"rendered":"\u00c0 trop \u00e9treindre \u2013 sur l\u2019exposition \u00ab Corps et \u00e2mes\u00a0\u00bb Par L\u00e9o Guy-Denarcy L\u2019exposition \u00ab Corps et \u00e2mes&hellip;\n","protected":false},"author":2,"featured_media":68749,"comment_status":"","ping_status":"","sticky":false,"template":"","format":"standard","meta":{"footnotes":""},"categories":[1358],"tags":[1348,1384,1385,8981,2502,251,1386,58,59,1011,27,1756],"class_list":{"0":"post-68748","1":"post","2":"type-post","3":"status-publish","4":"format-standard","5":"has-post-thumbnail","7":"category-arts-et-design","8":"tag-arts","9":"tag-arts-and-design","10":"tag-arts-et-design","11":"tag-arts-plastiques","12":"tag-arts-visuels","13":"tag-culture","14":"tag-design","15":"tag-divertissement","16":"tag-entertainment","17":"tag-fr","18":"tag-france","19":"tag-photographie"},"share_on_mastodon":{"url":"https:\/\/pubeurope.com\/@fr\/114436992215086356","error":""},"_links":{"self":[{"href":"https:\/\/www.europesays.com\/fr\/wp-json\/wp\/v2\/posts\/68748","targetHints":{"allow":["GET"]}}],"collection":[{"href":"https:\/\/www.europesays.com\/fr\/wp-json\/wp\/v2\/posts"}],"about":[{"href":"https:\/\/www.europesays.com\/fr\/wp-json\/wp\/v2\/types\/post"}],"author":[{"embeddable":true,"href":"https:\/\/www.europesays.com\/fr\/wp-json\/wp\/v2\/users\/2"}],"replies":[{"embeddable":true,"href":"https:\/\/www.europesays.com\/fr\/wp-json\/wp\/v2\/comments?post=68748"}],"version-history":[{"count":0,"href":"https:\/\/www.europesays.com\/fr\/wp-json\/wp\/v2\/posts\/68748\/revisions"}],"wp:featuredmedia":[{"embeddable":true,"href":"https:\/\/www.europesays.com\/fr\/wp-json\/wp\/v2\/media\/68749"}],"wp:attachment":[{"href":"https:\/\/www.europesays.com\/fr\/wp-json\/wp\/v2\/media?parent=68748"}],"wp:term":[{"taxonomy":"category","embeddable":true,"href":"https:\/\/www.europesays.com\/fr\/wp-json\/wp\/v2\/categories?post=68748"},{"taxonomy":"post_tag","embeddable":true,"href":"https:\/\/www.europesays.com\/fr\/wp-json\/wp\/v2\/tags?post=68748"}],"curies":[{"name":"wp","href":"https:\/\/api.w.org\/{rel}","templated":true}]}}