{"id":68750,"date":"2025-05-02T07:11:11","date_gmt":"2025-05-02T07:11:11","guid":{"rendered":"https:\/\/www.europesays.com\/fr\/68750\/"},"modified":"2025-05-02T07:11:11","modified_gmt":"2025-05-02T07:11:11","slug":"que-vaut-le-nouveau-livre-de-franck-thilliez","status":"publish","type":"post","link":"https:\/\/www.europesays.com\/fr\/68750\/","title":{"rendered":"que vaut le nouveau livre de Franck Thilliez ?"},"content":{"rendered":"<p>L\u2019auteur est de retour avec un thriller psychologique intense qui traite directement de la sant\u00e9 mentale.<\/p>\n<p>Apr\u00e8s le roman ind\u00e9pendant <a href=\"https:\/\/leclaireur.fnac.com\/article\/470057-norferville-tout-ce-quon-sait-sur-le-nouveau-polar-de-franck-thilliez\/\" target=\"_blank\" rel=\"noreferrer noopener\">Norferville<\/a> (Fleuve \u00e9ditions) en 2024, l\u2019auteur <a href=\"https:\/\/www.fnac.com\/Franck-Thilliez\/ia477863\" target=\"_blank\" rel=\"noreferrer noopener\">Franck Thilliez<\/a> revient \u00e0 sa s\u00e9rie embl\u00e9matique Sharko et Henebelle avec \u00c0 retardement (apr\u00e8s <a href=\"https:\/\/www.fnac.com\/o11440991\/La-faille\/w-4\" target=\"_blank\" rel=\"noreferrer noopener\">La faille<\/a> en 2023), un thriller psychologique autour de la <a href=\"https:\/\/leclaireur.fnac.com\/article\/531653-les-series-normalisent-elles-enfin-les-questions-de-sante-mentale\/\" target=\"_blank\" rel=\"noreferrer noopener\">sant\u00e9 mentale<\/a> publi\u00e9 aux \u00e9ditions Fleuve.<\/p>\n<p>Franck Sharko est de nouveau li\u00e9 \u00e0 une nouvelle enqu\u00eate complexe dans un r\u00e9cit aux nombreux personnages qui parvient \u00e0 d\u00e9velopper toute une th\u00e9matique autour des maladies psychologiques et du droit. Un travail d\u2019orf\u00e8vre passionnant \u00e0 suivre et qui n\u2019emp\u00eache pas Franck Thilliez de livrer un nouveau r\u00e9cit addictif qui se lit d\u2019une traite.<\/p>\n<blockquote class=\"instagram-media\" data-instgrm-captioned=\"\" data-instgrm-permalink=\"https:\/\/www.instagram.com\/p\/DGyJ-XZKWtE\/?utm_source=ig_embed&amp;utm_campaign=loading\" data-instgrm-version=\"14\" style=\" background:#FFF; border:0; border-radius:3px; box-shadow:0 0 1px 0 rgba(0,0,0,0.5),0 1px 10px 0 rgba(0,0,0,0.15); margin: 1px; max-width:540px; min-width:326px; padding:0; width:99.375%; width:-webkit-calc(100% - 2px); width:calc(100% - 2px);\"\/>\n<p>\u00c9l\u00e9onore Hourdel, docteure en UMD \u2013 unit\u00e9s pour malades difficiles \u2013, accueille dans son \u00e9tablissement un nouveau patient dont l\u2019identit\u00e9 est inconnue. Ensanglant\u00e9 et d\u00e9sorient\u00e9, r\u00e9cup\u00e9r\u00e9 \u00e0 la gare du coin apr\u00e8s avoir pouss\u00e9 un passant, il semble fuir des d\u00e9mons et craint \u00ab\u00a0les voix\u00a0\u00bb qu\u2019il entend. Au m\u00eame moment, en r\u00e9gion parisienne, le commandant de police Franck Sharko d\u00e9couvre un meurtre horrible : un homme assassin\u00e9 pendant son sommeil, dont le corps est rempli\u00a0de cristaux de soude.<\/p>\n<p>Avec \u00c0 retardement, Franck Thilliez plonge une nouvelle fois dans les m\u00e9andres de l\u2019humanit\u00e9, dans ce qu\u2019elle a de plus sordide, tout en gardant pour point de mire la maladie mentale et la psychologie. Utilisant \u00e0 bon escient la double (ou triple) narration, le <a href=\"https:\/\/www.fnac.com\/livre.asp\" target=\"_blank\" rel=\"noreferrer noopener\">livre<\/a> puise sa force dans l\u2019\u00e9criture de son auteur et dans le d\u00e9veloppement de ses personnages (les connus comme les nouveaux), tout en cr\u00e9ant des ponts entre les diff\u00e9rentes intrigues. Si certaines co\u00efncidences peuvent para\u00eetre improbables, elles permettent \u00e0 Franck Thilliez de se concentrer enti\u00e8rement sur ses personnages et sur les th\u00e8mes qu\u2019il souhaite aborder. Le roman parvient ainsi \u00e0 toucher \u00e9motionnellement le lecteur et \u00e0 \u00eatre authentique.<\/p>\n<p>Quand le m\u00e9dical et le judiciaire se r\u00e9pondent<\/p>\n<p>En immergeant le lecteur au sein d\u2019une UMD, Franck Thilliez interroge la vie de ces patients en marge de la soci\u00e9t\u00e9. Il s\u2019est lui-m\u00eame longuement document\u00e9 en allant dans de v\u00e9ritables centres pour saisir la complexit\u00e9 et les particularit\u00e9s de ces lieux. \u00c0 retardement en est instantan\u00e9ment terre-\u00e0-terre. Le livre fait preuve \u00e0 la fois d\u2019une grande accessibilit\u00e9 \u2013 l\u2019auteur ne noie jamais le lecteur sous une trop grande complexit\u00e9 \u2013 tout en \u00e9tant particuli\u00e8rement minutieux quand il s\u2019agit de poser le contexte entourant ces malades.<\/p>\n<p>Souvent r\u00e9sum\u00e9s \u00e0 des \u00ab\u00a0fous\u00a0dangereux\u00a0\u00bb, les hommes et femmes de ces \u00e9tablissements vivent selon leur propre conscience. L\u2019auteur s\u2019attarde sur leurs parcours et sur leurs maux, sans oublier de parler des m\u00e9decins, des infirmiers, ainsi que des conditions de travail dans ces centres r\u00e9put\u00e9s particuli\u00e8rement difficiles. Protocoles de s\u00e9curit\u00e9, quotidien marqu\u00e9 par l\u2019impr\u00e9visibilit\u00e9, opposition entre une approche rigide et plus ouverte, fatigue chronique et manque de reconnaissance\u2026 \u00c0 retardement est intimement li\u00e9 \u00e0 la situation du secteur de la sant\u00e9 en France. L\u2019auteur se place juste apr\u00e8s la crise sanitaire du Covid, rappelant la fragilit\u00e9 d\u2019un syst\u00e8me longuement \u00e9prouv\u00e9.<\/p>\n<p>Au-del\u00e0 de l\u2019aspect m\u00e9dical, Franck Thilliez ajoute \u00e0 son intrigue une th\u00e9matique judiciaire. Comment juger les personnes atteintes s\u00e9v\u00e8rement d\u2019une maladie psychiatrique ? Ont-ils une responsabilit\u00e9 juridique ? Cette notion tr\u00e8s large qui anime \u00e9galement les d\u00e9bats du syst\u00e8me judiciaire en France vient nourrir les \u00e9v\u00e9nements les plus complexes de l\u2019intrigue.<\/p>\n<p>Franck Thilliez ne l\u00e9sine pas lorsqu\u2019il s\u2019agit de mettre en sc\u00e8ne des actes particuli\u00e8rement horribles et violents, rendant le questionnement autour de ces sujets des plus ambigus. Plus le crime est odieux, plus l\u2019\u00e9motion prend le pas et vient biaiser les questionnements purement juridiques.<\/p>\n<p>Les personnages au c\u0153ur du r\u00e9cit<\/p>\n<p>Si \u00c0 retardement a tout pour combler les lecteurs li\u00e9s de pr\u00e8s ou de loin au milieu m\u00e9dical ou juridique, le livre contient aussi <a href=\"https:\/\/leclaireur.fnac.com\/article\/458916-quest-ce-qui-fait-un-bon-polar-reponse-avec-franck-thilliez-et-olivier-norek\/\" target=\"_blank\" rel=\"noreferrer noopener\">tous les codes du bon polar et du thriller<\/a>, confirmant la ma\u00eetrise de l\u2019\u00e9crivain dans un genre qu\u2019il manie depuis des ann\u00e9es.<\/p>\n<p>\u00c0 retardement permet ainsi de retrouver l\u2019un des personnages des plus embl\u00e9matiques de la bibliographie du romancier, Franck Sharko, et de d\u00e9velopper une nouvelle fois son rapport au m\u00e9tier, son exp\u00e9rience et son regard sur le monde qui l\u2019entoure. Du c\u00f4t\u00e9 d\u2019\u00c9l\u00e9onore Hourdel, le livre se lance dans une qu\u00eate identitaire marqu\u00e9e par les myst\u00e8res et les secrets, aussi fluide que prenante.<\/p>\n<blockquote class=\"instagram-media\" data-instgrm-captioned=\"\" data-instgrm-permalink=\"https:\/\/www.instagram.com\/p\/DItexpUqYOU\/?utm_source=ig_embed&amp;utm_campaign=loading\" data-instgrm-version=\"14\" style=\" background:#FFF; border:0; border-radius:3px; box-shadow:0 0 1px 0 rgba(0,0,0,0.5),0 1px 10px 0 rgba(0,0,0,0.15); margin: 1px; max-width:540px; min-width:326px; padding:0; width:99.375%; width:-webkit-calc(100% - 2px); width:calc(100% - 2px);\"\/>\n<p>Si le style Franck Thilliez est d\u00e9sormais connu et act\u00e9, \u00c0 retardement va au plus pr\u00e8s de la folie humaine en d\u00e9veloppant avec passion et respect la maladie mentale au sens large. En retournant son intrigue selon diff\u00e9rents points de vue et approches, l\u2019\u00e9crivain interroge deux piliers de la soci\u00e9t\u00e9 fran\u00e7aise : l\u2019institution m\u00e9dicale et judiciaire.<\/p>\n<p>Sans jamais perdre de vue ses personnages, qui restent au c\u0153ur du r\u00e9cit, il propose une intrigue dense qui part dans des directions impr\u00e9visibles. Ludique dans l\u2019horreur et le macabre, passionnant dans les th\u00e8mes et le propos.<\/p>\n<p>        <script async src=\"\/\/www.instagram.com\/embed.js\"><\/script><\/p>\n","protected":false},"excerpt":{"rendered":"L\u2019auteur est de retour avec un thriller psychologique intense qui traite directement de la sant\u00e9 mentale. Apr\u00e8s le&hellip;\n","protected":false},"author":2,"featured_media":68751,"comment_status":"","ping_status":"","sticky":false,"template":"","format":"standard","meta":{"footnotes":""},"categories":[1357],"tags":[1379,58,59,1011,27,17053,1351,1380,7193,4747,2004,3686,5883],"class_list":{"0":"post-68750","1":"post","2":"type-post","3":"status-publish","4":"format-standard","5":"has-post-thumbnail","7":"category-livres","8":"tag-books","9":"tag-divertissement","10":"tag-entertainment","11":"tag-fr","12":"tag-france","13":"tag-franck-thilliez","14":"tag-litterature","15":"tag-livres","16":"tag-nouveaute","17":"tag-polar","18":"tag-roman","19":"tag-sortie","20":"tag-thriller"},"share_on_mastodon":{"url":"https:\/\/pubeurope.com\/@fr\/114436996020854496","error":""},"_links":{"self":[{"href":"https:\/\/www.europesays.com\/fr\/wp-json\/wp\/v2\/posts\/68750","targetHints":{"allow":["GET"]}}],"collection":[{"href":"https:\/\/www.europesays.com\/fr\/wp-json\/wp\/v2\/posts"}],"about":[{"href":"https:\/\/www.europesays.com\/fr\/wp-json\/wp\/v2\/types\/post"}],"author":[{"embeddable":true,"href":"https:\/\/www.europesays.com\/fr\/wp-json\/wp\/v2\/users\/2"}],"replies":[{"embeddable":true,"href":"https:\/\/www.europesays.com\/fr\/wp-json\/wp\/v2\/comments?post=68750"}],"version-history":[{"count":0,"href":"https:\/\/www.europesays.com\/fr\/wp-json\/wp\/v2\/posts\/68750\/revisions"}],"wp:featuredmedia":[{"embeddable":true,"href":"https:\/\/www.europesays.com\/fr\/wp-json\/wp\/v2\/media\/68751"}],"wp:attachment":[{"href":"https:\/\/www.europesays.com\/fr\/wp-json\/wp\/v2\/media?parent=68750"}],"wp:term":[{"taxonomy":"category","embeddable":true,"href":"https:\/\/www.europesays.com\/fr\/wp-json\/wp\/v2\/categories?post=68750"},{"taxonomy":"post_tag","embeddable":true,"href":"https:\/\/www.europesays.com\/fr\/wp-json\/wp\/v2\/tags?post=68750"}],"curies":[{"name":"wp","href":"https:\/\/api.w.org\/{rel}","templated":true}]}}