{"id":687521,"date":"2026-01-25T05:15:21","date_gmt":"2026-01-25T05:15:21","guid":{"rendered":"https:\/\/www.europesays.com\/fr\/687521\/"},"modified":"2026-01-25T05:15:21","modified_gmt":"2026-01-25T05:15:21","slug":"quand-complement-denquete-sinvite-dans-les-tensions-entre-alger-et-paris","status":"publish","type":"post","link":"https:\/\/www.europesays.com\/fr\/687521\/","title":{"rendered":"quand \u00ab\u00a0Compl\u00e9ment d\u2019enqu\u00eate\u00a0\u00bb s\u2019invite dans les tensions entre Alger et Paris"},"content":{"rendered":"<p>Bien que montr\u00e9e dans la bande-annonce de l\u2019\u00e9mission de France 2, l\u2019intervention de l\u2019ex-ambassadeur en Alg\u00e9rie Xavier Direncourt a \u00e9t\u00e9 supprim\u00e9e.<\/p>\n<p class=\"c-paragraph\">\u00abRumeurs et coups tordus : la guerre secr\u00e8te France-Alg\u00e9rie \u00bb. L\u2019intitul\u00e9 du dernier \u00e9pisode de Compl\u00e9ment d\u2019enqu\u00eate, <a href=\"https:\/\/www.france.tv\/france-2\/complement-d-enquete\" target=\"_self\" rel=\"noopener\" title=\"https:\/\/www.france.tv\/france-2\/complement-d-enquete\">diffus\u00e9 jeudi soir sur France 2<\/a> avait de quoi susciter la curiosit\u00e9 du public aussi bien en France qu\u2019en Alg\u00e9rie. L\u2019\u00e9mission est revenue sur les grandes dates de la crise entre Alger et Paris, la \u00ab guerre de l\u2019information \u00bb entre les deux sph\u00e8res m\u00e9diatiques et virtuelles, les op\u00e9rations d\u2019espionnage des services alg\u00e9riens sur le sol fran\u00e7ais, le poids de la diaspora, la politique de l\u2019ancien ministre de l\u2019Int\u00e9rieur Bruno Retailleau\u2026 Du classique.<\/p>\n<p class=\"c-paragraph\">Ce n\u2019est pas seulement le contenu du programme en lui-m\u00eame qui a provoqu\u00e9 le d\u00e9bat du c\u00f4t\u00e9 sud de la M\u00e9diterran\u00e9e, mais ce qui s\u2019est pass\u00e9 autour comme bruit et fureur. Notamment avec ce \u00ab commentaire \u00bb de l\u2019agence officielle alg\u00e9rienne <a href=\"https:\/\/www.aps.dz\/fr\/algerie\/actualite-nationale\/mkph4anv-quand-le-service-public-francais-abdique-chronique-d-une-indigence-mediatique\" rel=\"noopener\" target=\"_blank\">APS<\/a>, qui, quelques heures avant la diffusion de l\u2019\u00e9mission, a lanc\u00e9 une charge v\u00e9h\u00e9mente contre France 2 et la \u00ab France m\u00e9diatique \u00bb qui aurait \u00ab encore besoin de l\u2019Alg\u00e9rie pour masquer ses propres d\u00e9rives \u00bb.<\/p>\n<p>Un climat d\u00e9j\u00e0 tendu<\/p>\n<p class=\"c-paragraph\">Ce communiqu\u00e9 de l\u2019APS ciblait deux intervenants dans l\u2019\u00e9mission. D\u2019abord, l\u2019influenceur controvers\u00e9 Amir Boukhours, dit Amir DZ, trait\u00e9 de \u00ab dealeur de drogue, ma\u00eetre chanteur, analphab\u00e8te, voyou sans formation ni l\u00e9gitimit\u00e9 intellectuelle \u00bb.<\/p>\n<p class=\"newsletter-subscription__disclaimer\">En vous inscrivant, vous acceptez les <a class=\"c-link newsletter-subscription__legal-link\" href=\"https:\/\/www.lepoint.fr\/html\/cgu\/\" target=\"_blank\" rel=\"noopener\">conditions g\u00e9n\u00e9rales d&rsquo;utilisation<\/a> et notre <a class=\"c-link newsletter-subscription__legal-link\" href=\"https:\/\/www.lepoint.fr\/html\/politique-de-protection-donnees-personnelles\/\" target=\"_blank\" rel=\"noopener\">politique de confidentialit\u00e9<\/a>.<\/p>\n<p class=\"c-paragraph\">Ce dernier affirme avoir \u00e9t\u00e9 victime d\u2019une tentative de rapt pr\u00e8s de Paris en 2024 et une enqu\u00eate de police a d\u00e9bouch\u00e9 sur l\u2019inculpation de quatre individus dont un agent consulaire alg\u00e9rien. Un mandat d\u2019arr\u00eat international a \u00e9t\u00e9 \u00e9mis ensuite contre le premier secr\u00e9taire de l\u2019ambassade d\u2019Alg\u00e9rie. Ces faits ont d\u00e9clench\u00e9 la col\u00e8re d\u2019Alger dans un climat qui \u00e9tait d\u00e9j\u00e0 tendu entre les deux pays.<\/p>\n<p class=\"c-paragraph\">L\u2019APS a \u00e9galement attaqu\u00e9 la pr\u00e9sence annonc\u00e9e dans l\u2019\u00e9mission de l\u2019ancien ambassadeur fran\u00e7ais \u00e0 Alger Xavier Driencourt, qu\u2019elle accuse d\u2019\u00eatre un \u00ab ex-faux diplomate fran\u00e7ais, un agit\u00e9, atteint d\u2019une v\u00e9ritable pathologie obsessionnelle nomm\u00e9e \u201cAlg\u00e9rie \u201c\u00bb. <\/p>\n<p class=\"c-paragraph\">Le quotidien <a href=\"https:\/\/www.lesoirdalgerie.com\/periscoop\/france-televisions-sous-influence-emiratie-146050\" rel=\"noopener\" target=\"_blank\">Le Soir d\u2019Alg\u00e9rie<\/a> a pr\u00e9tendu, pour sa part, que \u00ab cette \u00e9mission sur l\u2019Alg\u00e9rie serait \u201csponsoris\u00e9e\u201d par les \u00c9mirats arabes unis \u00e0 travers leur agent de liaison, l\u2019ancien ambassadeur Driencourt. La pr\u00e9sence dans cette \u00e9mission d\u2019un voyou et dealer et qui est \u2018\u2019bien entretenu\u2019\u2019 par cet \u00e9mirat du mal confirme la liaison dangereuse \u00c9mirats-France T\u00e9l\u00e9visions \u00bb ! Rien que \u00e7a\u2026<\/p>\n<p>De fausses accusations<\/p>\n<p class=\"c-paragraph\">Or, si l\u2019on voit bien l\u2019ancien diplomate fran\u00e7ais intervenir dans la bande-annonce du dernier \u00e9pisode de Compl\u00e9ment d\u2019enqu\u00eate, il n\u2019appara\u00eet pas dans l\u2019\u00e9mission. Pour l\u2019heure, Xavier Driencourt ne s\u2019est pas exprim\u00e9 publiquement sur le sujet. Mais il a relay\u00e9 une publication sur le r\u00e9seau social X d\u00e9non\u00e7ant son absence du montage final du programme.<\/p>\n<p class=\"c-paragraph\">Selon le site souverainiste <a href=\"https:\/\/algeriepatriotique.com\/2026\/01\/22\/exclusif-france-televisions-ecarte-les-propos-hostiles-de-driencourt-et-prone-lapaisement\/\" rel=\"noopener\" target=\"_blank\">Alg\u00e9rie Patriotique<\/a>, \u00ab France T\u00e9l\u00e9visions a pr\u00e9f\u00e9r\u00e9 donner la priorit\u00e9 \u00e0 l\u2019intervention autrement plus pond\u00e9r\u00e9e de l\u2019actuel ambassadeur de France \u00e0 Alger, St\u00e9phane Romatet. Ce choix est pr\u00e9sent\u00e9 comme un geste d\u2019apaisement \u00bb.<\/p>\n<p class=\"c-paragraph\">L\u2019APS avait donc d\u00e9gain\u00e9 son communiqu\u00e9 trop rapidement, comme l\u2019a remarqu\u00e9 le m\u00e9dia alg\u00e9rien ind\u00e9pendant, <a href=\"https:\/\/twala.info\/fr\/opinions\/juger-avant-de-voir-laps-face-a-laudiovisuel-public-francais\/\" rel=\"noopener\" target=\"_blank\">Twala<\/a> : \u00ab en pr\u00e9tendant d\u00e9monter une \u00e9mission de l\u2019audiovisuel public fran\u00e7ais avant m\u00eame sa diffusion, l\u2019agence [APS] ne critique pas un contenu mais sp\u00e9cule sur un titre, et appelle cela de l\u2019information. C\u2019est peu. Et c\u2019est inqui\u00e9tant \u00bb.<\/p>\n","protected":false},"excerpt":{"rendered":"Bien que montr\u00e9e dans la bande-annonce de l\u2019\u00e9mission de France 2, l\u2019intervention de l\u2019ex-ambassadeur en Alg\u00e9rie Xavier Direncourt&hellip;\n","protected":false},"author":2,"featured_media":687522,"comment_status":"","ping_status":"","sticky":false,"template":"","format":"standard","meta":{"footnotes":""},"categories":[1888],"tags":[1111,1928,11,1927,15,1777,674,1011,27,12,1926,626,1925,25],"class_list":{"0":"post-687521","1":"post","2":"type-post","3":"status-publish","4":"format-standard","5":"has-post-thumbnail","7":"category-paris","8":"tag-actu","9":"tag-actu-paris","10":"tag-actualites","11":"tag-actualites-paris","12":"tag-algerie","13":"tag-eu","14":"tag-europe","15":"tag-fr","16":"tag-france","17":"tag-news","18":"tag-news-paris","19":"tag-paris","20":"tag-paris-news","21":"tag-republique-francaise"},"share_on_mastodon":{"url":"https:\/\/pubeurope.com\/@fr\/115954039214108654","error":""},"_links":{"self":[{"href":"https:\/\/www.europesays.com\/fr\/wp-json\/wp\/v2\/posts\/687521","targetHints":{"allow":["GET"]}}],"collection":[{"href":"https:\/\/www.europesays.com\/fr\/wp-json\/wp\/v2\/posts"}],"about":[{"href":"https:\/\/www.europesays.com\/fr\/wp-json\/wp\/v2\/types\/post"}],"author":[{"embeddable":true,"href":"https:\/\/www.europesays.com\/fr\/wp-json\/wp\/v2\/users\/2"}],"replies":[{"embeddable":true,"href":"https:\/\/www.europesays.com\/fr\/wp-json\/wp\/v2\/comments?post=687521"}],"version-history":[{"count":0,"href":"https:\/\/www.europesays.com\/fr\/wp-json\/wp\/v2\/posts\/687521\/revisions"}],"wp:featuredmedia":[{"embeddable":true,"href":"https:\/\/www.europesays.com\/fr\/wp-json\/wp\/v2\/media\/687522"}],"wp:attachment":[{"href":"https:\/\/www.europesays.com\/fr\/wp-json\/wp\/v2\/media?parent=687521"}],"wp:term":[{"taxonomy":"category","embeddable":true,"href":"https:\/\/www.europesays.com\/fr\/wp-json\/wp\/v2\/categories?post=687521"},{"taxonomy":"post_tag","embeddable":true,"href":"https:\/\/www.europesays.com\/fr\/wp-json\/wp\/v2\/tags?post=687521"}],"curies":[{"name":"wp","href":"https:\/\/api.w.org\/{rel}","templated":true}]}}