{"id":687523,"date":"2026-01-25T05:16:27","date_gmt":"2026-01-25T05:16:27","guid":{"rendered":"https:\/\/www.europesays.com\/fr\/687523\/"},"modified":"2026-01-25T05:16:27","modified_gmt":"2026-01-25T05:16:27","slug":"que-faire-ce-week-end-a-paris-3","status":"publish","type":"post","link":"https:\/\/www.europesays.com\/fr\/687523\/","title":{"rendered":"Que faire ce week-end \u00e0 Paris\u00a0?"},"content":{"rendered":"<p><img decoding=\"async\" class=\"\" style=\"width:100%\" src=\"https:\/\/www.europesays.com\/fr\/wp-content\/uploads\/2025\/11\/SLIDER_Agendas_751759389723452.png\" alt=\"Sorties du week-end \u00e0 Paris\"\/><\/p>\n<p>Sorties du week-end \u00e0 Paris<\/p>\n<p>Cr\u00e9dit : Droits r\u00e9serv\u00e9s<\/p>\n<p> Ne manquez pas le festival du cirque de demain<\/p>\n<p style=\"margin-bottom: 0cm; font-weight: normal;\">La 45eme \u00e9dition de ce festival se d\u00e9roule jusqu\u2019au dimanche 25 janvier 2026 au cirque Ph\u00e9nix, install\u00e9 pelouse de Reuilly dans le 12eme arrondissement de Paris. Il met \u00e0 l\u2019honneur les jeunes talents du cirque venus du monde entier. A l\u2019issue du festival, dimanche, le public pourra assister au spectacle des laur\u00e9ats et d\u00e9couvrir les num\u00e9ros prim\u00e9s les plus \u00e9poustouflants. Plus d\u2019infos sur <a href=\"https:\/\/www.cirquededemain.paris\/\" rel=\"noopener\" target=\"_blank\">https:\/\/www.cirquededemain.paris\/<\/a> <\/p>\n<p>\u00a0<br \/>\nCaroline Vigneaux \u00e0 l\u2019affiche du th\u00e9\u00e2tre des Mathurins<\/p>\n<p style=\"margin-bottom: 0cm; font-weight: normal;\">L\u2019humoriste pr\u00e9sente une tragi-com\u00e9die : \u00ab Le Cid p\u00e8te un c\u00e2ble \u00bb.\u00a0Il s\u2019agit d\u2019 une cr\u00e9ation librement inspir\u00e9e de l\u2019\u0153uvre de Corneille. L\u2019intrigue et la structure du texte en alexandrin sont conserv\u00e9es, mais avec un langage d\u2019aujourd\u2019hui. R\u00e9sulttat, un cid d\u00e9poussi\u00e9r\u00e9 et surtout accessible \u00e0 tous, avec en prime des com\u00e9diens qui d\u00e9gagent une belle \u00e9nergie. Ce spectacle sera visible jusqu\u2019au 27 f\u00e9vrier. Plus d\u2019infos ici <a href=\"https:\/\/www.theatredesmathurins.com\/spectacles\/le-cid-pete-un-cable\/\" rel=\"noopener\" target=\"_blank\">https:\/\/www.theatredesmathurins.com\/spectacles\/le-cid-pete-un-cable\/<\/a> <\/p>\n<p>\u00a0<\/p>\n<p>Une incontournable comp\u00e9tition d\u2019athl\u00e9tisme \u00e0 l\u2019Accor Arena<\/p>\n<p style=\"margin-bottom: 0cm; font-weight: normal;\">L\u2019enceinte accueille dimanche le meeting Paris indoor. Au programme de cette 9eme \u00e9dition, sept \u00e9preuves d\u2019athl\u00e9tisme avec au casting les meilleurs athl\u00e8tes fran\u00e7ais et internationaux. 60m femme et homme, 60m haies femme et homme, saut en longueur femme et homme, saut \u00e0 la perche homme. Attendez-vous \u00e0 un beau spectacle et des performances de haut vol. D\u00e9but des \u00e9preuves \u00e0 15h. <\/p>\n<p style=\"margin-bottom: 0cm; font-weight: normal;\">Plus d\u2019infos via <a href=\"https:\/\/www.accorarena.com\/fr\/programmation\/meeting-de-paris-indoor-2026--2b94a\" rel=\"noopener\" target=\"_blank\">https:\/\/www.accorarena.com\/fr\/programmation\/meeting-de-paris-indoor-2026&#8211;2b94a<\/a> <\/p>\n<p>\u00a0<br \/>\nDirection Montmartre pour la f\u00eate de la coquille Saint Jacques<\/p>\n<p style=\"margin-bottom: 0cm; font-weight: normal;\">Organis\u00e9e par la chambre de commerce des C\u00f4tes d\u2019Armor, la 20eme \u00e9dition se tiendra samedi de 9h \u00e0 20h et dimanche de 10h \u00e0 19h, place des abbesses. Vous pourrez profiter d\u2019un march\u00e9 gastronomique avec des producteurs qui proposeront, coquilles saint jacques, poissons, crustac\u00e9s, huitres et nombreuses sp\u00e9cialit\u00e9s bretonnes. Au programme \u00e9galement\u00a0: d\u00e9gustations et animations folkloriques. <\/p>\n<p style=\"margin-bottom: 0cm; font-weight: normal;\">\u00a0<\/p>\n<p style=\"margin-bottom: 0cm; font-weight: normal;\">\u00a0<\/p>\n<p style=\"margin-bottom: 0cm; font-weight: normal;\">Bertrand Loppin<\/p>\n<p>!function(f,b,e,v,n,t,s){if(f.fbq)return;n=f.fbq=function(){n.callMethod?<br \/>\nn.callMethod.apply(n,arguments):n.queue.push(arguments)};if(!f._fbq)f._fbq=n;<br \/>\nn.push=n;n.loaded=!0;n.version=&rsquo;2.0&prime;;n.queue=[];t=b.createElement(e);t.async=!0;<br \/>\nt.src=v;s=b.getElementsByTagName(e)[0];s.parentNode.insertBefore(t,s)}(window,<br \/>\ndocument,&rsquo;script&rsquo;,&rsquo;https:\/\/connect.facebook.net\/en_US\/fbevents.js&rsquo;);<br \/>\nfbq(&lsquo;init&rsquo;, &lsquo;278974969201861&rsquo;); \/\/ Insert your pixel ID here.<br \/>\nfbq(&lsquo;track&rsquo;, &lsquo;PageView&rsquo;);<\/p>\n","protected":false},"excerpt":{"rendered":"Sorties du week-end \u00e0 Paris Cr\u00e9dit : Droits r\u00e9serv\u00e9s Ne manquez pas le festival du cirque de demain&hellip;\n","protected":false},"author":2,"featured_media":519090,"comment_status":"","ping_status":"","sticky":false,"template":"","format":"standard","meta":{"footnotes":""},"categories":[1888],"tags":[11,1933,1936,1777,1939,674,1011,27,1934,12,1940,626,1935,25,1937,1941,1938],"class_list":{"0":"post-687523","1":"post","2":"type-post","3":"status-publish","4":"format-standard","5":"has-post-thumbnail","7":"category-paris","8":"tag-actualites","9":"tag-actualites-locales","10":"tag-essonne","11":"tag-eu","12":"tag-eure-et-loir","13":"tag-europe","14":"tag-fr","15":"tag-france","16":"tag-infos-locales","17":"tag-news","18":"tag-oise","19":"tag-paris","20":"tag-pres-de-chez-vous","21":"tag-republique-francaise","22":"tag-seine-et-marne","23":"tag-somme","24":"tag-yvelines"},"share_on_mastodon":{"url":"https:\/\/pubeurope.com\/@fr\/115954043187654198","error":""},"_links":{"self":[{"href":"https:\/\/www.europesays.com\/fr\/wp-json\/wp\/v2\/posts\/687523","targetHints":{"allow":["GET"]}}],"collection":[{"href":"https:\/\/www.europesays.com\/fr\/wp-json\/wp\/v2\/posts"}],"about":[{"href":"https:\/\/www.europesays.com\/fr\/wp-json\/wp\/v2\/types\/post"}],"author":[{"embeddable":true,"href":"https:\/\/www.europesays.com\/fr\/wp-json\/wp\/v2\/users\/2"}],"replies":[{"embeddable":true,"href":"https:\/\/www.europesays.com\/fr\/wp-json\/wp\/v2\/comments?post=687523"}],"version-history":[{"count":0,"href":"https:\/\/www.europesays.com\/fr\/wp-json\/wp\/v2\/posts\/687523\/revisions"}],"wp:featuredmedia":[{"embeddable":true,"href":"https:\/\/www.europesays.com\/fr\/wp-json\/wp\/v2\/media\/519090"}],"wp:attachment":[{"href":"https:\/\/www.europesays.com\/fr\/wp-json\/wp\/v2\/media?parent=687523"}],"wp:term":[{"taxonomy":"category","embeddable":true,"href":"https:\/\/www.europesays.com\/fr\/wp-json\/wp\/v2\/categories?post=687523"},{"taxonomy":"post_tag","embeddable":true,"href":"https:\/\/www.europesays.com\/fr\/wp-json\/wp\/v2\/tags?post=687523"}],"curies":[{"name":"wp","href":"https:\/\/api.w.org\/{rel}","templated":true}]}}