{"id":687542,"date":"2026-01-25T05:27:14","date_gmt":"2026-01-25T05:27:14","guid":{"rendered":"https:\/\/www.europesays.com\/fr\/687542\/"},"modified":"2026-01-25T05:27:14","modified_gmt":"2026-01-25T05:27:14","slug":"une-emission-de-france-2-relance-la-guerre-diplomatique-entre-la-france-et-lalgerie","status":"publish","type":"post","link":"https:\/\/www.europesays.com\/fr\/687542\/","title":{"rendered":"Une \u00e9mission de France 2 relance la guerre diplomatique entre la France et l\u2019Alg\u00e9rie"},"content":{"rendered":"<p>Les relations diplomatiques se refroidissent de nouveau entre Paris et Alger. Et cette fois, c\u2019est la diffusion jeudi d\u2019un \u00ab Compl\u00e9ment d\u2019enqu\u00eate \u00bb sur France 2 consacr\u00e9 \u00e0 la <a href=\"https:\/\/www.20minutes.fr\/monde\/4193135-20251224-algerie-parlement-vote-unanimite-loi-criminalisant-colonisation-francaise\" target=\"_blank\" class=\"c-link c-link--is-underlined\" rel=\"noopener\">crise diplomatique entre la France et l\u2019Alg\u00e9rie<\/a> qui relance le bras de fer.<\/p>\n<p>Les autorit\u00e9s alg\u00e9riennes sont en effet fortement irrit\u00e9es par les faits \u00e9nonc\u00e9s dans cette \u00e9mission. Pour le faire savoir, le minist\u00e8re alg\u00e9rien des Affaires \u00e9trang\u00e8res a convoqu\u00e9 samedi le charg\u00e9 d\u2019affaires de l\u2019ambassade de France \u00e0 Alger.<\/p>\n<p>Tensions autour du Sahara occidental<\/p>\n<p>Dans un communiqu\u00e9, Alger qualifie l\u2019\u00e9mission de \u00ab\u00a0tissu de contre-v\u00e9rit\u00e9s\u00a0\u00bb, allant jusqu\u2019\u00e0 d\u00e9noncer \u00ab\u00a0une v\u00e9ritable agression contre l\u2019Etat alg\u00e9rien, ses institutions et ses symboles\u00a0\u00bb.<\/p>\n<\/p>\n<p>Le minist\u00e8re met aussi en cause la participation de l\u2019ambassadeur de France en Alg\u00e9rie, St\u00e9phane Romatet, qui dirige l\u2019ambassade depuis Paris apr\u00e8s avoir quitt\u00e9 le pays \u00e0 la demande d\u2019Emmanuel Macron, sur fond de crise bilat\u00e9rale persistante depuis l\u2019\u00e9t\u00e9\u00a02024. Dans ce num\u00e9ro, l\u2019ambassadeur revient notamment sur la d\u00e9cision du locataire de l\u2019\u00c9lys\u00e9e, fin juillet\u00a02024, de soutenir <a href=\"https:\/\/www.20minutes.fr\/monde\/4182944-20251031-sahara-occidental-conseil-securite-onu-apporte-soutien-plan-autonomie-marocain\" target=\"_blank\" class=\"c-link c-link--is-underlined\" rel=\"noopener\">la proposition marocaine d\u2019autonomie pour le territoire disput\u00e9 du Sahara occidental<\/a>, suivie par le rappel par Alger de son ambassadeur \u00e0 Paris. Alger soutient dans ce conflit les ind\u00e9pendantistes du Polisario, oppos\u00e9s \u00e0 Rabat.<\/p>\n<p><a href=\"https:\/\/www.20minutes.fr\/dossier\/algerie\" target=\"_blank\" class=\"c-link c-btn c-btn--primary\" rel=\"noopener\">Notre dossier sur l&rsquo;Alg\u00e9rie<\/a><\/p>\n<p>Le recteur de la Grande Mosqu\u00e9e de Paris, Chems-Eddine Hafiz, proche du <a href=\"https:\/\/www.20minutes.fr\/monde\/4195758-20260113-algerie-president-invite-algeriens-papiers-vivant-etranger-revenir-pays\" target=\"_blank\" class=\"c-link c-link--is-underlined\" rel=\"noopener\">pr\u00e9sident Abdelmadjid Tebboune<\/a>, affirme pour sa part dans l\u2019\u00e9mission que ce soutien de Paris \u00e0 Rabat sur le Sahara occidental \u00ab\u00a0a mis fin \u00e0 la relation\u00a0\u00bb entre les deux chefs d\u2019Etat.<\/p>\n","protected":false},"excerpt":{"rendered":"Les relations diplomatiques se refroidissent de nouveau entre Paris et Alger. Et cette fois, c\u2019est la diffusion jeudi&hellip;\n","protected":false},"author":2,"featured_media":687543,"comment_status":"","ping_status":"","sticky":false,"template":"","format":"standard","meta":{"footnotes":""},"categories":[4],"tags":[47,11,15,8539,28240,312,1011,27,594,74,12,25,133],"class_list":{"0":"post-687542","1":"post","2":"type-post","3":"status-publish","4":"format-standard","5":"has-post-thumbnail","7":"category-france","8":"tag-actualite","9":"tag-actualites","10":"tag-algerie","11":"tag-ambassade","12":"tag-complement-denquete","13":"tag-diplomatie","14":"tag-fr","15":"tag-france","16":"tag-france-2","17":"tag-monde","18":"tag-news","19":"tag-republique-francaise","20":"tag-video"},"share_on_mastodon":{"url":"https:\/\/pubeurope.com\/@fr\/115954086208687423","error":""},"_links":{"self":[{"href":"https:\/\/www.europesays.com\/fr\/wp-json\/wp\/v2\/posts\/687542","targetHints":{"allow":["GET"]}}],"collection":[{"href":"https:\/\/www.europesays.com\/fr\/wp-json\/wp\/v2\/posts"}],"about":[{"href":"https:\/\/www.europesays.com\/fr\/wp-json\/wp\/v2\/types\/post"}],"author":[{"embeddable":true,"href":"https:\/\/www.europesays.com\/fr\/wp-json\/wp\/v2\/users\/2"}],"replies":[{"embeddable":true,"href":"https:\/\/www.europesays.com\/fr\/wp-json\/wp\/v2\/comments?post=687542"}],"version-history":[{"count":0,"href":"https:\/\/www.europesays.com\/fr\/wp-json\/wp\/v2\/posts\/687542\/revisions"}],"wp:featuredmedia":[{"embeddable":true,"href":"https:\/\/www.europesays.com\/fr\/wp-json\/wp\/v2\/media\/687543"}],"wp:attachment":[{"href":"https:\/\/www.europesays.com\/fr\/wp-json\/wp\/v2\/media?parent=687542"}],"wp:term":[{"taxonomy":"category","embeddable":true,"href":"https:\/\/www.europesays.com\/fr\/wp-json\/wp\/v2\/categories?post=687542"},{"taxonomy":"post_tag","embeddable":true,"href":"https:\/\/www.europesays.com\/fr\/wp-json\/wp\/v2\/tags?post=687542"}],"curies":[{"name":"wp","href":"https:\/\/api.w.org\/{rel}","templated":true}]}}