{"id":687554,"date":"2026-01-25T05:38:46","date_gmt":"2026-01-25T05:38:46","guid":{"rendered":"https:\/\/www.europesays.com\/fr\/687554\/"},"modified":"2026-01-25T05:38:46","modified_gmt":"2026-01-25T05:38:46","slug":"un-fonds-base-dans-les-deux-sevres-encourage-les-jeunes-a-innover-dans-les-constructions-en-bois","status":"publish","type":"post","link":"https:\/\/www.europesays.com\/fr\/687554\/","title":{"rendered":"Un fonds bas\u00e9 dans les Deux-S\u00e8vres encourage les jeunes \u00e0 innover dans les constructions en bois"},"content":{"rendered":"<p>Cr\u00e9\u00e9 en 2019, le concours Archi\u2019Bois s\u2019ouvre pour la huiti\u00e8me ann\u00e9e cons\u00e9cutive, s\u2019adressant aux \u00e9tudiants architectes, ing\u00e9nieurs, designers, paysagistes de France et de pays francophones qui innovent dans les cr\u00e9ations en bois. Le concours est organis\u00e9 par le <a target=\"_blank\" href=\"https:\/\/www.groupe-archimbaud.com\/vocation\/\" rel=\"noopener\">Fonds Archimbaud pour l\u2019homme et la for\u00eat<\/a>, bas\u00e9 dans les Deux-S\u00e8vres, en partenariat avec l\u2019\u00c9cole nationale sup\u00e9rieure d\u2019architecture de Paris-Belleville&#8230;. <\/p>\n<p>    Cet article a \u00e9t\u00e9 tronqu\u00e9. Abonnez-vous pour lire l&rsquo;article complet sur notre site.<\/p>\n<p style=\"margin: 0 !important; padding: 0 !important; font-size: 12px !important;\">Cet article a \u00e9t\u00e9 tronqu\u00e9. Abonnez-vous pour lire l&rsquo;article complet.<\/p>\n<p>    <a href=\"https:\/\/www.lanouvellerepublique.fr\/abonnements\" style=\"display: inline-block; margin-top: 5px !important; padding: 6px 12px !important; background: #cb1c27; color: white; text-decoration: none; border-radius: 4px; font-size: 12px !important;\" target=\"_blank\" rel=\"noopener\"><br \/>\n      S&rsquo;abonner<br \/>\n    <\/a><\/p>\n","protected":false},"excerpt":{"rendered":"Cr\u00e9\u00e9 en 2019, le concours Archi\u2019Bois s\u2019ouvre pour la huiti\u00e8me ann\u00e9e cons\u00e9cutive, s\u2019adressant aux \u00e9tudiants architectes, ing\u00e9nieurs, designers,&hellip;\n","protected":false},"author":2,"featured_media":687555,"comment_status":"","ping_status":"","sticky":false,"template":"","format":"standard","meta":{"footnotes":""},"categories":[1358],"tags":[1392,1348,1384,1385,1386,2545,58,33,59,313,6379,1011,27,1908],"class_list":{"0":"post-687554","1":"post","2":"type-post","3":"status-publish","4":"format-standard","5":"has-post-thumbnail","7":"category-arts-et-design","8":"tag-a-la-une-local","9":"tag-arts","10":"tag-arts-and-design","11":"tag-arts-et-design","12":"tag-design","13":"tag-deux-sevres","14":"tag-divertissement","15":"tag-economie","16":"tag-entertainment","17":"tag-entreprises","18":"tag-etudiants","19":"tag-fr","20":"tag-france","21":"tag-logement"},"share_on_mastodon":{"url":"https:\/\/pubeurope.com\/@fr\/115954129485927832","error":""},"_links":{"self":[{"href":"https:\/\/www.europesays.com\/fr\/wp-json\/wp\/v2\/posts\/687554","targetHints":{"allow":["GET"]}}],"collection":[{"href":"https:\/\/www.europesays.com\/fr\/wp-json\/wp\/v2\/posts"}],"about":[{"href":"https:\/\/www.europesays.com\/fr\/wp-json\/wp\/v2\/types\/post"}],"author":[{"embeddable":true,"href":"https:\/\/www.europesays.com\/fr\/wp-json\/wp\/v2\/users\/2"}],"replies":[{"embeddable":true,"href":"https:\/\/www.europesays.com\/fr\/wp-json\/wp\/v2\/comments?post=687554"}],"version-history":[{"count":0,"href":"https:\/\/www.europesays.com\/fr\/wp-json\/wp\/v2\/posts\/687554\/revisions"}],"wp:featuredmedia":[{"embeddable":true,"href":"https:\/\/www.europesays.com\/fr\/wp-json\/wp\/v2\/media\/687555"}],"wp:attachment":[{"href":"https:\/\/www.europesays.com\/fr\/wp-json\/wp\/v2\/media?parent=687554"}],"wp:term":[{"taxonomy":"category","embeddable":true,"href":"https:\/\/www.europesays.com\/fr\/wp-json\/wp\/v2\/categories?post=687554"},{"taxonomy":"post_tag","embeddable":true,"href":"https:\/\/www.europesays.com\/fr\/wp-json\/wp\/v2\/tags?post=687554"}],"curies":[{"name":"wp","href":"https:\/\/api.w.org\/{rel}","templated":true}]}}