{"id":687558,"date":"2026-01-25T05:41:13","date_gmt":"2026-01-25T05:41:13","guid":{"rendered":"https:\/\/www.europesays.com\/fr\/687558\/"},"modified":"2026-01-25T05:41:13","modified_gmt":"2026-01-25T05:41:13","slug":"vraiment-le-fd-que-tu-penses-etre","status":"publish","type":"post","link":"https:\/\/www.europesays.com\/fr\/687558\/","title":{"rendered":"vraiment le fd* que tu penses \u00eatre"},"content":{"rendered":"<p itemprop=\"description\"><strong>Visiblement, Sadek est toujours tr\u00e8s remont\u00e9 contre la mani\u00e8re dont Babs utilise l&rsquo;h\u00e9ritage de Werenoi, et il a d\u00e9cid\u00e9 de le faire savoir sur Twitter.<\/strong><\/p>\n<p>Apr\u00e8s que <strong>Babs, producteur de Werenoi<\/strong>, et la m\u00e8re du rappeur ont <a href=\"https:\/\/generations.fr\/news\/coulisse\/80925\/werenoi-sa-mere-et-babs-ont-finalement-trouve-un-accord-concernant-le-concert-hommage\" target=\"_blank\" rel=\"noopener\">fait la paix sur les r\u00e9seaux sociaux<\/a>, on pensait que<strong> les conflits autour de l&rsquo;h\u00e9ritage<\/strong> musical de l&rsquo;artiste allaient se calmer. Entre l&rsquo;annonce du <strong>concert hommage qui aura lieu \u00e0 Bercy en Mars<\/strong>, mais aussi l<a href=\"https:\/\/generations.fr\/news\/musique\/80962\/babs-devoile-une-exclu-de-werenoi-un-album-en-route\" target=\"_blank\" rel=\"noopener\">a sortie d&rsquo;un morceau exclusif \u00e0 titre posthume<\/a>, le business musical semblait prendre son cours \u00ab\u00a0normal\u00a0\u00bb. Mais il y a visiblement une <strong>personne absolument pas satisfaite par la situation : Sadek<\/strong>, qui a d\u00e9cid\u00e9 d&rsquo;<strong>insulter violemment Bab<\/strong>s via son compte Twitter.<\/p>\n<p>Visiblement, la publication de l&rsquo;extrait d&rsquo;un morceau in\u00e9dit de Werenoi a fait sortir Sadek de ses gonds. <strong>Le rappeur du 93 soutient toujours la th\u00e8se selon laquelle Babs serait un vautour qui cherche \u00e0 se faire de la thune sur le dos de son amis mort<\/strong>. Il a \u00e9t\u00e9 encore plus loin hier dans son tweet :<\/p>\n<blockquote><p>&#13;<\/p>\n<p>Mais l\u2019artiste est mort, non ? Est-ce que \u00e7a serait pas une mani\u00e8re de continuer \u00e0 g\u00e9n\u00e9rer de l\u2019argent sur le dos d\u2019un mort, du coup ? <strong>Y\u2019a un projet posthume qui va sortir ? Parce que je connaissais cet artiste, il ne voulait qu\u2019aucun son sorte apr\u00e8s sa mort. Babs vraiment le fdp que tu penses \u00eatre<\/strong>.<\/p>\n<p>&#13;\n<\/p><\/blockquote>\n<p>Sadek continue ensuite son pressing, en <strong>affirmant que cette sortie se faisait sans aucune autorisation de la part des ayants droit<\/strong>. Plus tard, dans un autre tweet, il demande pardon aux gens en rappelant que c&rsquo;\u00e9tait lui qui avait \u00e9t\u00e9 le premier \u00e0 mettre la lumi\u00e8re sur Babs, en ressortant un de ses anciens tweets avec lequel il faisait la promo d&rsquo;un morceau de Babs. Sadek affirme \u00e9galement que <strong><a href=\"https:\/\/generations.fr\/news\/coulisse\/80907\/werenoi-sa-mere-en-colere-au-sujet-du-concert-en-hommage-au-rappeur\" target=\"_blank\" rel=\"noopener\">Werenoi<\/a> lui aurait dit de vive voix qu&rsquo;il ne voulait pas que de la musique sortie apr\u00e8s sa mort.<\/strong><\/p>\n<blockquote class=\"twitter-tweet\"><p>&#13;<\/p>\n<p dir=\"ltr\" lang=\"fr\">Mais l\u2019artiste est mort, non ?<br \/>Est-ce que \u00e7a serait pas une mani\u00e8re de continuer \u00e0 g\u00e9n\u00e9rer de l\u2019argent sur le dos d\u2019un mort, du coup ?<br \/>Y\u2019a un projet posthume qui va sortir ?<\/p>\n<p>Parce que je connaissais cet artiste, il ne voulait qu\u2019aucun son sorte apr\u00e8s sa mort.<\/p>\n<p>Babs vraiment le\u2026 <a href=\"https:\/\/t.co\/Hrf9sPTy3H\">https:\/\/t.co\/Hrf9sPTy3H<\/a><\/p>\n<p>&#13;<br \/>\n\u2014 sadek (@Sadekniuum) <a href=\"https:\/\/twitter.com\/Sadekniuum\/status\/2014327894546559029?ref_src=twsrc%5Etfw\" target=\"_blank\" rel=\"noopener\">January 22, 2026<\/a><\/p><\/blockquote>\n<p>On peut quand m\u00eame s&rsquo;interroger sur la tournure des \u00e9v\u00e8nements : <strong>il para\u00eet \u00e9tonnant de voir l&rsquo;homme qui aurait \u00e9t\u00e9 le producteur de Werenoi n&rsquo;avoir aucune autorisation pour sortir les morceaux<\/strong>. Evidemment, rien n&rsquo;est impossible, mais plus on creuse au sujet de cette histoire, plus on dirait que tous les gens impliqu\u00e9s mentent&#8230; La seule chose certaine, c&rsquo;est que l&rsquo;artiste n&rsquo;est pas pr\u00eat de reposer en paix, avec tout ce qui se raconte autour de lui.<\/p>\n<blockquote class=\"twitter-tweet\"><p>&#13;<\/p>\n<p dir=\"ltr\" lang=\"fr\">Peut \u00eatre parce que contrairement \u00e0 toi, je l\u2019ai c\u00f4toy\u00e9, et travailler avec lui, tu sais les etres humains ont des bouches qui leurs permettent d\u2019exprimer leurs pens\u00e9es \u2026<\/p>\n<p>&#13;<br \/>\n\u2014 sadek (@Sadekniuum) <a href=\"https:\/\/twitter.com\/Sadekniuum\/status\/2014523173849731269?ref_src=twsrc%5Etfw\" target=\"_blank\" rel=\"noopener\">January 23, 2026<\/a><\/p><\/blockquote>\n<p>\t\t\t\t\t\t\t\t\t\t\t\t\t\t\t\t\t\t\t<script async src=\"https:\/\/platform.twitter.com\/widgets.js\" charset=\"utf-8\"><\/script><\/p>\n","protected":false},"excerpt":{"rendered":"Visiblement, Sadek est toujours tr\u00e8s remont\u00e9 contre la mani\u00e8re dont Babs utilise l&rsquo;h\u00e9ritage de Werenoi, et il a&hellip;\n","protected":false},"author":2,"featured_media":687559,"comment_status":"","ping_status":"","sticky":false,"template":"","format":"standard","meta":{"footnotes":""},"categories":[1355],"tags":[1111,67642,11,2163,58,59,1011,27,3612,3620,3606,3607,3605,3608,3617,3615,3609,1922,1361,873,12,2189,3658,1825,67643,3616,3656,67641,3619,3621,3611,3610,2955,3655],"class_list":{"0":"post-687558","1":"post","2":"type-post","3":"status-publish","4":"format-standard","5":"has-post-thumbnail","7":"category-musique","8":"tag-actu","9":"tag-actu-rap","10":"tag-actualites","11":"tag-chroniques","12":"tag-divertissement","13":"tag-entertainment","14":"tag-fr","15":"tag-france","16":"tag-freestyles","17":"tag-funk","18":"tag-generation","19":"tag-generation88-2","20":"tag-generations","21":"tag-generations88-2","22":"tag-hip-hop","23":"tag-hiphop","24":"tag-hiphopsoul","25":"tag-info","26":"tag-music","27":"tag-musique","28":"tag-news","29":"tag-photos","30":"tag-playlist","31":"tag-radio","32":"tag-radio-rap","33":"tag-rap","34":"tag-rapfr","35":"tag-rapus","36":"tag-reggae","37":"tag-rnb","38":"tag-sons","39":"tag-soul","40":"tag-videos","41":"tag-webradio"},"share_on_mastodon":{"url":"https:\/\/pubeurope.com\/@fr\/115954141332023114","error":""},"_links":{"self":[{"href":"https:\/\/www.europesays.com\/fr\/wp-json\/wp\/v2\/posts\/687558","targetHints":{"allow":["GET"]}}],"collection":[{"href":"https:\/\/www.europesays.com\/fr\/wp-json\/wp\/v2\/posts"}],"about":[{"href":"https:\/\/www.europesays.com\/fr\/wp-json\/wp\/v2\/types\/post"}],"author":[{"embeddable":true,"href":"https:\/\/www.europesays.com\/fr\/wp-json\/wp\/v2\/users\/2"}],"replies":[{"embeddable":true,"href":"https:\/\/www.europesays.com\/fr\/wp-json\/wp\/v2\/comments?post=687558"}],"version-history":[{"count":0,"href":"https:\/\/www.europesays.com\/fr\/wp-json\/wp\/v2\/posts\/687558\/revisions"}],"wp:featuredmedia":[{"embeddable":true,"href":"https:\/\/www.europesays.com\/fr\/wp-json\/wp\/v2\/media\/687559"}],"wp:attachment":[{"href":"https:\/\/www.europesays.com\/fr\/wp-json\/wp\/v2\/media?parent=687558"}],"wp:term":[{"taxonomy":"category","embeddable":true,"href":"https:\/\/www.europesays.com\/fr\/wp-json\/wp\/v2\/categories?post=687558"},{"taxonomy":"post_tag","embeddable":true,"href":"https:\/\/www.europesays.com\/fr\/wp-json\/wp\/v2\/tags?post=687558"}],"curies":[{"name":"wp","href":"https:\/\/api.w.org\/{rel}","templated":true}]}}