{"id":687570,"date":"2026-01-25T05:47:21","date_gmt":"2026-01-25T05:47:21","guid":{"rendered":"https:\/\/www.europesays.com\/fr\/687570\/"},"modified":"2026-01-25T05:47:21","modified_gmt":"2026-01-25T05:47:21","slug":"ne-ratez-pas-cette-plante-increvable-qui-debarque-chez-lidl-pour-moins-de-5e","status":"publish","type":"post","link":"https:\/\/www.europesays.com\/fr\/687570\/","title":{"rendered":"ne ratez pas cette plante \u00ab\u00a0increvable\u00a0\u00bb qui d\u00e9barque chez Lidl pour moins de 5\u20ac"},"content":{"rendered":"<p>Zamioculcas Lidl : la plante increvable qui met tout le monde<br \/>\nd\u2019accord<\/p>\n<p>Son look brillant et ses feuilles \u00e9paisses rassurent les t\u00eates<br \/>\nen l\u2019air. Et pour cause : l\u2019incontournable Zamioculcas Zamiifolia,<br \/>\nalias <strong>plante ZZ<\/strong>, arrive chez <strong>Lidl<\/strong><br \/>\ndans un format id\u00e9al pour l\u2019int\u00e9rieur. Cette verte venue d\u2019Afrique<br \/>\nde l\u2019Est s\u2019adapte aux salons un peu sombres et aux appartements<br \/>\nchauff\u00e9s, sans broncher. Elle pardonne les oublis, les week\u2011ends \u00e0<br \/>\nrallonge, les voyages. On parle d\u2019une plante qui coche toutes les<br \/>\ncases d\u00e9co et facilit\u00e9.<\/p>\n<p>Les amateurs de bons plans l\u2019attendaient, car son succ\u00e8s ne se<br \/>\nd\u00e9ment pas en jardinerie. Le timing de l\u2019arrivage et le niveau de<br \/>\nprix font toute la diff\u00e9rence, autant le dire. Vous voulez les<br \/>\nchiffres et le mode d\u2019emploi pour ne pas la rater ? Patience, on y<br \/>\nvient.<\/p>\n<p>Offre Lidl \u00e0 4,99 \u20ac : format, date et stock \u00e0 surveiller<\/p>\n<p>Selon le catalogue <strong>Plantes et Fleurs<\/strong> de<br \/>\n<strong>Lidl France<\/strong>, le <strong>Zamioculcas<br \/>\nZamiifolia<\/strong> sera disponible \u00e0 partir du <strong>mercredi 21<br \/>\njanvier 2026<\/strong> au prix de <strong>4,99 \u20ac<\/strong> l\u2019unit\u00e9.<br \/>\nLe format annonc\u00e9 est un <strong>pot 12 cm<\/strong> pour une<br \/>\nhauteur d\u2019environ <strong>35\u201340 cm<\/strong>, soit la taille<br \/>\nparfaite pour un bureau ou une \u00e9tag\u00e8re. Arrivage national,<br \/>\n<strong>stocks limit\u00e9s<\/strong> d\u2019environ 20 plantes par magasin,<br \/>\net ouverture des portes d\u00e8s <strong>8 h 30<\/strong> : mieux vaut<br \/>\nviser le matin.<\/p>\n<p>Sur le march\u00e9, ce niveau de prix est une exception. En<br \/>\ndistribution classique, des tailles comparables d\u00e9butent plut\u00f4t<br \/>\nautour de 15 \u20ac et grimpent facilement \u00e0 25 \u20ac selon le diam\u00e8tre de<br \/>\npot et la hauteur. IKEA affiche une version en pot 17 cm \u00e0 14,99 \u20ac,<br \/>\nBricomarch\u00e9 vend couramment du 30\u201340 cm en pot 12 cm autour de<br \/>\n24,99 \u20ac, quand Castorama oscille vers 25\u201330 \u20ac pour 55\u201365 cm, et des<br \/>\nsites sp\u00e9cialis\u00e9s annoncent pr\u00e8s de 22,95 \u20ac.<\/p>\n<p>Pourquoi le Zamioculcas est si r\u00e9sistant : la petite<br \/>\nexplication qui change tout<\/p>\n<p>Son secret tient \u00e0 ses <strong>rhizomes tub\u00e9reux<\/strong>, de<br \/>\nv\u00e9ritables r\u00e9servoirs souterrains qui accumulent l\u2019eau. La plante<br \/>\npeut ainsi ralentir son m\u00e9tabolisme et attendre sagement le<br \/>\nprochain arrosage, m\u00eame apr\u00e8s plusieurs semaines d\u2019oubli. Ajoutez<br \/>\ndes feuilles verniss\u00e9es dot\u00e9es d\u2019une cuticule cireuse qui limite<br \/>\nl\u2019\u00e9vapotranspiration, et vous obtenez une championne de l\u2019air sec<br \/>\ndes appartements. Bonus : elle est souvent cit\u00e9e comme<br \/>\n<strong>plante d\u00e9polluante<\/strong> et convient aux espaces \u00e0<br \/>\nlumi\u00e8re indirecte.<\/p>\n<p>\u00ab\u00a0J\u00a0\u00bbai achet\u00e9 mon premier Zamioculcas chez un discounter il y a 3<br \/>\nans. Je suis partie en mission humanitaire pendant 5 semaines en<br \/>\nlaissant mon appartement volets mi-clos. \u00c0 mon retour, toutes mes<br \/>\nplantes \u00e9taient mortes, sauf elle. Elle avait m\u00eame fait une<br \/>\nnouvelle pousse vert clair. C&rsquo;est la seule plante que je conseille<br \/>\n\u00e0 mes coll\u00e8gues qui font des gardes de nuit\u00a0\u00bb, confie Val\u00e9rie,<br \/>\ninfirmi\u00e8re \u00e0 Lyon, \u00e0 Modes et Travaux.<\/p>\n<p>Comment l\u2019entretenir sans se tromper<br \/>\n?<\/p>\n<p>La r\u00e8gle maison est simple, m\u00e9morisable et terriblement efficace<br \/>\n: la <strong>r\u00e8gle des 3 pas<\/strong>. Pas d\u2019eau stagnante, jamais.<br \/>\nArrosez peu, en hiver environ tous les <strong>20 jours<\/strong>,<br \/>\nl\u2019\u00e9quivalent d\u2019un demi\u2011verre, et laissez le substrat s\u00e9cher \u00e0<br \/>\n<strong>100 %<\/strong> avant de recommencer. Pas de soleil direct<br \/>\nnon plus : installez la plante \u00e0 plus d\u2019<strong>1 m<\/strong> d\u2019une<br \/>\nfen\u00eatre plein sud pour \u00e9viter les br\u00fblures. Enfin, pas d\u2019engrais en<br \/>\nhiver ; premier apport \u00e0 partir de <strong>mai 2026<\/strong>.<\/p>\n<p>Un dernier geste fait vraiment la diff\u00e9rence sur l\u2019aspect<br \/>\nbrillant des feuilles. Oubliez les lustrants chimiques qui bouchent<br \/>\nles stomates. Pr\u00e9f\u00e9rez un d\u00e9poussi\u00e9rage mensuel au chiffon<br \/>\nmicrofibre avec un m\u00e9lange <strong>50 % eau non calcaire \/ 50 %<br \/>\nbi\u00e8re blonde \u00e9vent\u00e9e<\/strong> : c\u2019est doux, \u00e7a ravive l\u2019\u00e9clat et \u00e7a<br \/>\nn\u2019ab\u00eeme pas l\u2019\u00e9piderme v\u00e9g\u00e9tal.<\/p>\n","protected":false},"excerpt":{"rendered":"Zamioculcas Lidl : la plante increvable qui met tout le monde d\u2019accord Son look brillant et ses feuilles&hellip;\n","protected":false},"author":2,"featured_media":687571,"comment_status":"","ping_status":"","sticky":false,"template":"","format":"standard","meta":{"footnotes":""},"categories":[6],"tags":[26517,35,3477,3530,1805,11465,33,34,1011,27,78433,3354,18542,379,16285,5261,22212,471,3583,78432],"class_list":{"0":"post-687570","1":"post","2":"type-post","3":"status-publish","4":"format-standard","5":"has-post-thumbnail","7":"category-economie","8":"tag-5e","9":"tag-business","10":"tag-cette","11":"tag-chez","12":"tag-de","13":"tag-debarque","14":"tag-economie","15":"tag-economy","16":"tag-fr","17":"tag-france","18":"tag-increvable","19":"tag-jardin","20":"tag-lidl","21":"tag-moins","22":"tag-ne","23":"tag-pas","24":"tag-plante","25":"tag-pour","26":"tag-qui","27":"tag-ratez"},"share_on_mastodon":{"url":"https:\/\/pubeurope.com\/@fr\/115954164991155297","error":""},"_links":{"self":[{"href":"https:\/\/www.europesays.com\/fr\/wp-json\/wp\/v2\/posts\/687570","targetHints":{"allow":["GET"]}}],"collection":[{"href":"https:\/\/www.europesays.com\/fr\/wp-json\/wp\/v2\/posts"}],"about":[{"href":"https:\/\/www.europesays.com\/fr\/wp-json\/wp\/v2\/types\/post"}],"author":[{"embeddable":true,"href":"https:\/\/www.europesays.com\/fr\/wp-json\/wp\/v2\/users\/2"}],"replies":[{"embeddable":true,"href":"https:\/\/www.europesays.com\/fr\/wp-json\/wp\/v2\/comments?post=687570"}],"version-history":[{"count":0,"href":"https:\/\/www.europesays.com\/fr\/wp-json\/wp\/v2\/posts\/687570\/revisions"}],"wp:featuredmedia":[{"embeddable":true,"href":"https:\/\/www.europesays.com\/fr\/wp-json\/wp\/v2\/media\/687571"}],"wp:attachment":[{"href":"https:\/\/www.europesays.com\/fr\/wp-json\/wp\/v2\/media?parent=687570"}],"wp:term":[{"taxonomy":"category","embeddable":true,"href":"https:\/\/www.europesays.com\/fr\/wp-json\/wp\/v2\/categories?post=687570"},{"taxonomy":"post_tag","embeddable":true,"href":"https:\/\/www.europesays.com\/fr\/wp-json\/wp\/v2\/tags?post=687570"}],"curies":[{"name":"wp","href":"https:\/\/api.w.org\/{rel}","templated":true}]}}