{"id":687572,"date":"2026-01-25T05:48:10","date_gmt":"2026-01-25T05:48:10","guid":{"rendered":"https:\/\/www.europesays.com\/fr\/687572\/"},"modified":"2026-01-25T05:48:10","modified_gmt":"2026-01-25T05:48:10","slug":"nouvelle-colere-des-europeens-contre-trump-cette-fois-sur-lafghanistan","status":"publish","type":"post","link":"https:\/\/www.europesays.com\/fr\/687572\/","title":{"rendered":"Nouvelle col\u00e8re des Europ\u00e9ens contre Trump, cette fois sur l\u2019Afghanistan"},"content":{"rendered":"<p>Groenland, <a href=\"https:\/\/www.20minutes.fr\/monde\/ukraine\/4197320-20260121-guerre-ukraine-trump-lache-europe-prend-distances-conflit\" target=\"_blank\" class=\"c-link c-link--is-underlined\" rel=\"noopener\">Ukraine<\/a>, relations avec Vladimir Poutine et maintenant Afghanistan\u2026 La liste <a href=\"https:\/\/www.20minutes.fr\/monde\/4197701-20260123-trump-peut-rendre-esclaves-pays-europeens-pathetiques-succession-clashs-davos\" target=\"_blank\" class=\"c-link c-link--is-underlined\" rel=\"noopener\">des sujets de discorde entre Donald Trump et l\u2019Europe<\/a> s\u2019allonge toujours un peu plus. Plusieurs pays europ\u00e9ens ont ainsi d\u00e9nonc\u00e9 samedi les propos du locataire de la Maison-Blanche qui avait d\u00e9clar\u00e9 que les alli\u00e9s de l\u2019Otan \u00e9taient rest\u00e9s \u00ab\u00a0un peu loin des lignes de front\u00a0\u00bb en Afghanistan.<\/p>\n<p>Face aux critiques, le pr\u00e9sident des Etats-Unis est revenu partiellement sur ses propos. Donald Trump a finalement salu\u00e9 le r\u00f4le des soldats britanniques, apr\u00e8s s\u2019\u00eatre entretenu avec Keir Starmer. <a href=\"https:\/\/www.20minutes.fr\/monde\/4197665-20260123-soldats-otan-trop-loin-front-afghanistan-trump-indigne-royaume-uni\" target=\"_blank\" class=\"c-link c-link--is-underlined\" rel=\"noopener\">Le Premier ministre britannique avait qualifi\u00e9 d&rsquo;\u00ab\u00a0insultants\u00a0\u00bb les propos du dirigeant am\u00e9ricain<\/a>.<\/p>\n<p>Un tout petit r\u00e9trop\u00e9dalage de Trump<\/p>\n<p>\u00ab\u00a0Les GRANDS et TRES BRAVES soldats du Royaume-Uni seront toujours aux c\u00f4t\u00e9s des Etats-Unis d\u2019Am\u00e9rique\u00a0! En Afghanistan, 457 sont morts, beaucoup ont \u00e9t\u00e9 gravement bless\u00e9s, et ils figuraient parmi les plus grands guerriers. C\u2019est un lien bien trop fort pour \u00eatre jamais rompu\u00a0\u00bb, a d\u00e9clar\u00e9 Donald Trump sur Truth Social.<\/p>\n<\/p>\n<p>Dans un entretien jeudi \u00e0 Fox News, il s\u2019en \u00e9tait pris aux autres pays de l\u2019Otan durant les 20 ans de conflit en Afghanistan, affirmant qu\u2019ils \u00e9taient \u00ab\u00a0rest\u00e9s un peu loin des lignes de front\u00a0\u00bb et que les Etats-Unis n\u2019ont \u00ab\u00a0jamais eu besoin d\u2019eux\u00a0\u00bb. Mais s\u2019il a fait amende honorable sur le r\u00f4le des soldats britanniques, il n\u2019a rien dit de l\u2019engagement des soldats des autres pays.<\/p>\n<p>D\u00e8s vendredi, Keir Starmer, \u00e0 l\u2019unisson de toute la classe politique, avait qualifi\u00e9 d&rsquo;\u00ab\u00a0insultants\u00a0\u00bb et \u00ab\u00a0franchement consternants\u00a0\u00bb ces d\u00e9clarations. Le Royaume-Uni est le pays ayant enregistr\u00e9 le plus de pertes en <a href=\"https:\/\/www.20minutes.fr\/monde\/afghanistan\/\" target=\"_blank\" class=\"c-link c-link--is-underlined\" rel=\"noopener\">Afghanistan<\/a> derri\u00e8re les Etats-Unis (2.400 morts).<\/p>\n<p>La France pleure 89 morts en Afghanistan<\/p>\n<p>La France, le Danemark, l\u2019Italie et la Pologne ont aussi exprim\u00e9 leur indignation. \u00ab\u00a0Ces d\u00e9clarations inacceptables n\u2019appellent aucun commentaire. C\u2019est aux familles de soldats tomb\u00e9s que le chef de l\u2019Etat souhaite apporter du r\u00e9confort et redire la reconnaissance et la m\u00e9moire respectueuse de la nation\u00a0\u00bb, a dit l\u2019entourage d\u2019Emmanuel Macron. La France a d\u00e9plor\u00e9 89 morts en Afghanistan entre\u00a02001 et\u00a02014.<\/p>\n<p>En Italie, le chef de la diplomatie Antonio Tajani a post\u00e9 samedi sur X un message pour rendre hommage \u00ab\u00a0aux 53 militaires italiens\u00a0\u00bb morts en Afghanistan. La Premi\u00e8re ministre Giorgia Meloni a, elle, exprim\u00e9 sa \u00ab\u00a0stup\u00e9faction\u00a0\u00bb et exig\u00e9 \u00ab\u00a0le respect\u00a0\u00bb.<\/p>\n<p>Le Premier ministre polonais Donald Tusk a pour sa part rappel\u00e9 avoir particip\u00e9 \u00e0 une c\u00e9r\u00e9monie d\u2019adieu en\u00a02011 pour cinq soldats polonais tu\u00e9s au combat en Afghanistan. \u00ab\u00a0Les officiers am\u00e9ricains qui m\u2019accompagnaient alors m\u2019ont dit que l\u2019Am\u00e9rique n\u2019oublierait jamais les h\u00e9ros polonais. Peut-\u00eatre le rappelleront-ils au pr\u00e9sident Trump\u00a0\u00bb, \u00e9crit-il sur X.<\/p>\n<p><a href=\"https:\/\/www.20minutes.fr\/monde\/etats-unis\/\" target=\"_blank\" class=\"c-link c-btn c-btn--primary\" rel=\"noopener\">Notre dossier sur les Etats-Unis<\/a><\/p>\n<p>Au Danemark, la Premi\u00e8re ministre Mette Frederiksen a jug\u00e9 \u00ab\u00a0insupportable que le pr\u00e9sident am\u00e9ricain remette en question l\u2019engagement des soldats alli\u00e9s en Afghanistan\u00a0\u00bb. Selon les forces arm\u00e9es danoises, 44 soldats danois sont morts en Afghanistan.<\/p>\n","protected":false},"excerpt":{"rendered":"Groenland, Ukraine, relations avec Vladimir Poutine et maintenant Afghanistan\u2026 La liste des sujets de discorde entre Donald Trump&hellip;\n","protected":false},"author":2,"featured_media":687573,"comment_status":"","ping_status":"","sticky":false,"template":"","format":"standard","meta":{"footnotes":""},"categories":[5],"tags":[47,11,598,145,75,19429,1073,73,1011,27,3044,14,452,74,12,136,2437,133,28],"class_list":{"0":"post-687572","1":"post","2":"type-post","3":"status-publish","4":"format-standard","5":"has-post-thumbnail","7":"category-international","8":"tag-actualite","9":"tag-actualites","10":"tag-afghanistan","11":"tag-danemark","12":"tag-donald-trump","13":"tag-donald-tusk","14":"tag-emmanuel-macron","15":"tag-etats-unis","16":"tag-fr","17":"tag-france","18":"tag-giorgia-meloni","19":"tag-international","20":"tag-italie","21":"tag-monde","22":"tag-news","23":"tag-otan","24":"tag-pologne","25":"tag-video","26":"tag-world"},"share_on_mastodon":{"url":"https:\/\/pubeurope.com\/@fr\/115954168969225568","error":""},"_links":{"self":[{"href":"https:\/\/www.europesays.com\/fr\/wp-json\/wp\/v2\/posts\/687572","targetHints":{"allow":["GET"]}}],"collection":[{"href":"https:\/\/www.europesays.com\/fr\/wp-json\/wp\/v2\/posts"}],"about":[{"href":"https:\/\/www.europesays.com\/fr\/wp-json\/wp\/v2\/types\/post"}],"author":[{"embeddable":true,"href":"https:\/\/www.europesays.com\/fr\/wp-json\/wp\/v2\/users\/2"}],"replies":[{"embeddable":true,"href":"https:\/\/www.europesays.com\/fr\/wp-json\/wp\/v2\/comments?post=687572"}],"version-history":[{"count":0,"href":"https:\/\/www.europesays.com\/fr\/wp-json\/wp\/v2\/posts\/687572\/revisions"}],"wp:featuredmedia":[{"embeddable":true,"href":"https:\/\/www.europesays.com\/fr\/wp-json\/wp\/v2\/media\/687573"}],"wp:attachment":[{"href":"https:\/\/www.europesays.com\/fr\/wp-json\/wp\/v2\/media?parent=687572"}],"wp:term":[{"taxonomy":"category","embeddable":true,"href":"https:\/\/www.europesays.com\/fr\/wp-json\/wp\/v2\/categories?post=687572"},{"taxonomy":"post_tag","embeddable":true,"href":"https:\/\/www.europesays.com\/fr\/wp-json\/wp\/v2\/tags?post=687572"}],"curies":[{"name":"wp","href":"https:\/\/api.w.org\/{rel}","templated":true}]}}