{"id":687582,"date":"2026-01-25T05:56:13","date_gmt":"2026-01-25T05:56:13","guid":{"rendered":"https:\/\/www.europesays.com\/fr\/687582\/"},"modified":"2026-01-25T05:56:13","modified_gmt":"2026-01-25T05:56:13","slug":"celine-dion-maccompagne-depuis-toujours","status":"publish","type":"post","link":"https:\/\/www.europesays.com\/fr\/687582\/","title":{"rendered":"\u00ab\u00a0C\u00e9line Dion m\u2019accompagne depuis toujours\u00a0\u00bb"},"content":{"rendered":"<p><strong>Pourquoi <a href=\"https:\/\/www.estrepublicain.fr\/p\/celine-dion\" target=\"_blank\" rel=\"noopener\">C\u00e9line Dion<\/a>\u00a0? Pourquoi elle plut\u00f4t qu\u2019une autre\u00a0?<\/strong><\/p>\n<p>\u00ab\u00a0Parce que je viens du Qu\u00e9bec, tout simplement. L\u00e0-bas, C\u00e9line fait partie de nos vies depuis 1981. J\u2019avais trois ou quatre ans quand je la voyais d\u00e9j\u00e0 \u00e0 la t\u00e9l\u00e9vision. J\u2019ai tout de suite \u00e9t\u00e9 fascin\u00e9e, pas seulement par sa voix, mais par ses interpr\u00e9tations, toujours tr\u00e8s touchantes, d\u00e8s ses d\u00e9buts.\u00a0\u00bb<\/p>\n<p><strong>Cette passion vous a suivie toute votre vie\u00a0?<\/strong><\/p>\n<p>\u00ab\u00a0Oui,&#8230;<\/p>\n","protected":false},"excerpt":{"rendered":"Pourquoi C\u00e9line Dion\u00a0? Pourquoi elle plut\u00f4t qu\u2019une autre\u00a0? \u00ab\u00a0Parce que je viens du Qu\u00e9bec, tout simplement. L\u00e0-bas, C\u00e9line&hellip;\n","protected":false},"author":2,"featured_media":687583,"comment_status":"","ping_status":"","sticky":false,"template":"","format":"standard","meta":{"footnotes":""},"categories":[9635],"tags":[1111,11,1687,1707,1704,1706,1705,1777,674,1011,27,775,873,1702,1703,12,25,4604],"class_list":{"0":"post-687582","1":"post","2":"type-post","3":"status-publish","4":"format-standard","5":"has-post-thumbnail","7":"category-nancy","8":"tag-actu","9":"tag-actualites","10":"tag-culture-loisirs","11":"tag-edition-luneville","12":"tag-edition-nancy-et-agglomeration","13":"tag-edition-pont-a-mousson","14":"tag-edition-toul","15":"tag-eu","16":"tag-europe","17":"tag-fr","18":"tag-france","19":"tag-grand-est","20":"tag-musique","21":"tag-nancy","22":"tag-nancy-ville-54b","23":"tag-news","24":"tag-republique-francaise","25":"tag-selection-abonne"},"share_on_mastodon":{"url":"https:\/\/pubeurope.com\/@fr\/115954200237207588","error":""},"_links":{"self":[{"href":"https:\/\/www.europesays.com\/fr\/wp-json\/wp\/v2\/posts\/687582","targetHints":{"allow":["GET"]}}],"collection":[{"href":"https:\/\/www.europesays.com\/fr\/wp-json\/wp\/v2\/posts"}],"about":[{"href":"https:\/\/www.europesays.com\/fr\/wp-json\/wp\/v2\/types\/post"}],"author":[{"embeddable":true,"href":"https:\/\/www.europesays.com\/fr\/wp-json\/wp\/v2\/users\/2"}],"replies":[{"embeddable":true,"href":"https:\/\/www.europesays.com\/fr\/wp-json\/wp\/v2\/comments?post=687582"}],"version-history":[{"count":0,"href":"https:\/\/www.europesays.com\/fr\/wp-json\/wp\/v2\/posts\/687582\/revisions"}],"wp:featuredmedia":[{"embeddable":true,"href":"https:\/\/www.europesays.com\/fr\/wp-json\/wp\/v2\/media\/687583"}],"wp:attachment":[{"href":"https:\/\/www.europesays.com\/fr\/wp-json\/wp\/v2\/media?parent=687582"}],"wp:term":[{"taxonomy":"category","embeddable":true,"href":"https:\/\/www.europesays.com\/fr\/wp-json\/wp\/v2\/categories?post=687582"},{"taxonomy":"post_tag","embeddable":true,"href":"https:\/\/www.europesays.com\/fr\/wp-json\/wp\/v2\/tags?post=687582"}],"curies":[{"name":"wp","href":"https:\/\/api.w.org\/{rel}","templated":true}]}}