{"id":687620,"date":"2026-01-25T06:25:16","date_gmt":"2026-01-25T06:25:16","guid":{"rendered":"https:\/\/www.europesays.com\/fr\/687620\/"},"modified":"2026-01-25T06:25:16","modified_gmt":"2026-01-25T06:25:16","slug":"quand-les-bateliers-du-rhone-faisaient-escale-a-feyzin","status":"publish","type":"post","link":"https:\/\/www.europesays.com\/fr\/687620\/","title":{"rendered":"quand les bateliers du Rh\u00f4ne faisaient escale \u00e0 Feyzin"},"content":{"rendered":"<p>Connaissez-vous l\u2019histoire des nautes* s\u2019arr\u00eatant \u00e0 Feyzin\u00a0? Ils \u00ab\u00a0assuraient la remonte du sel, des huiles, vins, dattes, c\u00e9ramiques, marbres venant des pays m\u00e9diterran\u00e9ens\u00a0\u00bb, renseigne La Ficelle , <a href=\"https:\/\/www.laficelle.com\/\" target=\"_blank\" rel=\"noopener\">mensuel de Lyon Croix Rousse<\/a>.<\/p>\n<p>Les bateaux \u00e0 fond plat sont alors tir\u00e9s depuis la rive par des centaines d\u2019hommes entre Arles et Lyon. La remont\u00e9e peut prendre plus d\u2019un mois.<\/p>\n<p>Point de ravitaillement<\/p>\n<p>\u00ab\u00a0On dit que le nom de Feyzin vient du latin fascis (fagots). On pense que les nautes du Rh\u00f4ne, \u00e0 l\u2019approche de Lugdunum, faisaient provision de fagots pour les d\u00e9charger avec leur froment dans l\u2019\u00eele des Canabae, la grande \u00eele du confluent du Rh\u00f4ne et de la Sa\u00f4ne o\u00f9&#8230;<\/p>\n","protected":false},"excerpt":{"rendered":"Connaissez-vous l\u2019histoire des nautes* s\u2019arr\u00eatant \u00e0 Feyzin\u00a0? Ils \u00ab\u00a0assuraient la remonte du sel, des huiles, vins, dattes, c\u00e9ramiques,&hellip;\n","protected":false},"author":2,"featured_media":687621,"comment_status":"","ping_status":"","sticky":false,"template":"","format":"standard","meta":{"footnotes":""},"categories":[1889],"tags":[1111,11,2430,1687,3152,1777,674,29519,1011,27,937,2428,12,2661,25,2429,104,4407],"class_list":{"0":"post-687620","1":"post","2":"type-post","3":"status-publish","4":"format-standard","5":"has-post-thumbnail","7":"category-lyon","8":"tag-actu","9":"tag-actualites","10":"tag-auvergne-rhone-alpes","11":"tag-culture-loisirs","12":"tag-edition-est-lyonnais","13":"tag-eu","14":"tag-europe","15":"tag-feyzin","16":"tag-fr","17":"tag-france","18":"tag-histoire","19":"tag-lyon","20":"tag-news","21":"tag-patrimoine-culturel","22":"tag-republique-francaise","23":"tag-rhone","24":"tag-societe","25":"tag-venissieux-bassin"},"share_on_mastodon":{"url":"https:\/\/pubeurope.com\/@fr\/115954314307169292","error":""},"_links":{"self":[{"href":"https:\/\/www.europesays.com\/fr\/wp-json\/wp\/v2\/posts\/687620","targetHints":{"allow":["GET"]}}],"collection":[{"href":"https:\/\/www.europesays.com\/fr\/wp-json\/wp\/v2\/posts"}],"about":[{"href":"https:\/\/www.europesays.com\/fr\/wp-json\/wp\/v2\/types\/post"}],"author":[{"embeddable":true,"href":"https:\/\/www.europesays.com\/fr\/wp-json\/wp\/v2\/users\/2"}],"replies":[{"embeddable":true,"href":"https:\/\/www.europesays.com\/fr\/wp-json\/wp\/v2\/comments?post=687620"}],"version-history":[{"count":0,"href":"https:\/\/www.europesays.com\/fr\/wp-json\/wp\/v2\/posts\/687620\/revisions"}],"wp:featuredmedia":[{"embeddable":true,"href":"https:\/\/www.europesays.com\/fr\/wp-json\/wp\/v2\/media\/687621"}],"wp:attachment":[{"href":"https:\/\/www.europesays.com\/fr\/wp-json\/wp\/v2\/media?parent=687620"}],"wp:term":[{"taxonomy":"category","embeddable":true,"href":"https:\/\/www.europesays.com\/fr\/wp-json\/wp\/v2\/categories?post=687620"},{"taxonomy":"post_tag","embeddable":true,"href":"https:\/\/www.europesays.com\/fr\/wp-json\/wp\/v2\/tags?post=687620"}],"curies":[{"name":"wp","href":"https:\/\/api.w.org\/{rel}","templated":true}]}}