{"id":687624,"date":"2026-01-25T06:30:17","date_gmt":"2026-01-25T06:30:17","guid":{"rendered":"https:\/\/www.europesays.com\/fr\/687624\/"},"modified":"2026-01-25T06:30:17","modified_gmt":"2026-01-25T06:30:17","slug":"defaite-a-domicile-face-au-sf-paris-actualites-union-bordeaux-begles-ubb-rugby","status":"publish","type":"post","link":"https:\/\/www.europesays.com\/fr\/687624\/","title":{"rendered":"D\u00e9faite \u00e0 domicile face au SF Paris &#8211; Actualit\u00e9s &#8211; Union Bordeaux B\u00e8gles (UBB Rugby)"},"content":{"rendered":"<p>                    Nos Girondins s\u2019inclinent avec le bonus offensif lors de la 15e journ\u00e9e de Top 14, \u00e0 Chaban.<\/p>\n<p>Sous des auspices plut\u00f4t changeants, le match d\u00e9butait difficilement pour nos Girondins, qui subissaient le forfait de <strong>Martin Page-Relo<\/strong>, remplac\u00e9 lors de la warm-up par <strong>Arthur Reti\u00e8re. Valentin Hutteau<\/strong> venait quant \u00e0 lui prendre place sur le banc.<\/p>\n<p>Le Stade Fran\u00e7ais Paris d\u00e9marrait fort la rencontre avec un essai de <strong>Peniasi Dakuwaqa<\/strong> d\u00e8s la <strong>3e minute de jeu<\/strong>, \u00e0 la suite d\u2019un coup de pied rasant de son arri\u00e8re L<strong>\u00e9o Barr\u00e9. Louis Carbonel<\/strong> ajustait la premi\u00e8re transformation <strong>(0-7)<\/strong>.<br \/>On devinait rapidement que les Parisiens \u00e9taient venus avec de s\u00e9rieuses intentions \u00e0 Bordeaux, malmenant la d\u00e9fense de l\u2019UBB durant les dix premi\u00e8res minutes de jeu. Face \u00e0 des Bordelo-B\u00e9glais d\u00e9connect\u00e9s, <strong>Joseph Marchant<\/strong> en profitait pour inscrire le second essai des Soldats Roses, portant le score \u00e0 <strong>0-14 d\u00e8s la 8e minute<\/strong>.<\/p>\n<p>Finalement, \u00e0 la suite de trop nombreuses fautes du c\u00f4t\u00e9 du Stade Fran\u00e7ais, <strong>Louis Carbonel<\/strong> \u00e9tait contraint de quitter ses co\u00e9quipiers pour dix minutes. C\u2019est alors <strong>Arthur Reti\u00e8re<\/strong> qui inscrivait les premiers points de l\u2019UBB apr\u00e8s une p\u00e9nalit\u00e9 jou\u00e9e \u00e0 la main dans les cinq m\u00e8tres. <strong>Jalibert<\/strong> transformait et nos Bordelo-B\u00e9glais se remettaient en marche <strong>(28e ; 7-14)<\/strong>.<br \/>Nos Girondins continuaient de profiter de leur avantage num\u00e9rique puisque le deuxi\u00e8me essai ne tardait pas. \u00c0 la suite d\u2019un long coup de pied de <strong>Matthieu Jalibert, Dakuwaqa<\/strong> arrivait le premier sur le ballon, mais gr\u00e2ce \u00e0 une belle d\u00e9fense et \u00e0 un cafouillage parisien, <strong>Jefferson Poirot<\/strong> venait finalement aplatir le second essai, une nouvelle fois transform\u00e9 par notre ouvreur. Le score revenait \u00e0 \u00e9galit\u00e9 <strong>(14-14) \u00e0 la 33e minute.<\/strong>\u00a0<\/p>\n<p>Malheureusement, alors que les deux \u00e9quipes \u00e9voluaient de nouveau \u00e0 <strong>15 contre 15<\/strong>, Paris reprenait l\u2019avantage en force par l\u2019interm\u00e9diaire de son troisi\u00e8me ligne aile <strong>Tanginoa Halaifonua. Louis Carbonel<\/strong> transformait \u00e0 nouveau, permettant aux visiteurs de repasser devant deux minutes avant la fin de la premi\u00e8re p\u00e9riode <strong>(38&prime; ; 14-21)<\/strong>.<\/p>\n<p><strong>Une premi\u00e8re mi-temps trop approximative ne permettait pas \u00e0 notre \u00e9quipe de contrer les hommes de la capitale, venus avec ambition et d\u00e9termination pour cette 15e journ\u00e9e.<\/strong><\/p>\n<p>\u00a0<\/p>\n<p>La seconde mi-temps d\u00e9marrait bien mieux pour nos joueurs, qui revenaient au score d\u00e8s la <strong>42e minute<\/strong> gr\u00e2ce \u00e0 la botte secr\u00e8te de <strong>Matthieu Jalibert<\/strong> : un superbe coup de pied par-dessus pour terminer entre les poteaux <strong>(21-21)<\/strong>.<br \/>Les Parisiens n\u2019avaient toutefois pas dit leur dernier mot, et <strong>Jeremy Ward<\/strong> se promenait dans la d\u00e9fense girondine pour aplatir dans l\u2019en-but \u00e0 peine une minute apr\u00e8s l\u2019essai de <strong>Jalibert<\/strong>, redonnant l\u2019avantage aux Soldats Roses <strong>(21-26).<\/strong><\/p>\n<p><strong>Salesi Rayasi<\/strong> r\u00e9pondait imm\u00e9diatement aux assauts adverses et nos bordelo-b\u00e9glais prenaient, pour la toute premi\u00e8re fois du match, l\u2019avantage au score gr\u00e2ce \u00e0 la transformation de <strong>Joey Carbery<\/strong>, entr\u00e9 en jeu \u00e0 la place d\u2019<strong>Arthur Reti\u00e8re (48e ; 28-26)<\/strong>.<br \/>Avec beaucoup de caract\u00e8re, nos Girondins parvenaient ensuite \u00e0 contenir les offensives parisiennes durant de longues minutes afin de conserver cet avantage. Mais <strong>Yoan Tanga<\/strong> finissait par franchir la ligne d\u2019en-but \u00e0 la <strong>67e minute de jeu<\/strong>, permettant aux visiteurs de repasser devant au score <strong>(28-33)<\/strong>.<\/p>\n<p>Malgr\u00e9 une derni\u00e8re munition dans la derni\u00e8re minute de jeu, nos Girondins ne parvenaient pas \u00e0 recoller au score et s\u2019inclinaient pour la seconde fois de la saison sur la pelouse de Chaban.<\/p>\n<p><strong>Merci aux supporters d&rsquo;\u00eatre venus en nombre pousser derri\u00e8re notre \u00e9quipe. Prochain match le 31 janvier prochain \u00e0 16h35 \u00e0 Montauban et prochaine r\u00e9ception \u00e0 Chaban le 14 f\u00e9vrier \u00e0 14h30 contre Castres.<\/strong><\/p>\n","protected":false},"excerpt":{"rendered":"Nos Girondins s\u2019inclinent avec le bonus offensif lors de la 15e journ\u00e9e de Top 14, \u00e0 Chaban. Sous&hellip;\n","protected":false},"author":2,"featured_media":687625,"comment_status":"","ping_status":"","sticky":false,"template":"","format":"standard","meta":{"footnotes":""},"categories":[1888],"tags":[1111,1928,47,11,1927,4402,1997,4404,4401,4356,4400,4357,1983,1777,674,1011,27,1987,1114,2947,955,12,1926,626,1925,4048,25,479,517,2858,478,4364,4403,1264],"class_list":{"0":"post-687624","1":"post","2":"type-post","3":"status-publish","4":"format-standard","5":"has-post-thumbnail","7":"category-paris","8":"tag-actu","9":"tag-actu-paris","10":"tag-actualite","11":"tag-actualites","12":"tag-actualites-paris","13":"tag-begles","14":"tag-bordeaux","15":"tag-chaban","16":"tag-challenge-cup","17":"tag-coronavirus","18":"tag-covid","19":"tag-covid-19","20":"tag-essai","21":"tag-eu","22":"tag-europe","23":"tag-fr","24":"tag-france","25":"tag-girondins","26":"tag-infos","27":"tag-lnr","28":"tag-match","29":"tag-news","30":"tag-news-paris","31":"tag-paris","32":"tag-paris-news","33":"tag-presse","34":"tag-republique-francaise","35":"tag-rugby","36":"tag-sport","37":"tag-stade","38":"tag-top-14","39":"tag-ubb","40":"tag-union","41":"tag-victoire"},"share_on_mastodon":{"url":"https:\/\/pubeurope.com\/@fr\/115954333994095627","error":""},"_links":{"self":[{"href":"https:\/\/www.europesays.com\/fr\/wp-json\/wp\/v2\/posts\/687624","targetHints":{"allow":["GET"]}}],"collection":[{"href":"https:\/\/www.europesays.com\/fr\/wp-json\/wp\/v2\/posts"}],"about":[{"href":"https:\/\/www.europesays.com\/fr\/wp-json\/wp\/v2\/types\/post"}],"author":[{"embeddable":true,"href":"https:\/\/www.europesays.com\/fr\/wp-json\/wp\/v2\/users\/2"}],"replies":[{"embeddable":true,"href":"https:\/\/www.europesays.com\/fr\/wp-json\/wp\/v2\/comments?post=687624"}],"version-history":[{"count":0,"href":"https:\/\/www.europesays.com\/fr\/wp-json\/wp\/v2\/posts\/687624\/revisions"}],"wp:featuredmedia":[{"embeddable":true,"href":"https:\/\/www.europesays.com\/fr\/wp-json\/wp\/v2\/media\/687625"}],"wp:attachment":[{"href":"https:\/\/www.europesays.com\/fr\/wp-json\/wp\/v2\/media?parent=687624"}],"wp:term":[{"taxonomy":"category","embeddable":true,"href":"https:\/\/www.europesays.com\/fr\/wp-json\/wp\/v2\/categories?post=687624"},{"taxonomy":"post_tag","embeddable":true,"href":"https:\/\/www.europesays.com\/fr\/wp-json\/wp\/v2\/tags?post=687624"}],"curies":[{"name":"wp","href":"https:\/\/api.w.org\/{rel}","templated":true}]}}