{"id":687634,"date":"2026-01-25T06:35:16","date_gmt":"2026-01-25T06:35:16","guid":{"rendered":"https:\/\/www.europesays.com\/fr\/687634\/"},"modified":"2026-01-25T06:35:16","modified_gmt":"2026-01-25T06:35:16","slug":"en-ukraine-un-patrimoine-fortement-endommage-par-la-guerre","status":"publish","type":"post","link":"https:\/\/www.europesays.com\/fr\/687634\/","title":{"rendered":"En Ukraine, un patrimoine fortement endommag\u00e9 par la guerre"},"content":{"rendered":"<p class=\"editor-content__paragraph\">Impossible d\u2019envisager dans le d\u00e9tail<strong> l\u2019\u00e9tendue des d\u00e9sastres en Ukraine<\/strong>. Mais les chiffres parlent d\u2019eux-m\u00eames. Selon le dernier d\u00e9nombrement de l\u2019UNESCO (juillet 2025), <strong> plus de 500\u00a0sites ukrainiens<\/strong> ont \u00e9t\u00e9 endommag\u00e9s depuis le 24\u00a0f\u00e9vrier 2022.<\/p>\n<p class=\"editor-content__paragraph editor-content__paragraph--is-hidden\">\u00c0 savoir <strong>151 \u00e9difices religieux, 34\u00a0mus\u00e9es<\/strong>, 262\u00a0immeubles historiques, <strong>18\u00a0biblioth\u00e8ques, 33\u00a0monuments<\/strong>, un fonds d\u2019archive, deux sites arch\u00e9ologiques. Les donn\u00e9es publi\u00e9es par le minist\u00e8re de la Culture ukrainien en janvier 2026\u00a0sont plus dramatiques encore, \u00e9voquant <strong>plus de 4000\u00a0dommages<\/strong>, dont <strong>pr\u00e8s de 600\u00a0pour la seule ann\u00e9e 2025<\/strong>. Au total, selon l\u2019Ukraine, 1\u00a0640\u00a0monuments du patrimoine culturel auraient subi des dommages, ainsi que 2\u00a0446\u00a0infrastructures culturelles (biblioth\u00e8ques, mus\u00e9es, galeries, cin\u00e9mas, th\u00e9\u00e2tres\u2026) \u2013 dont <strong>498\u00a0compl\u00e8tement d\u00e9truites<\/strong>.<\/p>\n<p>            <strong>Continuez votre lecture<\/strong><\/p>\n<p>\n                et acc\u00e9dez \u00e0 Beaux Arts Magazine<br \/>et \u00e0 tous les contenus web<br \/><strong>en illimit\u00e9 \u00e0 partir de 5,00\u20ac \/ mois<\/strong>\n            <\/p>\n<p class=\"cta-abonnement__log-in\">\n        D\u00e9j\u00e0 abonn\u00e9 ?        <a data-id=\"aHR0cHM6Ly93d3cuYmVhdXhhcnRzLmNvbS9tb24tY29tcHRlLw==\">Connectez-vous<\/a>\n    <\/p>\n<p>            <img data-vllblanksrc=\"https:\/\/www.beauxarts.com\/reportages\/en-ukraine-un-patrimoine-fortement-endommage-par-quatre-annees-de-guerre\/1\" data-vllsrc=\"https:\/\/www.europesays.com\/fr\/wp-content\/uploads\/2026\/01\/couv-web-bam500-232x300.png\" alt=\"\"\/><img data-vllblanksrc=\"https:\/\/www.beauxarts.com\/reportages\/en-ukraine-un-patrimoine-fortement-endommage-par-quatre-annees-de-guerre\/1\" data-vllsrc=\"https:\/\/www.europesays.com\/fr\/wp-content\/uploads\/2026\/01\/couv-bam-499-232x300.png\" alt=\"\"\/>        <\/p>\n","protected":false},"excerpt":{"rendered":"Impossible d\u2019envisager dans le d\u00e9tail l\u2019\u00e9tendue des d\u00e9sastres en Ukraine. Mais les chiffres parlent d\u2019eux-m\u00eames. Selon le dernier&hellip;\n","protected":false},"author":2,"featured_media":687635,"comment_status":"","ping_status":"","sticky":false,"template":"","format":"standard","meta":{"footnotes":""},"categories":[1590],"tags":[11,1777,674,1146,12,220],"class_list":{"0":"post-687634","1":"post","2":"type-post","3":"status-publish","4":"format-standard","5":"has-post-thumbnail","7":"category-ukraine","8":"tag-actualites","9":"tag-eu","10":"tag-europe","11":"tag-guerre","12":"tag-news","13":"tag-ukraine"},"share_on_mastodon":{"url":"https:\/\/pubeurope.com\/@fr\/115954353739781678","error":""},"_links":{"self":[{"href":"https:\/\/www.europesays.com\/fr\/wp-json\/wp\/v2\/posts\/687634","targetHints":{"allow":["GET"]}}],"collection":[{"href":"https:\/\/www.europesays.com\/fr\/wp-json\/wp\/v2\/posts"}],"about":[{"href":"https:\/\/www.europesays.com\/fr\/wp-json\/wp\/v2\/types\/post"}],"author":[{"embeddable":true,"href":"https:\/\/www.europesays.com\/fr\/wp-json\/wp\/v2\/users\/2"}],"replies":[{"embeddable":true,"href":"https:\/\/www.europesays.com\/fr\/wp-json\/wp\/v2\/comments?post=687634"}],"version-history":[{"count":0,"href":"https:\/\/www.europesays.com\/fr\/wp-json\/wp\/v2\/posts\/687634\/revisions"}],"wp:featuredmedia":[{"embeddable":true,"href":"https:\/\/www.europesays.com\/fr\/wp-json\/wp\/v2\/media\/687635"}],"wp:attachment":[{"href":"https:\/\/www.europesays.com\/fr\/wp-json\/wp\/v2\/media?parent=687634"}],"wp:term":[{"taxonomy":"category","embeddable":true,"href":"https:\/\/www.europesays.com\/fr\/wp-json\/wp\/v2\/categories?post=687634"},{"taxonomy":"post_tag","embeddable":true,"href":"https:\/\/www.europesays.com\/fr\/wp-json\/wp\/v2\/tags?post=687634"}],"curies":[{"name":"wp","href":"https:\/\/api.w.org\/{rel}","templated":true}]}}