{"id":687644,"date":"2026-01-25T06:40:14","date_gmt":"2026-01-25T06:40:14","guid":{"rendered":"https:\/\/www.europesays.com\/fr\/687644\/"},"modified":"2026-01-25T06:40:14","modified_gmt":"2026-01-25T06:40:14","slug":"donald-trump-est-exaspere-par-lunion-europeenne-trop-complexe-pour-lui","status":"publish","type":"post","link":"https:\/\/www.europesays.com\/fr\/687644\/","title":{"rendered":"\u00ab\u202fDonald Trump est exasp\u00e9r\u00e9 par l\u2019Union europ\u00e9enne, trop complexe pour lui\u202f \u00bb"},"content":{"rendered":"<p>Fareed Zakaria s\u2019est rendu au <a href=\"https:\/\/www.latribune.fr\/article\/economie\/17548056987781\/davos-2026-une-participation-record-pour-un-forum-sous-l-ombre-de-donald-trump\" target=\"_blank\" article-id=\"17548056987781\" rel=\"noopener\">Forum \u00e9conomique mondial de Davos<\/a> cette semaine. L\u2019\u00e9ditorialiste d\u00e9crypte comment le caract\u00e8re impulsif et instinctif de Donald Trump oriente sa politique \u00e9trang\u00e8re.<\/p>\n<p><strong>LA TRIBUNE DIMANCHE \u2013 Quelle \u00e9tait l\u2019ambiance au <a href=\"https:\/\/www.latribune.fr\/article\/economie\/international\/71571723266676\/a-davos-le-patron-du-fonds-d-investissement-citadel-critique-la-politique-de-trump\" target=\"_blank\" article-id=\"71571723266676\" rel=\"noopener\">Forum de Davos<\/a>\u2009? C\u2019est une r\u00e9union mondiale et pourtant le monde entier avait le regard tourn\u00e9 vers un seul homme\u2026<br \/><\/strong><strong>FAREED ZAKARIA<\/strong> \u2013 Oui, tout \u00e9tait centr\u00e9 sur un homme. Il \u00e9tait donc naturel qu\u2019il soit au c\u0153ur de toutes les attentions. Donald Trump est en train de r\u00e9organiser l\u2019ordre \u00e9tabli. Pire, il d\u00e9truit l\u2019ordre ancien. On essaie alors de comprendre quelle direction va prendre le monde \u00e0 partir de maintenant. Que signifie le fait que la puissance h\u00e9g\u00e9monique mondiale refuse de jouer le r\u00f4le qu\u2019elle a tenu pendant quatre-vingts ans ? Nous vivons un moment inhabituel o\u00f9 le pr\u00e9sident des <a href=\"https:\/\/www.latribune.fr\/article\/entreprises-finance\/chimie-pharmacie\/50132731810775\/les-etats-unis-quittent-officiellement-loms-et-gelent-260-millions-de-dollars-de-dettes\" target=\"_blank\" article-id=\"50132731810775\" rel=\"noopener\">\u00c9tats-Unis<\/a> a choisi de se comporter comme un acteur impr\u00e9visible sur la sc\u00e8ne internationale.<\/p>\n<p><strong>Donald Trump suit-il une v\u00e9ritable strat\u00e9gie ?<br \/><\/strong>Honn\u00eatement, je ne pense pas. C\u2019est un homme tr\u00e8s particulier, \u00e9motif et impulsif. Ses instincts et ses impulsions se manifestent dans sa politique \u00e9trang\u00e8re. Tout le monde essaie d\u2019en tirer des conclusions, mais il n\u2019y a pas grand-chose \u00e0 en tirer, si ce n\u2019est qu\u2019il ne respecte pas l\u2019ordre mondial b\u00e2ti par les \u00c9tats-Unis. Un ordre fond\u00e9 sur des r\u00e8gles, un ordre ouvert, lib\u00e9ral, bas\u00e9 sur le libre-\u00e9change, avec un certain degr\u00e9 de gouvernance mondiale, incarn\u00e9 par des institutions comme <a href=\"https:\/\/www.latribune.fr\/article\/idees\/37435087852421\/opinion-l-onu-de-l-illusion-d-impuissance-au-smart-power-normatif\" target=\"_blank\" article-id=\"37435087852421\" rel=\"noopener\">l\u2019ONU<\/a>, la Banque mondiale et le FMI. Donald Trump n\u2019a aucune patience pour tout \u00e7a car il estime que cela bride la puissance am\u00e9ricaine. En revanche, il respecte la force, les dictateurs.<\/p>\n","protected":false},"excerpt":{"rendered":"Fareed Zakaria s\u2019est rendu au Forum \u00e9conomique mondial de Davos cette semaine. L\u2019\u00e9ditorialiste d\u00e9crypte comment le caract\u00e8re impulsif&hellip;\n","protected":false},"author":2,"featured_media":687645,"comment_status":"","ping_status":"","sticky":false,"template":"","format":"standard","meta":{"footnotes":""},"categories":[1586],"tags":[5734,11,21488,8030,15016,1777,674,1779,4538,78437,78435,1011,27,2957,4537,3102,23740,12,25,467,1778,364,78436],"class_list":{"0":"post-687644","1":"post","2":"type-post","3":"status-publish","4":"format-standard","5":"has-post-thumbnail","7":"category-europe","8":"tag-5734","9":"tag-actualites","10":"tag-cnn","11":"tag-complexe","12":"tag-donald","13":"tag-eu","14":"tag-europe","15":"tag-european-union","16":"tag-europeenne","17":"tag-exaspere","18":"tag-fareed","19":"tag-fr","20":"tag-france","21":"tag-journaliste","22":"tag-lunion","23":"tag-la-tribune-dimanche","24":"tag-lui","25":"tag-news","26":"tag-republique-francaise","27":"tag-trump","28":"tag-ue","29":"tag-union-europeenne","30":"tag-zakaria"},"share_on_mastodon":{"url":"https:\/\/pubeurope.com\/@fr\/115954373418996667","error":""},"_links":{"self":[{"href":"https:\/\/www.europesays.com\/fr\/wp-json\/wp\/v2\/posts\/687644","targetHints":{"allow":["GET"]}}],"collection":[{"href":"https:\/\/www.europesays.com\/fr\/wp-json\/wp\/v2\/posts"}],"about":[{"href":"https:\/\/www.europesays.com\/fr\/wp-json\/wp\/v2\/types\/post"}],"author":[{"embeddable":true,"href":"https:\/\/www.europesays.com\/fr\/wp-json\/wp\/v2\/users\/2"}],"replies":[{"embeddable":true,"href":"https:\/\/www.europesays.com\/fr\/wp-json\/wp\/v2\/comments?post=687644"}],"version-history":[{"count":0,"href":"https:\/\/www.europesays.com\/fr\/wp-json\/wp\/v2\/posts\/687644\/revisions"}],"wp:featuredmedia":[{"embeddable":true,"href":"https:\/\/www.europesays.com\/fr\/wp-json\/wp\/v2\/media\/687645"}],"wp:attachment":[{"href":"https:\/\/www.europesays.com\/fr\/wp-json\/wp\/v2\/media?parent=687644"}],"wp:term":[{"taxonomy":"category","embeddable":true,"href":"https:\/\/www.europesays.com\/fr\/wp-json\/wp\/v2\/categories?post=687644"},{"taxonomy":"post_tag","embeddable":true,"href":"https:\/\/www.europesays.com\/fr\/wp-json\/wp\/v2\/tags?post=687644"}],"curies":[{"name":"wp","href":"https:\/\/api.w.org\/{rel}","templated":true}]}}