{"id":687662,"date":"2026-01-25T06:53:10","date_gmt":"2026-01-25T06:53:10","guid":{"rendered":"https:\/\/www.europesays.com\/fr\/687662\/"},"modified":"2026-01-25T06:53:10","modified_gmt":"2026-01-25T06:53:10","slug":"yves-renier-sa-veuve-poursuit-la-production-de-commissaire-moulin-en-justice-17-ans-apres-la-fin-de-la-serie","status":"publish","type":"post","link":"https:\/\/www.europesays.com\/fr\/687662\/","title":{"rendered":"Yves R\u00e9nier : sa veuve poursuit la production de \u00ab\u00a0Commissaire Moulin\u00a0\u00bb en justice, 17 ans apr\u00e8s la fin de la s\u00e9rie"},"content":{"rendered":"<p>      R\u00e9sum\u00e9<\/p>\n<p>La veuve d&rsquo;Yves R\u00e9nier engage une action judiciaire contre la production de \u00ab\u00a0Commissaire Moulin\u00a0\u00bb, all\u00e9guant un non-paiement des recettes issues des rediffusions de la s\u00e9rie.<\/p>\n<p>        Sommaire<\/p>\n<p>Yves R\u00e9nier <strong>est mort en avril 2021 \u00e0 l&rsquo;\u00e2ge de 78 ans des suites d&rsquo;une crise cardiaque<\/strong>. Pr\u00e8s de cinq ans plus tard, <a href=\"https:\/\/www.public.fr\/diaporamas\/photos-mort-de-yves-renier-qui-est-sa-tres-discrete-compagne-karin\" target=\"_blank\" rel=\"noopener\">sa veuve, Karin<\/a>, tient \u00e0 d\u00e9fendre ses int\u00e9r\u00eats. Elle a d\u00e9cid\u00e9 d&rsquo;attaquer en justice la soci\u00e9t\u00e9 de production de la s\u00e9rie Commissaire Moulin, que son d\u00e9funt \u00e9poux a port\u00e9e pendant 32 ans. Karin R\u00e9nier reproche au producteur <strong>d&rsquo;avoir priv\u00e9 son \u00e9poux de recettes de diffusions<\/strong>, qui \u00e9taient pourtant mentionn\u00e9es sur le contrat.<\/p>\n<p>S\u00e9rie ultra populaire, suivie par <strong>plus de 12 millions de t\u00e9l\u00e9spectateurs<\/strong>, Commissaire Moulin a \u00e9t\u00e9 diffus\u00e9e sur <a href=\"https:\/\/vsd.fr\/tag\/tf1\/\" target=\"_blank\" rel=\"noopener\">TF1<\/a> de 1976 \u00e0 2008. Mais depuis la fin de la s\u00e9rie, le producteur a continu\u00e9 de la vendre \u00e0 des cha\u00eenes de la TNT. <strong>Elle a ainsi \u00e9t\u00e9 rediffus\u00e9e sur TMC, NRJ12 ou CStar<\/strong>. Mais Karin et Yves R\u00e9nier n&rsquo;auraient jamais touch\u00e9 aucune recette sur ces rediffusions, bien que pr\u00e9vues par le contrat.<\/p>\n<p>30 \u00e9pisodes auraient \u00e9t\u00e9 vol\u00e9s \u00e0 Yves R\u00e9nier<\/p>\n<p>Pour C\u00e9line Bekerman, avocate de la partie civile, il y a trois d\u00e9lits caract\u00e9ris\u00e9s : <strong>le vol, l&rsquo;escroquerie et l&rsquo;abus de confiance<\/strong>. Apr\u00e8s une premi\u00e8re assignation le 9 avril 2024, une nouvelle audience s&rsquo;est d\u00e9roul\u00e9e<strong> ce jeudi 22 janvier \u00e0 la Cour d&rsquo;appel de Paris<\/strong>. Elle a permis de d\u00e9terminer si les demandes \u00e9taient prescrites ou non, et si le bon tribunal avait \u00e9t\u00e9 introduit. Le d\u00e9lib\u00e9r\u00e9 est attendu le 27 f\u00e9vrier prochain.<\/p>\n<p>Karin R\u00e9nier n&rsquo;aurait d\u00e9couvert le pot-aux-roses <a href=\"https:\/\/www.public.fr\/yves-renier-celebre-commissaire-moulin-est-mort\" target=\"_blank\" rel=\"noopener\">qu&rsquo;\u00e0 la mort de son \u00e9poux<\/a>. En rangeant les affaires de ce dernier, <strong>elle serait tomb\u00e9 sur ses contrats avec la soci\u00e9t\u00e9 de production<\/strong>. Auteur et r\u00e9alisateur de la s\u00e9rie Commissaire Moulin, il avait \u00e9galement \u00e9t\u00e9 le producteur d\u00e9l\u00e9gu\u00e9 de trente \u00e9pisodes. A ce titre, il \u00e9tait \u00e9crit noir sur blanc<strong> qu&rsquo;il devait percevoir \u00ab\u00a050% des recettes g\u00e9n\u00e9r\u00e9es par la diffusion des \u00e9pisodes\u00a0\u00bb<\/strong>. Mais Yves R\u00e9nier n&rsquo;a jamais rien re\u00e7u sur les multiples rediffusions par la soci\u00e9t\u00e9 de production PM S.A. qui, elle, a tout empoch\u00e9.<\/p>\n<p>Les producteurs se renvoient la balle<\/p>\n<p>La partie civile est incapable de chiffrer le pr\u00e9judice. Pour ce faire, C\u00e9line Bekerman et Karin R\u00e9nier doivent <strong>recevoir les comptes d&rsquo;exploitation des 30 \u00e9pisodes en question<\/strong>. Pour l&rsquo;heure, tous les producteurs, anciens et actuels, se renvoient la balle. Le producteur de l&rsquo;\u00e9poque, Alain Pancrazi, qui avait cr\u00e9\u00e9 PM S.A. en 1992, a refus\u00e9 de r\u00e9pondre. Il avait r\u00e9pondu simplement \u00e0 l&rsquo;AFP il y a quelques semaines \u00ab\u00a0avoir quitt\u00e9 la soci\u00e9t\u00e9 il y a huit ans\u00a0\u00bb. La nouvelle soci\u00e9t\u00e9, Sirius Media Production, est<strong> <\/strong>d\u00e9sormais dirig\u00e9e par Paul Amsellem. Mais les avocats refusent de r\u00e9agir, et <strong>rappellent que l&rsquo;affaire est ant\u00e9rieure<\/strong>\u2026<\/p>\n<p>\n          Hits &amp; People en continu\n        <\/p>\n<p>\n          Public Radio\n        <\/p>\n<p>      Mentionn\u00e9s dans cet article<\/p>\n<p>      Sur le m\u00eame sujet<\/p>\n","protected":false},"excerpt":{"rendered":"R\u00e9sum\u00e9 La veuve d&rsquo;Yves R\u00e9nier engage une action judiciaire contre la production de \u00ab\u00a0Commissaire Moulin\u00a0\u00bb, all\u00e9guant un non-paiement&hellip;\n","protected":false},"author":2,"featured_media":687663,"comment_status":"","ping_status":"","sticky":false,"template":"","format":"standard","meta":{"footnotes":""},"categories":[1359],"tags":[1261,78439,58,59,1011,27,303,973,2694,78440],"class_list":{"0":"post-687662","1":"post","2":"type-post","3":"status-publish","4":"format-standard","5":"has-post-thumbnail","7":"category-people","8":"tag-argent","9":"tag-commissaire-moulin","10":"tag-divertissement","11":"tag-entertainment","12":"tag-fr","13":"tag-france","14":"tag-justice","15":"tag-people","16":"tag-proces","17":"tag-yves-renier"},"share_on_mastodon":{"url":"https:\/\/pubeurope.com\/@fr\/115954424640228632","error":""},"_links":{"self":[{"href":"https:\/\/www.europesays.com\/fr\/wp-json\/wp\/v2\/posts\/687662","targetHints":{"allow":["GET"]}}],"collection":[{"href":"https:\/\/www.europesays.com\/fr\/wp-json\/wp\/v2\/posts"}],"about":[{"href":"https:\/\/www.europesays.com\/fr\/wp-json\/wp\/v2\/types\/post"}],"author":[{"embeddable":true,"href":"https:\/\/www.europesays.com\/fr\/wp-json\/wp\/v2\/users\/2"}],"replies":[{"embeddable":true,"href":"https:\/\/www.europesays.com\/fr\/wp-json\/wp\/v2\/comments?post=687662"}],"version-history":[{"count":0,"href":"https:\/\/www.europesays.com\/fr\/wp-json\/wp\/v2\/posts\/687662\/revisions"}],"wp:featuredmedia":[{"embeddable":true,"href":"https:\/\/www.europesays.com\/fr\/wp-json\/wp\/v2\/media\/687663"}],"wp:attachment":[{"href":"https:\/\/www.europesays.com\/fr\/wp-json\/wp\/v2\/media?parent=687662"}],"wp:term":[{"taxonomy":"category","embeddable":true,"href":"https:\/\/www.europesays.com\/fr\/wp-json\/wp\/v2\/categories?post=687662"},{"taxonomy":"post_tag","embeddable":true,"href":"https:\/\/www.europesays.com\/fr\/wp-json\/wp\/v2\/tags?post=687662"}],"curies":[{"name":"wp","href":"https:\/\/api.w.org\/{rel}","templated":true}]}}