{"id":687689,"date":"2026-01-25T07:08:11","date_gmt":"2026-01-25T07:08:11","guid":{"rendered":"https:\/\/www.europesays.com\/fr\/687689\/"},"modified":"2026-01-25T07:08:11","modified_gmt":"2026-01-25T07:08:11","slug":"un-camion-piscine-du-departement-va-sinstaller-a-saint-etienne-du-gres-pendant-le-mois-de-fevrier","status":"publish","type":"post","link":"https:\/\/www.europesays.com\/fr\/687689\/","title":{"rendered":"Un camion-piscine du D\u00e9partement va s\u2019installer \u00e0 Saint-\u00c9tienne-du-Gr\u00e8s pendant le mois de f\u00e9vrier"},"content":{"rendered":"<p>Au c\u0153ur de l\u2019hiver, un \u00e9quipement pour le moins original va s\u2019installer \u00e0 <a href=\"https:\/\/www.laprovence.com\/bouches-du-rhone\/saint-etienne-du-gres-13094\" target=\"_blank\" rel=\"noopener\">Saint-\u00c9tienne-du-Gr\u00e8s<\/a> et transformera le quotidien des habitants. Du 2 au 27\u00a0f\u00e9vrier, la commune accueillera <a href=\"https:\/\/www.laprovence.com\/article\/elections\/11275666647117\/le-camion-piscine-du-departement-fait-escale-a-peypin-une-veritable-chance-pour-nos-enfants\" target=\"_blank\" rel=\"noopener\">le camion-piscine du Conseil d\u00e9partemental<\/a> des Bouches-du-Rh\u00f4ne, un bassin mobile chauff\u00e9 et s\u00e9curis\u00e9. Il sera install\u00e9 \u00e0 proximit\u00e9 du groupe scolaire, avenue Alphonse-Daudet.<\/p>\n<p>Cette initiative permettra d\u2019apporter la pratique de la natation directement sur le territoire communal et de rendre l\u2019apprentissage de l\u2019eau accessible au plus grand nombre. Con\u00e7u comme un v\u00e9ritable outil p\u00e9dagogique, le camion-piscine est \u00e9quip\u00e9 d\u2019un bassin d\u2019environ 8 m\u00e8tres de long pour 2 m\u00e8tres de large, dot\u00e9 d\u2019un fond mobile permettant d\u2019adapter la profondeur de z\u00e9ro \u00e0 1,20 m\u00e8tre selon les publics accueillis. L\u2019eau, maintenue \u00e0 29\u00a0\u00b0C et trait\u00e9e dans le respect des normes sanitaires, offre des conditions id\u00e9ales pour l\u2019initiation comme pour le perfectionnement. Des vestiaires et des acc\u00e8s enti\u00e8rement s\u00e9curis\u00e9s compl\u00e8tent le dispositif afin de garantir un accueil confortable et adapt\u00e9 \u00e0 tous.<\/p>\n<p>Apprendre \u00e0 nager aux \u00e9coliers<\/p>\n<p>La premi\u00e8re partie du s\u00e9jour sera consacr\u00e9e aux \u00e9coliers de la commune. Durant les quinze premiers jours, les \u00e9l\u00e8ves de CE1 b\u00e9n\u00e9ficieront de cr\u00e9neaux r\u00e9serv\u00e9s sur le temps scolaire afin de pr\u00e9parer et valider le <a href=\"https:\/\/www.laprovence.com\/article\/region\/20477906722802\/cet-ete-a-marseille-des-cours-gratuits-dans-4-piscines-pour-les-enfants-qui-ne-savent-pas-nager\" target=\"_blank\" rel=\"noopener\">dipl\u00f4me d\u2019aisance aquatique<\/a>. Ce passage cl\u00e9 atteste de comp\u00e9tences essentielles telles que la capacit\u00e9 \u00e0 flotter, s\u2019immerger, se d\u00e9placer ou entrer et sortir de l\u2019eau en autonomie, dans le cadre du Plan national de pr\u00e9vention des noyades. Un temps officiel de remise des dipl\u00f4mes est pr\u00e9vu le vendredi 13\u00a0f\u00e9vrier dans la cour de l\u2019\u00e9cole.<\/p>\n<p>En dehors du temps scolaire et pendant les vacances, le camion-piscine ouvrira ses portes \u00e0 un public tr\u00e8s large. Les jeunes du centre de loisirs, les tout-petits lors de s\u00e9ances de b\u00e9b\u00e9s nageurs, les enfants de trois \u00e0 six ans, les seniors \u00e0 travers des activit\u00e9s d\u2019aquafitness, mais aussi les personnes souffrant d\u2019<a href=\"https:\/\/www.laprovence.com\/article\/edition-marseille\/3512283\/laquaphobie-un-mal-handicapant-a-lheure-dete.html\" target=\"_blank\" rel=\"noopener\">aquaphobie<\/a> ou souhaitant simplement apprendre \u00e0 nager pourront profiter de cet \u00e9quipement gratuit et encadr\u00e9.<\/p>\n<p>Au-del\u00e0 de l\u2019aspect sportif, la d\u00e9marche se veut \u00e9galement responsable sur le plan environnemental. L\u2019eau du bassin est r\u00e9cup\u00e9r\u00e9e en fin d\u2019\u00e9tape afin d\u2019\u00eatre r\u00e9utilis\u00e9e localement pour l\u2019arrosage des espaces verts, le nettoyage urbain ou encore l\u2019alimentation de v\u00e9hicules de service. En accueillant ce dispositif, Saint-\u00c9tienne-du-Gr\u00e8s affirme son engagement en faveur de la pr\u00e9vention, de l\u2019inclusion et d\u2019un acc\u00e8s \u00e9quitable \u00e0 la pratique de la natation pour tous les publics.<\/p>\n<p>Inscription pour les cr\u00e9neaux libres en mairie au 04\u00a090\u00a049\u00a016\u00a054.<\/p>\n","protected":false},"excerpt":{"rendered":"Au c\u0153ur de l\u2019hiver, un \u00e9quipement pour le moins original va s\u2019installer \u00e0 Saint-\u00c9tienne-du-Gr\u00e8s et transformera le quotidien&hellip;\n","protected":false},"author":2,"featured_media":687690,"comment_status":"","ping_status":"","sticky":false,"template":"","format":"standard","meta":{"footnotes":""},"categories":[9653],"tags":[5734,1111,11,2430,78445,9968,1777,674,54175,1011,27,2561,12,6202,25,4001,15987,68894,104],"class_list":{"0":"post-687689","1":"post","2":"type-post","3":"status-publish","4":"format-standard","5":"has-post-thumbnail","7":"category-saint-etienne","8":"tag-5734","9":"tag-actu","10":"tag-actualites","11":"tag-auvergne-rhone-alpes","12":"tag-camion-piscine","13":"tag-departement","14":"tag-eu","15":"tag-europe","16":"tag-fevrier","17":"tag-fr","18":"tag-france","19":"tag-mois","20":"tag-news","21":"tag-pendant","22":"tag-republique-francaise","23":"tag-saint-etienne","24":"tag-saint-etienne-du-gres","25":"tag-sinstaller","26":"tag-societe"},"share_on_mastodon":{"url":"https:\/\/pubeurope.com\/@fr\/115954483580275680","error":""},"_links":{"self":[{"href":"https:\/\/www.europesays.com\/fr\/wp-json\/wp\/v2\/posts\/687689","targetHints":{"allow":["GET"]}}],"collection":[{"href":"https:\/\/www.europesays.com\/fr\/wp-json\/wp\/v2\/posts"}],"about":[{"href":"https:\/\/www.europesays.com\/fr\/wp-json\/wp\/v2\/types\/post"}],"author":[{"embeddable":true,"href":"https:\/\/www.europesays.com\/fr\/wp-json\/wp\/v2\/users\/2"}],"replies":[{"embeddable":true,"href":"https:\/\/www.europesays.com\/fr\/wp-json\/wp\/v2\/comments?post=687689"}],"version-history":[{"count":0,"href":"https:\/\/www.europesays.com\/fr\/wp-json\/wp\/v2\/posts\/687689\/revisions"}],"wp:featuredmedia":[{"embeddable":true,"href":"https:\/\/www.europesays.com\/fr\/wp-json\/wp\/v2\/media\/687690"}],"wp:attachment":[{"href":"https:\/\/www.europesays.com\/fr\/wp-json\/wp\/v2\/media?parent=687689"}],"wp:term":[{"taxonomy":"category","embeddable":true,"href":"https:\/\/www.europesays.com\/fr\/wp-json\/wp\/v2\/categories?post=687689"},{"taxonomy":"post_tag","embeddable":true,"href":"https:\/\/www.europesays.com\/fr\/wp-json\/wp\/v2\/tags?post=687689"}],"curies":[{"name":"wp","href":"https:\/\/api.w.org\/{rel}","templated":true}]}}