{"id":68770,"date":"2025-05-02T07:21:08","date_gmt":"2025-05-02T07:21:08","guid":{"rendered":"https:\/\/www.europesays.com\/fr\/68770\/"},"modified":"2025-05-02T07:21:08","modified_gmt":"2025-05-02T07:21:08","slug":"marine-tondelier-presente-ses-excuses-apres-ses-propos-sur-le-depute-socialiste-jerome-guedj-chahute-lors-du-1er-mai","status":"publish","type":"post","link":"https:\/\/www.europesays.com\/fr\/68770\/","title":{"rendered":"Marine Tondelier pr\u00e9sente ses excuses apr\u00e8s ses propos sur le d\u00e9put\u00e9 socialiste J\u00e9r\u00f4me Guedj, chahut\u00e9 lors du 1er-Mai"},"content":{"rendered":"<p>\u00a0\u00bb<br \/>\n        data-script=\u00a0\u00bbhttps:\/\/static.lefigaro.fr\/widget-video\/short-ttl\/video\/index.js\u00a0\u00bb<br \/>\n    &gt;<\/p>\n<p>Sur RTL, la secr\u00e9taire nationale des \u00c9cologistes avait reproch\u00e9 \u00e0 l\u2019\u00e9lu d\u2019\u00eatre \u00abvenu avec vingt journalistes\u00bb \u00e0 la manifestation. Des propos qui ont indign\u00e9 plusieurs membres du Parti socialiste.<\/p>\n<p class=\"fig-paragraph\">Marine Tondelier a-t-elle relativis\u00e9 les violences subies par\u00a0<a href=\"http:\/\/www.lefigaro.fr\/politique\/1er-mai-le-stand-parisien-du-ps-saccage-jerome-guedj-malmene-20250501\" data-fig-type=\"NewsFlash\" data-gtm-custom-categorie=\"navigation\" data-gtm-custom-action=\"crossclick\" data-gtm-custom-label=\"Contextuel\" data-gtm-event=\"customEventSPE\" data-fig-domain=\"LEFIGARO\" target=\"_blank\" rel=\"noopener\">J\u00e9r\u00f4me Guedj<\/a>\u00a0lors de la manifestation parisienne du 1er-Mai\u00a0? Encercl\u00e9 par un groupe de personnes v\u00eatues de noir, le d\u00e9put\u00e9 socialiste a \u00e9t\u00e9 contraint de s\u2019\u00e9loigner de la t\u00eate du cort\u00e8ge. La secr\u00e9taire nationale des \u00c9cologistes lui a apport\u00e9 son soutien, mais ses propos tenus jeudi soir sur RTL ont sem\u00e9 le doute.<\/p>\n<p class=\"fig-paragraph\">Interrog\u00e9e sur cet incident,\u00a0<a href=\"http:\/\/www.lefigaro.fr\/flash-actu\/marine-tondelier-reelue-des-le-premier-tour-a-la-tete-des-ecologistes-20250419\" data-fig-type=\"NewsFlash\" data-gtm-custom-categorie=\"navigation\" data-gtm-custom-action=\"crossclick\" data-gtm-custom-label=\"Contextuel\" data-gtm-event=\"customEventSPE\" data-fig-domain=\"LEFIGARO\" target=\"_blank\" rel=\"noopener\">Marine Tondelier<\/a>\u00a0a donn\u00e9 l\u2019impression que J\u00e9r\u00f4me Guedj avait sa part de responsabilit\u00e9 dans les violences qu\u2019il a subies\u00a0: \u00abPersonne ne doit \u00eatre \u00e9vinc\u00e9 des manifestations, mais je vois aussi comment J\u00e9r\u00f4me Guedj donne rendez-vous, vient avec vingt journalistes (&#8230;) Il faut faire attention \u00e0 ne pas faire du 1er-Mai la revue de presse des incidents.\u00bb Une sortie qui a suscit\u00e9 l\u2019indignation de plusieurs \u00e9lus socialistes.<\/p>\n<p class=\"fig-paragraph\">\u00abLes agressions r\u00e9p\u00e9t\u00e9es que subit J\u00e9r\u00f4me Guedj ne sont pas des mises en sc\u00e8ne. Ce sont des faits graves et r\u00e9voltants\u00bb, a rappel\u00e9 Boris Vallaud, chef des d\u00e9put\u00e9s roses et candidat au poste de premier secr\u00e9taire. L\u2019ancienne ministre Laurence Rossignol a d\u00e9nonc\u00e9 une \u00abd\u00e9rive morale\u00bb de la part de la chef des Verts, lui reprochant de tomber dans le \u00abvictim blaming\u00bb, c\u2019est-\u00e0-dire la culpabilisation des victimes.<\/p>\n<p class=\"fig-body-link\">\n            \u00c0 lire aussi<br \/>\n        <a class=\"fig-body-link__link fig-premium-mark\" href=\"http:\/\/www.lefigaro.fr\/politique\/trait-d-union-entre-lfi-et-le-ps-marine-tondelier-cultive-son-ambition-presidentielle-20250415\" data-fig-type=\"Article\" data-gtm-custom-categorie=\"navigation\" data-gtm-custom-action=\"crossclick\" data-gtm-custom-label=\"Contextuel\" data-gtm-event=\"customEventSPE\" data-fig-domain=\"LEFIGARO\" target=\"_blank\" rel=\"noopener\">\u00abTrait d\u2019union\u00bb entre LFI et le PS, Marine Tondelier cultive son ambition pr\u00e9sidentielle<br \/>\n    <\/a>\n<\/p>\n<p>\u00abJe pr\u00e9sente mes excuses\u00bb<\/p>\n<p class=\"fig-paragraph\">Les excuses ne se sont pas fait attendre longtemps. Marine Tondelier a corrig\u00e9 le tir vendredi matin sur X. \u00abJ\u00e9r\u00f4me Guedj comme l\u2019ensemble des socialistes et des manifestants, doit pouvoir le faire [manifester] dans la s\u00e9r\u00e9nit\u00e9\u00bb, \u00e9crit-elle, pr\u00e9cisant qu\u2019elle a tent\u00e9 de joindre le parlementaire ce matin et qu\u2019elle le refera dans la matin\u00e9e. \u00abJe pr\u00e9sente mes excuses aupr\u00e8s de toutes celles et ceux que l\u2019impr\u00e9cision de ma r\u00e9ponse a pu heurter\u00bb, ajoute la conseill\u00e8re municipale d\u2019H\u00e9nin-Beaumont (Nord).<\/p>\n<p class=\"fig-paragraph\">La secr\u00e9taire nationale des \u00c9cologistes en a \u00e9galement profit\u00e9 pour clarifier sa position sur\u00a0<a href=\"http:\/\/www.lefigaro.fr\/vox\/politique\/goldnadel-le-rn-a-rompu-avec-l-antisemitisme-tant-mieux-20250331\" data-fig-type=\"Article\" data-gtm-custom-categorie=\"navigation\" data-gtm-custom-action=\"crossclick\" data-gtm-custom-label=\"Contextuel\" data-gtm-event=\"customEventSPE\" data-fig-domain=\"LEFIGARO\" target=\"_blank\" rel=\"noopener\">l\u2019antis\u00e9mitisme\u00a0<\/a>d\u2019extr\u00eame gauche. Marine Tondelier estime qu\u2019il existe, \u00abcomme dans l\u2019ensemble de la soci\u00e9t\u00e9 d\u2019ailleurs\u00bb, ajoute-t-elle. \u00abJ\u2019ai d\u00e9j\u00e0 eu l\u2019occasion de m\u2019exprimer plusieurs fois sur le sujet, et maintiens qu\u2019il faut le combattre partout et tout le temps\u00bb, conclut l\u2019\u00e9cologiste. La veille, sur RTL, elle avait refus\u00e9 de s\u2019exprimer sur le sujet, se disant \u00abemb\u00eat\u00e9e\u00bb.<\/p>\n","protected":false},"excerpt":{"rendered":"\u00a0\u00bb data-script=\u00a0\u00bbhttps:\/\/static.lefigaro.fr\/widget-video\/short-ttl\/video\/index.js\u00a0\u00bb &gt; Sur RTL, la secr\u00e9taire nationale des \u00c9cologistes avait reproch\u00e9 \u00e0 l\u2019\u00e9lu d\u2019\u00eatre \u00abvenu avec vingt&hellip;\n","protected":false},"author":2,"featured_media":68771,"comment_status":"","ping_status":"","sticky":false,"template":"","format":"standard","meta":{"footnotes":""},"categories":[4],"tags":[47,1058,1054,1059,1060,1055,11,2339,1057,118,1011,27,1061,303,4729,12,3541,1062,25,656,104,1056,809],"class_list":{"0":"post-68770","1":"post","2":"type-post","3":"status-publish","4":"format-standard","5":"has-post-thumbnail","7":"category-france","8":"tag-actualite","9":"tag-actualite-education","10":"tag-actualite-france","11":"tag-actualite-justice","12":"tag-actualite-securite","13":"tag-actualite-societe","14":"tag-actualites","15":"tag-ecologistes","16":"tag-education","17":"tag-faits-divers","18":"tag-fr","19":"tag-france","20":"tag-immigration","21":"tag-justice","22":"tag-marine-tondelier","23":"tag-news","24":"tag-parti-socialiste","25":"tag-polemique","26":"tag-republique-francaise","27":"tag-securite","28":"tag-societe","29":"tag-societe-francaise","30":"tag-violence"},"share_on_mastodon":{"url":"https:\/\/pubeurope.com\/@fr\/114437035456529178","error":""},"_links":{"self":[{"href":"https:\/\/www.europesays.com\/fr\/wp-json\/wp\/v2\/posts\/68770","targetHints":{"allow":["GET"]}}],"collection":[{"href":"https:\/\/www.europesays.com\/fr\/wp-json\/wp\/v2\/posts"}],"about":[{"href":"https:\/\/www.europesays.com\/fr\/wp-json\/wp\/v2\/types\/post"}],"author":[{"embeddable":true,"href":"https:\/\/www.europesays.com\/fr\/wp-json\/wp\/v2\/users\/2"}],"replies":[{"embeddable":true,"href":"https:\/\/www.europesays.com\/fr\/wp-json\/wp\/v2\/comments?post=68770"}],"version-history":[{"count":0,"href":"https:\/\/www.europesays.com\/fr\/wp-json\/wp\/v2\/posts\/68770\/revisions"}],"wp:featuredmedia":[{"embeddable":true,"href":"https:\/\/www.europesays.com\/fr\/wp-json\/wp\/v2\/media\/68771"}],"wp:attachment":[{"href":"https:\/\/www.europesays.com\/fr\/wp-json\/wp\/v2\/media?parent=68770"}],"wp:term":[{"taxonomy":"category","embeddable":true,"href":"https:\/\/www.europesays.com\/fr\/wp-json\/wp\/v2\/categories?post=68770"},{"taxonomy":"post_tag","embeddable":true,"href":"https:\/\/www.europesays.com\/fr\/wp-json\/wp\/v2\/tags?post=68770"}],"curies":[{"name":"wp","href":"https:\/\/api.w.org\/{rel}","templated":true}]}}