{"id":687709,"date":"2026-01-25T07:21:09","date_gmt":"2026-01-25T07:21:09","guid":{"rendered":"https:\/\/www.europesays.com\/fr\/687709\/"},"modified":"2026-01-25T07:21:09","modified_gmt":"2026-01-25T07:21:09","slug":"dates-invites-voici-ce-quil-vous-reserve-en-2026","status":"publish","type":"post","link":"https:\/\/www.europesays.com\/fr\/687709\/","title":{"rendered":"dates, invit\u00e9s\u2026 Voici ce qu&rsquo;il vous r\u00e9serve en 2026"},"content":{"rendered":"<p>                    Par<br \/>\n        <strong><br \/>\n            <a href=\"https:\/\/actu.fr\/auteur\/brian-legoff\" title=\"Consulter tous les articles de Brian Le Goff\" target=\"_blank\" rel=\"noopener\">Brian Le Goff<\/a><br \/>\n                    <\/strong><\/p>\n<p>        Publi\u00e9 le<\/p>\n<p>            25 janv. 2026 \u00e0 7h32        <\/p>\n<p><strong>10\u00a0ans\u2009!<\/strong> C\u2019est l\u2019anniversaire que va f\u00eater tout au long de l\u2019ann\u00e9e 2026 le march\u00e9 \u00e0 manger de <a href=\"https:\/\/actu.fr\/rennes\/\" target=\"_blank\" rel=\"noopener\">Rennes<\/a>. Le tout premier avait eu lieu le 3\u00a0juillet <strong>2016<\/strong>. En <strong>2026<\/strong>, l\u2019organisation pr\u00e9voit donc \u00ab\u2009d\u2019inviter, tout au long de l\u2019ann\u00e9e, de nombreuses villes de Bretagne, mais \u00e9galement les quartiers rennais.\u2009\u00bb<\/p>\n<p class=\" wall-content\"><a href=\"https:\/\/www.instagram.com\/p\/DTz3ACZCPXP\/embed\" title=\"Ouvrir le lien sur Instagram\" target=\"_blank\" rel=\"noopener\">Visualiser le contenu sur Instagram<\/a><\/p>\n<p>Les rendez-vous en 2026<\/p>\n<p class=\" wall-content\">Ainsi, avant la premi\u00e8re \u00e9dition, elle a r\u00e9v\u00e9l\u00e9 <strong>les dates<\/strong> de toutes les \u00e9ditions de l\u2019ann\u00e9e, ainsi que<strong> les th\u00e8mes associ\u00e9s\u2009:<\/strong><\/p>\n<ul class=\" wall-content\">\n<li>1er\u00a0f\u00e9vrier\u2009: Rennes accueille Dinan\u2009;<\/li>\n<li>1er\u00a0mars\u2009: St-Malo, Dinard, St-Lunaire\u2009;<\/li>\n<li>5\u00a0avril\u2009: Vannes\u2009;<\/li>\n<li>3\u00a0mai\u2009: Brest (et il y aura aussi le Brest \u00e0 Manger)\u2009;<\/li>\n<li>7\u00a0juin\u2009: Lorient\u2009;<\/li>\n<li><strong>5\u00a0juillet\u2009: sp\u00e9ciale 10\u00a0ans,<\/strong> \u00ab\u2009nous r\u00e9servons une surprise avec les restaurants, d\u2019hier et d\u2019aujourd\u2019hui, les plus charismatiques du M\u00e0M, dans une nouvelle ambiance et avec des plats m\u00e9morables\u2009\u00bb\u2009;<\/li>\n<li>6\u00a0septembre\u2009: quartiers rennais\u2009;<\/li>\n<li>4\u00a0octobre\u2009: Nantes\u2009;<\/li>\n<li>1er\u00a0novembre\u2009: Saint-Brieuc, Rock\u2019n Toques.<\/li>\n<\/ul>\n<p class=\" wall-content\">Comme vous l\u2019aurez compris, le premier march\u00e9 \u00e0 manger de Rennes en 2026 se tiendra <strong>dimanche 1er\u00a0f\u00e9vrier<\/strong>.<\/p>\n<p>Les participants du 1er\u00a0f\u00e9vrier<\/p>\n<p class=\" wall-content\">Il inaugurera \u00e9galement une premi\u00e8re en accueillant des restaurateurs du pays de <a href=\"https:\/\/actu.fr\/le-petit-bleu\/\" target=\"_blank\" rel=\"noopener\">Dinan<\/a>. Voici les participants\u2009:<\/p>\n<ul class=\" wall-content\">\n<li>Colibri (Dinan)\u2009;<\/li>\n<li>Les Roger-Bontemps (port de Dinan-Lanvallay)\u2009;<\/li>\n<li>Margot Hamonic \u2013 Traiteur \u00e9v\u00e9nementiel v\u00e9g\u00e9 (Dinan)\u2009;<\/li>\n<li>Les Jardins de la Matz, ferme mara\u00eech\u00e8re \u00e0 Plou\u00ebr-sur-Rance\u2009;<\/li>\n<li>Harmonika, de Dinan\u2009;<\/li>\n<li>Le Chawp (Rennes)\u2009;<\/li>\n<li>D\u00e9sordre Rennes\u2009;<\/li>\n<li>Aras Turquie (Rennes)\u2009;<\/li>\n<li>Sabibi \u2013 Pita cuisin\u00e9es (Rennes)\u2009;<\/li>\n<li>Eat Machine\u2009;<\/li>\n<li>Le Vasselot (restaurant bistronomique \u00e0 Rennes)\u2009;<\/li>\n<li>Ana Ana (Plouasne)\u2009;<\/li>\n<li>Napoletana Pizze (r\u00e9gion rennaise)\u2009;<\/li>\n<li>Le Bon Miam de Chonchon (Saint-Jacques-de-la-Lande)\u2009;<\/li>\n<li>Restaurant v\u00e9gan gastronomique Vert l\u2019infini\u2009;<\/li>\n<li>Club Roben (food-truck Dinan et C\u00f4te d\u2019\u00c9meraude)\u2009;<\/li>\n<li>Ferme Pradenn \u00e0 Melesse\u2009;<\/li>\n<li>Okipic, les super sodas (Rennes)\u2009;<\/li>\n<li>Caviste rennais ind\u00e9pendant Brut de F\u00fbt\u2009;<\/li>\n<li>\u00a0<\/li>\n<\/ul>\n<p class=\" wall-content\">C\u2019est maintenant une habitude\u2009: <strong>pensez \u00e0 apporter vos contenants<\/strong> et des plats sont toujours offerts aux \u00e9tudiants. L\u2019\u00e9v\u00e9nement ouvre <strong>d\u00e8s 11h<\/strong>, \u00e0 La Cri\u00e9e-March\u00e9 Central.<\/p>\n<p>Votre r\u00e9gion, votre actu !<\/p>\n<p>Recevez chaque jour les infos qui comptent pour vous.<\/p>\n<p>\t<a href=\"https:\/\/actu.fr\/newsletter\" class=\"ac-btn ac-btn--corner ac-btn--medium ac-btn--blue800\" target=\"_blank\" rel=\"noopener\">S&rsquo;incrire<\/a><\/p>\n<p class=\" wall-content\">Les <strong>plats sont \u00e0 7,50\u00a0euros maximum<\/strong>, 4\u00a0euros max pour les desserts.<\/p>\n<p class=\" wall-content\">Personnalisez votre actualit\u00e9 en ajoutant vos villes et m\u00e9dias en favori avec <a href=\"https:\/\/moncompte.actu.fr\" title=\"D\u00e9couvez Mon Actu\" rel=\"nofollow noopener\" data-trk=\"{&quot;cta&quot;:{&quot;action&quot;:&quot;https:\\\/\\\/moncompte.actu.fr&quot;,&quot;category&quot;:&quot;mon compte&quot;,&quot;from&quot;:&quot;article footer&quot;,&quot;name&quot;:&quot;Mon actu&quot;,&quot;type&quot;:&quot;cta&quot;}}\" target=\"_blank\">Mon Actu<\/a>.<\/p>\n<p>                    <script async src=\"\/\/www.instagram.com\/embed.js\"><\/script><\/p>\n","protected":false},"excerpt":{"rendered":"Par Brian Le Goff Publi\u00e9 le 25 janv. 2026 \u00e0 7h32 10\u00a0ans\u2009! C\u2019est l\u2019anniversaire que va f\u00eater tout&hellip;\n","protected":false},"author":2,"featured_media":687710,"comment_status":"","ping_status":"","sticky":false,"template":"","format":"standard","meta":{"footnotes":""},"categories":[2821],"tags":[1111,11,258,829,1777,674,1011,27,1305,2089,12,584,25,10619],"class_list":{"0":"post-687709","1":"post","2":"type-post","3":"status-publish","4":"format-standard","5":"has-post-thumbnail","7":"category-rennes","8":"tag-actu","9":"tag-actualites","10":"tag-alimentation","11":"tag-bretagne","12":"tag-eu","13":"tag-europe","14":"tag-fr","15":"tag-france","16":"tag-lifestyle","17":"tag-marche","18":"tag-news","19":"tag-rennes","20":"tag-republique-francaise","21":"tag-restos-de-rennes"},"share_on_mastodon":{"url":"https:\/\/pubeurope.com\/@fr\/115954534543746552","error":""},"_links":{"self":[{"href":"https:\/\/www.europesays.com\/fr\/wp-json\/wp\/v2\/posts\/687709","targetHints":{"allow":["GET"]}}],"collection":[{"href":"https:\/\/www.europesays.com\/fr\/wp-json\/wp\/v2\/posts"}],"about":[{"href":"https:\/\/www.europesays.com\/fr\/wp-json\/wp\/v2\/types\/post"}],"author":[{"embeddable":true,"href":"https:\/\/www.europesays.com\/fr\/wp-json\/wp\/v2\/users\/2"}],"replies":[{"embeddable":true,"href":"https:\/\/www.europesays.com\/fr\/wp-json\/wp\/v2\/comments?post=687709"}],"version-history":[{"count":0,"href":"https:\/\/www.europesays.com\/fr\/wp-json\/wp\/v2\/posts\/687709\/revisions"}],"wp:featuredmedia":[{"embeddable":true,"href":"https:\/\/www.europesays.com\/fr\/wp-json\/wp\/v2\/media\/687710"}],"wp:attachment":[{"href":"https:\/\/www.europesays.com\/fr\/wp-json\/wp\/v2\/media?parent=687709"}],"wp:term":[{"taxonomy":"category","embeddable":true,"href":"https:\/\/www.europesays.com\/fr\/wp-json\/wp\/v2\/categories?post=687709"},{"taxonomy":"post_tag","embeddable":true,"href":"https:\/\/www.europesays.com\/fr\/wp-json\/wp\/v2\/tags?post=687709"}],"curies":[{"name":"wp","href":"https:\/\/api.w.org\/{rel}","templated":true}]}}