{"id":687713,"date":"2026-01-25T07:23:11","date_gmt":"2026-01-25T07:23:11","guid":{"rendered":"https:\/\/www.europesays.com\/fr\/687713\/"},"modified":"2026-01-25T07:23:11","modified_gmt":"2026-01-25T07:23:11","slug":"un-rubens-vole-en-pleine-journee-au-musee-des-beaux-arts","status":"publish","type":"post","link":"https:\/\/www.europesays.com\/fr\/687713\/","title":{"rendered":"un Rubens vol\u00e9 en pleine journ\u00e9e au mus\u00e9e des Beaux-Arts"},"content":{"rendered":"<p>Dans l\u2019apr\u00e8s-midi du lundi 26\u00a0janvier, entre 14 h et 16\u00a0h plus exactement, un tableau dispara\u00eet au mus\u00e9e des Beaux-Arts du palais des Rohan. Il s\u2019agit d\u2019une esquisse <a href=\"https:\/\/www.dna.fr\/culture-loisirs\/2025\/11\/30\/un-tableau-de-rubens-disparu-pendant-4-siecles-adjuge-2-9-millions-d-euros\" target=\"_blank\" rel=\"noopener\">du peintre Rubens<\/a>, une Visitation de la Sainte Vierge \u00a0r\u00e9alis\u00e9e \u00e0 l\u2019huile sur bois de ch\u00eane. De petite taille, 50&#215;26\u00a0cm, le tableau \u00e9tait facile \u00e0 dissimuler sous un manteau dans la petite salle de l\u2019\u00e9tage surveill\u00e9 par un seul gardien et d\u00e9pourvu de syst\u00e8me de protection \u00e9lectronique.<\/p>\n<p>L\u2019\u0153uvre disparue, l\u2019une des cinq de Rubens que poss\u00e8de le mus\u00e9e, est d\u2019une valeur estim\u00e9e entre 600\u00a0000\u00a0et 800\u00a0000\u00a0francs. Avec un Van Dyck, elle \u00e9tait la plus belle de la collection de l\u2019\u00e9cole flamande.<\/p>\n<p>Six mois plus tard, le tableau sera r\u00e9cup\u00e9r\u00e9, pas bien loin du lieu du vol, mais de l\u2019autre c\u00f4t\u00e9 de la fronti\u00e8re&#8230;.<\/p>\n","protected":false},"excerpt":{"rendered":"Dans l\u2019apr\u00e8s-midi du lundi 26\u00a0janvier, entre 14 h et 16\u00a0h plus exactement, un tableau dispara\u00eet au mus\u00e9e des&hellip;\n","protected":false},"author":2,"featured_media":687714,"comment_status":"","ping_status":"","sticky":false,"template":"","format":"standard","meta":{"footnotes":""},"categories":[2820],"tags":[1111,11,2389,2649,2880,1777,674,107,1011,27,775,937,12,25,104,640,2879],"class_list":{"0":"post-687713","1":"post","2":"type-post","3":"status-publish","4":"format-standard","5":"has-post-thumbnail","7":"category-strasbourg","8":"tag-actu","9":"tag-actualites","10":"tag-alsace","11":"tag-bas-rhin","12":"tag-edition-strasbourg","13":"tag-eu","14":"tag-europe","15":"tag-fil-info","16":"tag-fr","17":"tag-france","18":"tag-grand-est","19":"tag-histoire","20":"tag-news","21":"tag-republique-francaise","22":"tag-societe","23":"tag-strasbourg","24":"tag-strasbourg-ville"},"share_on_mastodon":{"url":"https:\/\/pubeurope.com\/@fr\/115954542448318639","error":""},"_links":{"self":[{"href":"https:\/\/www.europesays.com\/fr\/wp-json\/wp\/v2\/posts\/687713","targetHints":{"allow":["GET"]}}],"collection":[{"href":"https:\/\/www.europesays.com\/fr\/wp-json\/wp\/v2\/posts"}],"about":[{"href":"https:\/\/www.europesays.com\/fr\/wp-json\/wp\/v2\/types\/post"}],"author":[{"embeddable":true,"href":"https:\/\/www.europesays.com\/fr\/wp-json\/wp\/v2\/users\/2"}],"replies":[{"embeddable":true,"href":"https:\/\/www.europesays.com\/fr\/wp-json\/wp\/v2\/comments?post=687713"}],"version-history":[{"count":0,"href":"https:\/\/www.europesays.com\/fr\/wp-json\/wp\/v2\/posts\/687713\/revisions"}],"wp:featuredmedia":[{"embeddable":true,"href":"https:\/\/www.europesays.com\/fr\/wp-json\/wp\/v2\/media\/687714"}],"wp:attachment":[{"href":"https:\/\/www.europesays.com\/fr\/wp-json\/wp\/v2\/media?parent=687713"}],"wp:term":[{"taxonomy":"category","embeddable":true,"href":"https:\/\/www.europesays.com\/fr\/wp-json\/wp\/v2\/categories?post=687713"},{"taxonomy":"post_tag","embeddable":true,"href":"https:\/\/www.europesays.com\/fr\/wp-json\/wp\/v2\/tags?post=687713"}],"curies":[{"name":"wp","href":"https:\/\/api.w.org\/{rel}","templated":true}]}}