{"id":687735,"date":"2026-01-25T07:36:10","date_gmt":"2026-01-25T07:36:10","guid":{"rendered":"https:\/\/www.europesays.com\/fr\/687735\/"},"modified":"2026-01-25T07:36:10","modified_gmt":"2026-01-25T07:36:10","slug":"juge-pour-un-violent-arrachage-de-collier-a-marseille-un-prevenu-disculpe-au-tribunal-par-la-victime","status":"publish","type":"post","link":"https:\/\/www.europesays.com\/fr\/687735\/","title":{"rendered":"Jug\u00e9 pour un violent arrachage de collier \u00e0 Marseille, un pr\u00e9venu disculp\u00e9 au tribunal par la victime"},"content":{"rendered":"<p>\u00ab\u00a0Ce n\u2019est pas lui mon agresseur, j\u2019en suis s\u00fbre. Quand je l\u2019ai vu \u00e0 la premi\u00e8re audience, je l\u2019ai su, j\u2019en suis certaine. Je suis revenue pour le dire\u00a0!\u00a0\u00bb Dans la salle d\u2019audience du tribunal correctionnel de <a href=\"https:\/\/www.laprovence.com\/bouches-du-rhone\/marseille-13055\" target=\"_blank\" rel=\"noopener\">Marseille,<\/a> ce jeudi 22\u00a0janvier apr\u00e8s-midi, les paroles d\u00e9termin\u00e9es de Viviane*, 72\u00a0ans, ont laiss\u00e9 place \u00e0 un silence interloqu\u00e9.<\/p>\n<p>Alors que les magistrats s\u2019appr\u00eataient \u00e0 juger Tony, un jeune homme soup\u00e7onn\u00e9 d\u2019avoir agress\u00e9 la vieille dame le 13\u00a0octobre\u00a02023 devant le cimeti\u00e8re Saint-Henri (16e) et de <a href=\"https:\/\/www.laprovence.com\/article\/faits-divers-justice\/8311459089871314\/un-etudiant-maitrise-son-agresseur-apres-un-vol-a-l-arrache-dans-le-centre-ville-de-marseille\" target=\"_blank\" rel=\"noopener\">lui avoir arrach\u00e9 son collier<\/a>, la victime leur jurait qu\u2019ils tenaient le mauvais coupable\u2026 Situation in\u00e9dite et rocambolesque.<\/p>\n<p>Le jour des faits, Viviane avait donc crois\u00e9 le chemin de trois adolescents perch\u00e9s sur un scooter \u00e0 la sortie du cimeti\u00e8re, visages en partie masqu\u00e9s par des foulards. \u00ab\u00a0Je leur ai dit\u00a0: &lsquo;Qu\u2019est-ce que vous allez faire comme connerie\u00a0?&rsquo; Je n\u2019ai pas pens\u00e9 que ce serait moi la connerie\u2026\u00a0\u00bb, a relat\u00e9 la septuag\u00e9naire \u00e0 la barre. L\u2019un des passagers du scooter \u00e9tait alors descendu, <a href=\"https:\/\/www.laprovence.com\/article\/faits-divers-justice\/1275788550197214\/deux-femmes-agressees-a-marseille-pour-les-voler-dont-une-jeune-fille-de-17-ans-a-coups-de-couteau\" target=\"_blank\" rel=\"noopener\">avait arrach\u00e9 le collier qu\u2019elle portait autour du cou et l\u2019avait violemment jet\u00e9e \u00e0 terre<\/a>. Le trio avait ensuite pris la fuite, poursuivi par un couple qui avait r\u00e9ussi in extremis \u00e0 ar&#8230;<\/p>\n","protected":false},"excerpt":{"rendered":"\u00ab\u00a0Ce n\u2019est pas lui mon agresseur, j\u2019en suis s\u00fbre. Quand je l\u2019ai vu \u00e0 la premi\u00e8re audience, je&hellip;\n","protected":false},"author":2,"featured_media":687736,"comment_status":"","ping_status":"","sticky":false,"template":"","format":"standard","meta":{"footnotes":""},"categories":[2814],"tags":[5734,1111,11,15838,33262,1777,674,274,1011,27,9342,884,12,471,9814,882,25,17478],"class_list":{"0":"post-687735","1":"post","2":"type-post","3":"status-publish","4":"format-standard","5":"has-post-thumbnail","7":"category-marseille","8":"tag-5734","9":"tag-actu","10":"tag-actualites","11":"tag-arrachage","12":"tag-collier","13":"tag-eu","14":"tag-europe","15":"tag-faits-divers-justice","16":"tag-fr","17":"tag-france","18":"tag-juge","19":"tag-marseille","20":"tag-news","21":"tag-pour","22":"tag-prevenu","23":"tag-provence-alpes-cote-dazur","24":"tag-republique-francaise","25":"tag-violent"},"share_on_mastodon":{"url":"https:\/\/pubeurope.com\/@fr\/115954593826925010","error":""},"_links":{"self":[{"href":"https:\/\/www.europesays.com\/fr\/wp-json\/wp\/v2\/posts\/687735","targetHints":{"allow":["GET"]}}],"collection":[{"href":"https:\/\/www.europesays.com\/fr\/wp-json\/wp\/v2\/posts"}],"about":[{"href":"https:\/\/www.europesays.com\/fr\/wp-json\/wp\/v2\/types\/post"}],"author":[{"embeddable":true,"href":"https:\/\/www.europesays.com\/fr\/wp-json\/wp\/v2\/users\/2"}],"replies":[{"embeddable":true,"href":"https:\/\/www.europesays.com\/fr\/wp-json\/wp\/v2\/comments?post=687735"}],"version-history":[{"count":0,"href":"https:\/\/www.europesays.com\/fr\/wp-json\/wp\/v2\/posts\/687735\/revisions"}],"wp:featuredmedia":[{"embeddable":true,"href":"https:\/\/www.europesays.com\/fr\/wp-json\/wp\/v2\/media\/687736"}],"wp:attachment":[{"href":"https:\/\/www.europesays.com\/fr\/wp-json\/wp\/v2\/media?parent=687735"}],"wp:term":[{"taxonomy":"category","embeddable":true,"href":"https:\/\/www.europesays.com\/fr\/wp-json\/wp\/v2\/categories?post=687735"},{"taxonomy":"post_tag","embeddable":true,"href":"https:\/\/www.europesays.com\/fr\/wp-json\/wp\/v2\/tags?post=687735"}],"curies":[{"name":"wp","href":"https:\/\/api.w.org\/{rel}","templated":true}]}}