{"id":687737,"date":"2026-01-25T07:37:12","date_gmt":"2026-01-25T07:37:12","guid":{"rendered":"https:\/\/www.europesays.com\/fr\/687737\/"},"modified":"2026-01-25T07:37:12","modified_gmt":"2026-01-25T07:37:12","slug":"le-maregraphe-ce-patrimoine-vivant-a-marseille-qui-mesure-le-rechauffement-climatique","status":"publish","type":"post","link":"https:\/\/www.europesays.com\/fr\/687737\/","title":{"rendered":"le mar\u00e9graphe, ce patrimoine vivant \u00e0 Marseille qui mesure le r\u00e9chauffement climatique"},"content":{"rendered":"<p class=\"rev-margin-0 rev-text-xs-normal\">Situ\u00e9 sur la Corniche Kennedy, \u00e0 Marseille, le mar\u00e9graphe, qui mesure le niveau de la mer, est aussi un indicateur du r\u00e9chauffement climatique.<\/p>\n<p class=\"rev-margin-0 rev-text-xs-bold\">\/ Photo Nicolas VALLAURI<\/p>\n<p>Sur la Corniche Kennedy, il passe presque inaper\u00e7u. Accroch\u00e9 \u00e0 la roche calcaire, il observe la mer depuis plus de 140\u00a0ans. <a href=\"https:\/\/www.laprovence.com\/article\/papier\/6552084\/le-maregraphe-lart-de-mesurer.html\" target=\"_blank\" rel=\"noopener\">Peu connu du grand public, le mar\u00e9graphe de Marseille est pourtant une r\u00e9f\u00e9rence scientifique majeure.<\/a><\/p>\n<p><img alt=\"L'instrument est le m\u00eame depuis 140 ans.\" loading=\"lazy\" decoding=\"async\" data-nimg=\"fill\" class=\" TwicCore_img__i9TC1 undefined  undefined\" style=\"position:absolute;height:100%;width:100%;left:0;top:0;right:0;bottom:0;color:transparent;background-size:cover;background-position:50% 50%;background-repeat:no-repeat;background-image:url(&quot;data:image\/svg+xml;charset=utf-8,%3Csvg xmlns='http:\/\/www.w3.org\/2000\/svg' %3E%3Cfilter id='b' color-interpolation-filters='sRGB'%3E%3CfeGaussianBlur stdDeviation='20'\/%3E%3CfeColorMatrix values='1 0 0 0 0 0 1 0 0 0 0 0 1 0 0 0 0 0 100 -1' result='s'\/%3E%3CfeFlood x='0' y='0' width='100%25' height='100%25'\/%3E%3CfeComposite operator='out' in='s'\/%3E%3CfeComposite in2='SourceGraphic'\/%3E%3CfeGaussianBlur stdDeviation='20'\/%3E%3C\/filter%3E%3Cimage width='100%25' height='100%25' x='0' y='0' preserveAspectRatio='none' style='filter: url(%23b);' href='data:image\/webp;base64,UklGRjYDAABXRUJQVlA4ICoDAABwOwCdASpYAjMBPkkkkEYipC2hIHHIYbAJCWlu4XY+BNqD18Y8NfsAGklspy5cuXLly5cuXLly5cuXLly5cuXLly5cuXLly5cuXLly5cuXLly5cuXLly5cuXLly5cuXLly5cuXLly5cuXLly5cuXLly5cOmSMpCYAqxrZTly5cuXLlb+kGzWSu8K3E1y5cuXLly5cuXLly586rC9hJ59veBEwBVjWynLly5cuXLug2VFzeerXpFBoE1DzVqRnK9boVWdU5uGOkJgCrGtlOXLl3LvfxUZpxwRcmsj79wb4EbKlE\/r22O42hBnpQFwx0hMAVY1spy4YzRxqGxu6c2HW2qsf0YBKFRSEwBVjWynLly5cuaOzYEbNk92seqt0qoLUhMAVY1spy5crUBhXE756j\/F5H4PuLhYztBdg85f1XvYrGtlOXLly5cuXLly8BqjFLIyVJAdajjWODMD9LlVAXDHSEwBVjWynLly9tbE8pMCyjcR7xcMdITAFWNbKcuXLly+D+fa3VF4N6KxrZTly5cuXLly5cuXLly5cuXLly5cuXLly5cuXLly5cuXLly5cuXLly5cuXLly5cuXLly5cuXLly5cuXLly5cuXLly5cuXLly5cuXLly5cuXLly5cuXLhAAAP7\/oF7\/uk\/U\/0X960XRsIAEB2AAAAAAN70kr1HHyAOX3hkoohV27A67FGK7ZDJxBrJxh4Ojbr\/WDeEfz\/7o3pHj59TQ8XGsQUhr3sN7hFK2Jryx8ktgST6T5ReQQ3\/8iFy18d24oI\/ehYDZRlXUy0Kupe8Eo1oGLy7EtnzszCA7wOSYi2TuBOTEajrI03t4X5RtPEfwApDODep6IxUiWEqwc10ClsN9PiXJYP\/ftxQ4kB\/fvVojv0hPD+UslrCvnBMHKjiIKuNWc2UVssi9Sc7OFkej4bXkVzuyn3wK6aai9cjlMoDj0aFvX1cABgc2Kb52QF9UStQKG7NBnYzqQyNQam2c8hYLfhjPkZw8Wtbagqpsowi5hfki1bc1bmdFsUiBCz012jpiep8diCSRABf4vizRKv35xIIAoAAAAAAAAAAAAAA='\/%3E%3C\/svg%3E&quot;)\"   src=\"https:\/\/www.europesays.com\/fr\/wp-content\/uploads\/2026\/01\/pour-la-page-patrimoine-du-dimanche-de-la-provence-le-maregraphe-au-174-de-la-corniche-kennedy-a-mar.jpeg\"\/>L&rsquo;instrument est le m\u00eame depuis 140 ans. \/ Photo Nicolas VALLAURI<\/p>\n<p>C\u2019est en\u00a02004 qu\u2019Alain Coulomb, ancien membre de l\u2019Institut national de l\u2019information g\u00e9ographique et foresti\u00e8re (IGN), a d\u00e9couvert le lieu\u00a0: \u00ab\u00a0Il n\u2019\u00e9tait pas r\u00e9nov\u00e9, il y avait de la v\u00e9g\u00e9tation, pourtant j\u2019en suis tomb\u00e9 amoureux. J\u2019ai pris un dossier au fond de l\u2019armoire, et l\u00e0 j\u2019ai ouvert une vraie bo\u00eete de Pandore. Je me suis dit\u00a0: &lsquo;c\u2019est un tr\u00e9sor'\u00a0\u00bb. Entre\u00a02013 et\u00a02019, il y organise des visites pour le grand public avant de fonder l\u2019association des Amis du mar\u00e9graphe.<\/p>\n<p>Construit entre\u00a01883 et\u00a01884, <a href=\"https:\/\/www.laprovence.com\/actu\/en-direct\/6495465\/marseille-journees-du-patrimoine-le-maregraphe-a-fait-le-plein-des-visites-supplementaires-esperees-en-20\" target=\"_blank\" rel=\"noopener\">cet observatoire est l\u2019un des points les plus essentiels du territoire<\/a>. \u00ab\u00a0Ce n\u2019est pas qu\u2019un objet patrimonial. Il a un int\u00e9r\u00eat scientifique majeur\u00a0\u00bb, explique Lionel Guyot, directeur adjoint territorial pour l\u2019IGN.<\/p>\n<p>\u00ab\u00a0Toutes les cartes fran\u00e7aises se basent sur le niveau de la mer de Marseille\u00a0\u00bb<\/p>\n<p>Dans ce b\u00e2timent de pierre, pr\u00e8s de deux si\u00e8cles d\u2019histoire et de science sont soigneusement rang\u00e9s dans les placards. Au sous-sol, un puits est creus\u00e9 sous la Corniche o\u00f9 l\u2019eau s\u2019infiltre par un canal souterrain. Au fond, un flotteur suit les variations du niveau marin. Dans le silence, on entend seulement les vagues frapper la pierre et le bruit sourd de la ventilation. \u00ab\u00a0Pour mesurer le niveau moyen de la mer, il faut \u00e9liminer la houle. Si le flotteur bouge trop, la mesure n\u2019est plus fiable\u00a0\u00bb, ajoute le sp\u00e9cialiste.<\/p>\n<p><img alt=\"Au sous-sol, un puits est creus\u00e9 sous la Corniche o\u00f9 l'eau s'infiltre par un canal souterrain. Au fond, un flotteur suit les variations du niveau marin.\" loading=\"lazy\" decoding=\"async\" data-nimg=\"fill\" class=\" TwicCore_img__i9TC1 undefined  undefined\" style=\"position:absolute;height:100%;width:100%;left:0;top:0;right:0;bottom:0;color:transparent;background-size:cover;background-position:50% 50%;background-repeat:no-repeat;background-image:url(&quot;data:image\/svg+xml;charset=utf-8,%3Csvg xmlns='http:\/\/www.w3.org\/2000\/svg' %3E%3Cfilter id='b' color-interpolation-filters='sRGB'%3E%3CfeGaussianBlur stdDeviation='20'\/%3E%3CfeColorMatrix values='1 0 0 0 0 0 1 0 0 0 0 0 1 0 0 0 0 0 100 -1' result='s'\/%3E%3CfeFlood x='0' y='0' width='100%25' height='100%25'\/%3E%3CfeComposite operator='out' in='s'\/%3E%3CfeComposite in2='SourceGraphic'\/%3E%3CfeGaussianBlur stdDeviation='20'\/%3E%3C\/filter%3E%3Cimage width='100%25' height='100%25' x='0' y='0' preserveAspectRatio='none' style='filter: url(%23b);' href='data:image\/webp;base64,UklGRjYDAABXRUJQVlA4ICoDAABwOwCdASpYAjMBPkkkkEYipC2hIHHIYbAJCWlu4XY+BNqD18Y8NfsAGklspy5cuXLly5cuXLly5cuXLly5cuXLly5cuXLly5cuXLly5cuXLly5cuXLly5cuXLly5cuXLly5cuXLly5cuXLly5cuXLly5cOmSMpCYAqxrZTly5cuXLlb+kGzWSu8K3E1y5cuXLly5cuXLly586rC9hJ59veBEwBVjWynLly5cuXLug2VFzeerXpFBoE1DzVqRnK9boVWdU5uGOkJgCrGtlOXLl3LvfxUZpxwRcmsj79wb4EbKlE\/r22O42hBnpQFwx0hMAVY1spy4YzRxqGxu6c2HW2qsf0YBKFRSEwBVjWynLly5cuaOzYEbNk92seqt0qoLUhMAVY1spy5crUBhXE756j\/F5H4PuLhYztBdg85f1XvYrGtlOXLly5cuXLly8BqjFLIyVJAdajjWODMD9LlVAXDHSEwBVjWynLly9tbE8pMCyjcR7xcMdITAFWNbKcuXLly+D+fa3VF4N6KxrZTly5cuXLly5cuXLly5cuXLly5cuXLly5cuXLly5cuXLly5cuXLly5cuXLly5cuXLly5cuXLly5cuXLly5cuXLly5cuXLly5cuXLly5cuXLly5cuXLhAAAP7\/oF7\/uk\/U\/0X960XRsIAEB2AAAAAAN70kr1HHyAOX3hkoohV27A67FGK7ZDJxBrJxh4Ojbr\/WDeEfz\/7o3pHj59TQ8XGsQUhr3sN7hFK2Jryx8ktgST6T5ReQQ3\/8iFy18d24oI\/ehYDZRlXUy0Kupe8Eo1oGLy7EtnzszCA7wOSYi2TuBOTEajrI03t4X5RtPEfwApDODep6IxUiWEqwc10ClsN9PiXJYP\/ftxQ4kB\/fvVojv0hPD+UslrCvnBMHKjiIKuNWc2UVssi9Sc7OFkej4bXkVzuyn3wK6aai9cjlMoDj0aFvX1cABgc2Kb52QF9UStQKG7NBnYzqQyNQam2c8hYLfhjPkZw8Wtbagqpsowi5hfki1bc1bmdFsUiBCz012jpiep8diCSRABf4vizRKv35xIIAoAAAAAAAAAAAAAA='\/%3E%3C\/svg%3E&quot;)\"   src=\"https:\/\/www.europesays.com\/fr\/wp-content\/uploads\/2026\/01\/1769326632_339_pour-la-page-patrimoine-du-dimanche-de-la-provence-le-maregraphe-au-174-de-la-corniche-kennedy-a-mar.jpeg\"\/>Au sous-sol, un puits est creus\u00e9 sous la Corniche o\u00f9 l&rsquo;eau s&rsquo;infiltre par un canal souterrain. Au fond, un flotteur suit les variations du niveau marin. \/ Photo Nicolas VALLAURI<\/p>\n<p>\u00c0 l\u2019\u00e9tage, le mar\u00e9graphe m\u00e9canique r\u00e9cup\u00e8re les donn\u00e9es\u00a0: class\u00e9 monument historique et toujours en fonctionnement, il est inchang\u00e9 depuis 140\u00a0ans. \u00ab\u00a0Mesurer avec le m\u00eame instrument depuis tant d\u2019ann\u00e9es garantit une continuit\u00e9 unique des donn\u00e9es\u00a0\u00bb, pr\u00e9cise Lionel Guyot. Et <a href=\"https:\/\/www.laprovence.com\/bouches-du-rhone\/marseille-13055\" target=\"_blank\" rel=\"noopener\">Marseille<\/a> a \u00e9t\u00e9 choisie pour la stabilit\u00e9 de sa c\u00f4te rocheuse. \u00ab\u00a0Toutes les cartes fran\u00e7aises se basent sur le niveau de la mer \u00e0 Marseille\u00a0\u00bb, rappelle-t-il.<\/p>\n<p>Aujourd\u2019hui, un mar\u00e9graphe num\u00e9rique compl\u00e8te le dispositif. Install\u00e9 en\u00a02008, il mesure le niveau de la mer par onde radar. Ensuite, les informations sont transmises au Shom (Service national d\u2019hydrographie et d\u2019oc\u00e9anographie) et \u00e0 l\u2019IGN. D\u00e9sormais, les gardiens du mar\u00e9graphe sont partis mais St\u00e9phane Dimey, coordinateur du site, vient chaque semaine pour r\u00e9colter les donn\u00e9es\u00a0: \u00ab\u00a0Je les r\u00e9cup\u00e8re sur le m\u00e9canique puis je compare avec le num\u00e9rique.\u00a0\u00bb<\/p>\n<p>\u00ab\u00a0Plus le mar\u00e9graphe sera connu, plus les gens mesureront les enjeux du r\u00e9chauffement climatique\u00a0\u00bb<\/p>\n<p>\u00c0 la fin du XIXe\u00a0si\u00e8cle, l\u2019objectif n\u2019\u00e9tait pas climatique. Il s\u2019agissait d\u2019am\u00e9nager le territoire, de construire des villes, de calculer des pentes. \u00ab\u00a0Mais, depuis\u00a01885, le <a href=\"https:\/\/www.laprovence.com\/article\/ecoplanete\/1433636682243515\/erosion-montee-des-eaux-le-niveau-de-la-mediterranee-a-bondi-en-dix-ans-nos-cotes-sous-pression\" target=\"_blank\" rel=\"noopener\">niveau de la mer a augment\u00e9 d\u2019environ 18 centim\u00e8tres<\/a>. Et l\u2019enjeu du lieu est devenu diff\u00e9rent\u00a0\u00bb, rappelle Lionel Guyot.<\/p>\n<p>Discret, le mar\u00e9graphe est aujourd\u2019hui un v\u00e9ritable observatoire du r\u00e9chauffement climatique. \u00ab\u00a0Avec les satellites oc\u00e9anographiques, on peut mesurer le niveau de la mer sur de plus petites p\u00e9riodes. Et on se rend compte que la mer monte bien plus vite qu\u2019avant\u00a0\u00bb, reprend Alain Coulomb.<\/p>\n<p>En\u00a02023, le mar\u00e9graphe a \u00e9t\u00e9 labellis\u00e9 par l\u2019Organisation m\u00e9t\u00e9orologique mondiale. <a href=\"https:\/\/www.laprovence.com\/article\/region\/58230078244798\/journee-du-patrimoine-une-reconnaissance-internationale-pour-le-maregraphe-de-marseille\" target=\"_blank\" rel=\"noopener\">Aujourd\u2019hui, il ouvre ses portes tous les ans au public pour les Journ\u00e9es du patrimoine.<\/a> \u00ab\u00a0L\u2019objectif est de transmettre l\u2019histoire du mar\u00e9graphe \u00e0 tous les Marseillais pour qu\u2019elle perdure. Car plus le mar\u00e9graphe sera connu, plus les gens mesureront les enjeux du r\u00e9chauffement climatique\u00a0\u00bb, conclut Alain Coulomb.<\/p>\n","protected":false},"excerpt":{"rendered":"Situ\u00e9 sur la Corniche Kennedy, \u00e0 Marseille, le mar\u00e9graphe, qui mesure le niveau de la mer, est aussi&hellip;\n","protected":false},"author":2,"featured_media":687738,"comment_status":"","ping_status":"","sticky":false,"template":"","format":"standard","meta":{"footnotes":""},"categories":[2814],"tags":[5734,1111,11,2511,1777,674,1011,27,78446,884,12,2551,882,3583,16,25,7785,2036],"class_list":{"0":"post-687737","1":"post","2":"type-post","3":"status-publish","4":"format-standard","5":"has-post-thumbnail","7":"category-marseille","8":"tag-5734","9":"tag-actu","10":"tag-actualites","11":"tag-cest","12":"tag-eu","13":"tag-europe","14":"tag-fr","15":"tag-france","16":"tag-maregraphe","17":"tag-marseille","18":"tag-news","19":"tag-patrimoine","20":"tag-provence-alpes-cote-dazur","21":"tag-qui","22":"tag-region","23":"tag-republique-francaise","24":"tag-tresor","25":"tag-vivant"},"share_on_mastodon":{"url":"https:\/\/pubeurope.com\/@fr\/115954597849047427","error":""},"_links":{"self":[{"href":"https:\/\/www.europesays.com\/fr\/wp-json\/wp\/v2\/posts\/687737","targetHints":{"allow":["GET"]}}],"collection":[{"href":"https:\/\/www.europesays.com\/fr\/wp-json\/wp\/v2\/posts"}],"about":[{"href":"https:\/\/www.europesays.com\/fr\/wp-json\/wp\/v2\/types\/post"}],"author":[{"embeddable":true,"href":"https:\/\/www.europesays.com\/fr\/wp-json\/wp\/v2\/users\/2"}],"replies":[{"embeddable":true,"href":"https:\/\/www.europesays.com\/fr\/wp-json\/wp\/v2\/comments?post=687737"}],"version-history":[{"count":0,"href":"https:\/\/www.europesays.com\/fr\/wp-json\/wp\/v2\/posts\/687737\/revisions"}],"wp:featuredmedia":[{"embeddable":true,"href":"https:\/\/www.europesays.com\/fr\/wp-json\/wp\/v2\/media\/687738"}],"wp:attachment":[{"href":"https:\/\/www.europesays.com\/fr\/wp-json\/wp\/v2\/media?parent=687737"}],"wp:term":[{"taxonomy":"category","embeddable":true,"href":"https:\/\/www.europesays.com\/fr\/wp-json\/wp\/v2\/categories?post=687737"},{"taxonomy":"post_tag","embeddable":true,"href":"https:\/\/www.europesays.com\/fr\/wp-json\/wp\/v2\/tags?post=687737"}],"curies":[{"name":"wp","href":"https:\/\/api.w.org\/{rel}","templated":true}]}}