{"id":687755,"date":"2026-01-25T07:48:21","date_gmt":"2026-01-25T07:48:21","guid":{"rendered":"https:\/\/www.europesays.com\/fr\/687755\/"},"modified":"2026-01-25T07:48:21","modified_gmt":"2026-01-25T07:48:21","slug":"en-direct-guerre-en-ukraine-de-nouveaux-pourparlers-entre-kiev-moscou-et-washington-prevus-la-semaine-prochaine","status":"publish","type":"post","link":"https:\/\/www.europesays.com\/fr\/687755\/","title":{"rendered":"EN DIRECT &#8211; Guerre en Ukraine : de nouveaux pourparlers entre Kiev, Moscou et Washington pr\u00e9vus la semaine prochaine"},"content":{"rendered":"<ul class=\"jsx-862013697 ArticleChapo__List\">\n<li class=\"jsx-862013697 ArticleChapo__List_Item flex\">Volodymyr Zelensky a qualifi\u00e9 samedi de \u00ab\u00a0constructives\u00a0\u00bb les discussions entre les d\u00e9l\u00e9gations ukrainienne, russe et am\u00e9ricaine qui ont eu lieu \u00e0 Abou Dhabi, aux \u00c9mirats arabes unis.<\/li>\n<li class=\"jsx-862013697 ArticleChapo__List_Item flex\">Selon le pr\u00e9sident ukrainien, de nouveaux pourparlers pourraient avoir lieu \u00ab\u00a0d\u00e8s la semaine prochaine\u00a0\u00bb.<\/li>\n<li class=\"jsx-862013697 ArticleChapo__List_Item flex\">Suivez les derni\u00e8res informations.<\/li>\n<\/ul>\n<p><a href=\"https:\/\/www.tf1info.fr\/actualite\/invasion-de-l-ukraine-par-la-russie-une-guerre-qui-dure-12951\/\" rel=\"noopener\" class=\"jsx-484472199 Link jsx-1428418400 jsx-554215408\" target=\"_blank\"><\/p>\n<p style=\"font-weight:400\" class=\"jsx-1837267516\">Suivez la couverture compl\u00e8te<\/p>\n<p style=\"font-weight:800\" class=\"jsx-1837267516\">Ukraine : 4\u1d49 ann\u00e9e de guerre<\/p>\n<p><\/a>Minute par minuteLES ATTAQUES RUSSES SE POURSUIVENT<\/p>\n<p>Malgr\u00e9 les n\u00e9gociations en cours, les frappes russes continuent. Hier, une personne a \u00e9t\u00e9 tu\u00e9e dans une frappe sur une confiserie de Kiev et 8 personnes ont \u00e9t\u00e9 bless\u00e9es dans la r\u00e9gion. 27 autres ont \u00e9t\u00e9 touch\u00e9s dans des bombardements sur Kharkiv, qui ont cibl\u00e9 une maternit\u00e9 et des immeubles r\u00e9sidentiels, selon les autorit\u00e9s locales.<\/p>\n<p>\u00ab\u00a0A chaque fois \u00e7a recommence, des n\u00e9gociations, des n\u00e9gociations\u00a0\u00bb, relevait Anastassia Tolkatchov, une habitante de Kiev, qui n&rsquo;a \u00ab\u00a0m\u00eame pas envie de parler\u00a0\u00bb de n\u00e9gociations. \u00ab\u00a0Ils diront juste que tout va bien, que, encore une fois, rien n&rsquo;a \u00e9t\u00e9 convenu, et qu&rsquo;il y aura encore des roquettes,\u00a0\u00bb a-t-elle d\u00e9clar\u00e9 \u00e0 l&rsquo;AFP apr\u00e8s une nuit pass\u00e9e dans un parking souterrain de Kiev.<\/p>\n<p>07:09DE NOUVEAUX POURPARLERS <\/p>\n<p>Les pourparlers entre l&rsquo;Ukraine, la Russie et les Etats-Unis qui se sont achev\u00e9s hier \u00e0 Abou Dhabi doivent continuer \u00ab\u00a0la semaine prochaine\u00a0\u00bb. \u00ab\u00a0Les discussions reprendront \u00e0 Abou Dhabi le 1er f\u00e9vrier\u00a0\u00bb, a indiqu\u00e9 un responsable am\u00e9ricain cit\u00e9 par l&rsquo;AFP, ajoutant: \u00ab\u00a0Je pense que r\u00e9unir tout le monde \u00e9tait une \u00e9tape importante.\u00a0\u00bb<\/p>\n<p>\u00ab\u00a0Beaucoup de choses ont \u00e9t\u00e9 discut\u00e9es et il est important que les discussions aient \u00e9t\u00e9 constructives\u00a0\u00bb, a de son c\u00f4t\u00e9 relev\u00e9 Volodymyr Zelensky sur X.<\/p>\n<p>07:06BONJOUR<\/p>\n<p>Bienvenue dans ce direct consacr\u00e9 \u00e0 la guerre en Ukraine et \u00e0 ses cons\u00e9quences. Retrouvez ici les derni\u00e8res infos et les images fortes sur ce conflit.<\/p>\n<p>07:04<\/p>\n<p data-module=\"article-paragraph\" class=\"jsx-157965717 Paragraph\">Les pourparlers entre les d\u00e9l\u00e9gations ukrainienne, russe et am\u00e9ricaine se sont achev\u00e9s samedi \u00e0 Abou Dhabi apr\u00e8s <a href=\"https:\/\/www.tf1info.fr\/international\/direct-guerre-ukraine-russie-nouvelles-discussions-kiev-moscou-washington-a-abou-dhabi-les-dernieres-informations-dimanche-25-janvier-2026-62609-2420535.html\" target=\"_blank\" rel=\"noopener\">des discussions \u00ab\u00a0constructives\u00a0\u00bb<\/a> selon Volodymyr Zelensky, avant de nouvelles discussions la semaine prochaine. \u00ab\u00a0Beaucoup de choses ont \u00e9t\u00e9 discut\u00e9es et il est important que les discussions aient \u00e9t\u00e9 constructives\u00a0\u00bb, a \u00e9crit le pr\u00e9sident ukrainien sur X.<\/p>\n<p data-module=\"article-paragraph\" class=\"jsx-157965717 Paragraph\">Les discussions reprendront \u00e0 Abou Dhabi le 1\u1d49\u02b3 f\u00e9vrier, a indiqu\u00e9 un responsable am\u00e9ricain, ajoutant : \u00ab\u00a0Je pense que r\u00e9unir tout le monde \u00e9tait une \u00e9tape importante.\u00a0\u00bb \u00ab\u00a0Je pense que cela confirme le fait que (&#8230;) beaucoup de progr\u00e8s ont \u00e9t\u00e9 faits \u00e0 ce jour pour d\u00e9finir pr\u00e9cis\u00e9ment les d\u00e9tails n\u00e9cessaires pour parvenir \u00e0 une conclusion\u00a0\u00bb, a-t-il ajout\u00e9.<\/p>\n<p data-module=\"article-paragraph\" class=\"jsx-157965717 Paragraph Paragraph__End\">Ces pourparlers sont les premi\u00e8res n\u00e9gociations directes connues entre Moscou et Kiev sur <a href=\"https:\/\/www.tf1info.fr\/international\/guerre-en-ukraine-lignes-de-front-election-que-contient-la-nouvelle-version-du-plan-de-paix-americain-2414673.html\" target=\"_blank\" rel=\"noopener\">le plan am\u00e9ricain de r\u00e8glement de cette guerre<\/a> qui a fait des dizaines de milliers de morts depuis 2022, mais \u00e0 Kiev, les habitants \u00e9puis\u00e9s manquent d&rsquo;espoir.<\/p>\n<p data-module=\"article-paragraph\" class=\"jsx-157965717 Paragraph Paragraph__End\">La Russie, qui affirme ne cibler que des objectifs militaires, a vis\u00e9 l&rsquo;Ukraine avec plus de 370 drones et 27 missiles dans la nuit de vendredi \u00e0 samedi selon les autorit\u00e9s ukrainiennes, visant les r\u00e9gions de la capitale, de Tcherniguiv (nord), Soumy et Kharkiv (nord-est).<\/p>\n<p><a href=\"https:\/\/www.tf1info.fr\/international\/direct-guerre-ukraine-russie-l-emissaire-americain-steve-witkoff-s-entretient-avec-vladimir-poutine-a-moscou-apres-zelensky-et-trump-les-dernieres-informations-vendredi-23-janvier-2026-2420327.html\" rel=\"noopener\" class=\"jsx-3308031228 Link flex\" target=\"_blank\"><img decoding=\"async\" src=\"https:\/\/www.europesays.com\/fr\/wp-content\/uploads\/2026\/01\/volodymyr-zelensky-davos-22-janvier-2026-45a24a-0@1x.jpeg\" alt=\"Volodymyr Zelensky au Forum \u00e9conomique mondial de Davos le 22 janvier 2026.\" loading=\"lazy\" importance=\"low\" fetchpriority=\"low\" class=\"\" aria-hidden=\"true\"\/><\/p>\n<p class=\"jsx-3657663356 ReadMoreArticle__Title\">Lire aussi<\/p>\n<p class=\"jsx-3657663356\">Ukraine : pour Zelensky, \u00ab\u00a0l&rsquo;essentiel est que la Russie soit pr\u00eate \u00e0 mettre fin \u00e0 la guerre qu&rsquo;elle a d\u00e9clench\u00e9e\u00a0\u00bb<\/p>\n<p><\/a><\/p>\n<p data-module=\"article-paragraph\" class=\"jsx-157965717 Paragraph Paragraph__End\">Les bombardements nocturnes ont laiss\u00e9 plus d&rsquo;un million de personnes sans \u00e9lectricit\u00e9 \u00e0 Kiev et dans la r\u00e9gion de Tcherniguiv, avec la moiti\u00e9 des immeubles de la capitale de nouveau priv\u00e9s de courant et chauffage, selon Oleksi\u00ef Kouleba, vice-Premier ministre pour la reconstruction de l&rsquo;Ukraine, alors que les temp\u00e9ratures descendent quotidiennement en-dessous de -10\u00b0C.<\/p>\n<p>La r\u00e9daction de TF1info<\/p>\n","protected":false},"excerpt":{"rendered":"Volodymyr Zelensky a qualifi\u00e9 samedi de \u00ab\u00a0constructives\u00a0\u00bb les discussions entre les d\u00e9l\u00e9gations ukrainienne, russe et am\u00e9ricaine qui ont&hellip;\n","protected":false},"author":2,"featured_media":685528,"comment_status":"","ping_status":"","sticky":false,"template":"","format":"standard","meta":{"footnotes":""},"categories":[1590],"tags":[1111,11,1921,1777,674,1922,1916,12,220,77346,133,1920,134],"class_list":{"0":"post-687755","1":"post","2":"type-post","3":"status-publish","4":"format-standard","5":"has-post-thumbnail","7":"category-ukraine","8":"tag-actu","9":"tag-actualites","10":"tag-article-video","11":"tag-eu","12":"tag-europe","13":"tag-info","14":"tag-moscou","15":"tag-news","16":"tag-ukraine","17":"tag-ukraine-vers-une-5-annee-de-guerre","18":"tag-video","19":"tag-video-international","20":"tag-volodymyr-zelensky"},"share_on_mastodon":{"url":"https:\/\/pubeurope.com\/@fr\/115954640910122475","error":""},"_links":{"self":[{"href":"https:\/\/www.europesays.com\/fr\/wp-json\/wp\/v2\/posts\/687755","targetHints":{"allow":["GET"]}}],"collection":[{"href":"https:\/\/www.europesays.com\/fr\/wp-json\/wp\/v2\/posts"}],"about":[{"href":"https:\/\/www.europesays.com\/fr\/wp-json\/wp\/v2\/types\/post"}],"author":[{"embeddable":true,"href":"https:\/\/www.europesays.com\/fr\/wp-json\/wp\/v2\/users\/2"}],"replies":[{"embeddable":true,"href":"https:\/\/www.europesays.com\/fr\/wp-json\/wp\/v2\/comments?post=687755"}],"version-history":[{"count":0,"href":"https:\/\/www.europesays.com\/fr\/wp-json\/wp\/v2\/posts\/687755\/revisions"}],"wp:featuredmedia":[{"embeddable":true,"href":"https:\/\/www.europesays.com\/fr\/wp-json\/wp\/v2\/media\/685528"}],"wp:attachment":[{"href":"https:\/\/www.europesays.com\/fr\/wp-json\/wp\/v2\/media?parent=687755"}],"wp:term":[{"taxonomy":"category","embeddable":true,"href":"https:\/\/www.europesays.com\/fr\/wp-json\/wp\/v2\/categories?post=687755"},{"taxonomy":"post_tag","embeddable":true,"href":"https:\/\/www.europesays.com\/fr\/wp-json\/wp\/v2\/tags?post=687755"}],"curies":[{"name":"wp","href":"https:\/\/api.w.org\/{rel}","templated":true}]}}