{"id":687756,"date":"2026-01-25T07:49:11","date_gmt":"2026-01-25T07:49:11","guid":{"rendered":"https:\/\/www.europesays.com\/fr\/687756\/"},"modified":"2026-01-25T07:49:11","modified_gmt":"2026-01-25T07:49:11","slug":"le-nouveau-virage-de-tiktok-aux-etats-unis","status":"publish","type":"post","link":"https:\/\/www.europesays.com\/fr\/687756\/","title":{"rendered":"le nouveau virage de TikTok aux \u00c9tats-Unis"},"content":{"rendered":"<p>Sous la contrainte d\u2019une loi am\u00e9ricaine, ByteDance a c\u00e9d\u00e9 ses activit\u00e9s outre-Atlantique. Derri\u00e8re la reprise du r\u00e9seau sociale, une sourde bataille pour le contr\u00f4le des donn\u00e9es.<\/p>\n<p class=\"c-paragraph\">Il aura fallu six ann\u00e9es de bras de fer diplomatiques pour que l\u2019\u00e9pilogue tombe enfin. Vendredi 23 janvier, \u00e0 l\u2019expiration du dernier sursis accord\u00e9 par la Maison-Blanche, ByteDance a c\u00e9d\u00e9 ses activit\u00e9s am\u00e9ricaines. TikTok, g\u00e9ant plan\u00e9taire du divertissement algorithmique, change de main aux \u00c9tats-Unis pour mieux sauver sa peau. Et, au passage, redessiner les fronti\u00e8res de la souverainet\u00e9 num\u00e9rique.<\/p>\n<p class=\"c-paragraph\">Derri\u00e8re cette transaction, une loi. Vot\u00e9e en 2024 sous l\u2019administration Biden, confirm\u00e9e par la Cour supr\u00eame, elle imposait \u00e0 la maison m\u00e8re chinoise de renoncer \u00e0 sa filiale am\u00e9ricaine sous peine d\u2019interdiction pure et simple. Le texte devait entrer en vigueur en janvier 2025.<\/p>\n<p class=\"c-paragraph\">Donald Trump, <a href=\"https:\/\/www.lepoint.fr\/high-tech-internet\/vente-de-tiktok-que-contient-l-accord-signe-par-donald-trump-26-09-2025-2599625_47.php\" target=\"_self\" rel=\"noopener\" title=\"https:\/\/www.lepoint.fr\/high-tech-internet\/vente-de-tiktok-que-contient-l-accord-signe-par-donald-trump-26-09-2025-2599625_47.php\">revenu aux commandes<\/a>, en avait diff\u00e9r\u00e9 l\u2019application \u00e0 trois reprises. Le dernier d\u00e9lai de cent vingt jours, fix\u00e9 en septembre, est arriv\u00e9 \u00e0 son terme.<\/p>\n<p class=\"newsletter-subscription__disclaimer\">En vous inscrivant, vous acceptez les <a class=\"c-link newsletter-subscription__legal-link\" href=\"https:\/\/www.lepoint.fr\/html\/cgu\/\" target=\"_blank\" rel=\"noopener\">conditions g\u00e9n\u00e9rales d&rsquo;utilisation<\/a> et notre <a class=\"c-link newsletter-subscription__legal-link\" href=\"https:\/\/www.lepoint.fr\/html\/politique-de-protection-donnees-personnelles\/\" target=\"_blank\" rel=\"noopener\">politique de confidentialit\u00e9<\/a>.<\/p>\n<p class=\"c-paragraph\">Apr\u00e8s des mois de n\u00e9gociations entre Washington et P\u00e9kin, un compromis a \u00e9t\u00e9 trouv\u00e9. <a href=\"https:\/\/www.lepoint.fr\/societe\/interdire-uniquement-tiktok-n-aurait-pas-de-sens-mais-11-09-2025-2598379_23.php\" target=\"_self\" rel=\"noopener\" title=\"https:\/\/www.lepoint.fr\/societe\/interdire-uniquement-tiktok-n-aurait-pas-de-sens-mais-11-09-2025-2598379_23.php\">TikTok<\/a> aux \u00c9tats-Unis appartient d\u00e9sormais majoritairement \u00e0 un consortium d\u2019investisseurs compos\u00e9 d\u2019Oracle, du fonds californien Silver Lake et du fonds souverain \u00e9mirati MGX, pr\u00e9cise la <a href=\"https:\/\/www.bbc.com\/news\/articles\/cvgnj7v2rr5o\" target=\"_self\" rel=\"noopener\" title=\"https:\/\/www.bbc.com\/news\/articles\/cvgnj7v2rr5o\">BBC<\/a>. D\u2019autres actionnaires compl\u00e8tent l\u2019attelage, majoritairement am\u00e9ricains, parmi lesquels figure aussi le Fran\u00e7ais Xavier Niel. ByteDance, lui, conserve une participation minoritaire, juste en de\u00e7\u00e0 de 20 %.<\/p>\n<p>TikTok, un outil de surveillance ?<\/p>\n<p class=\"c-paragraph\">C\u2019est ainsi qu\u2019une nouvelle entit\u00e9 a vu le jour : TikTok USDS Joint Venture LLC. Elle est d\u00e9sormais d\u00e9positaire de l\u2019essentiel : les donn\u00e9es des utilisateurs am\u00e9ricains, la mod\u00e9ration, la s\u00e9curit\u00e9\u2026 et surtout <a href=\"https:\/\/www.lepoint.fr\/high-tech-internet\/tiktok-donne-une-forme-morbide-aux-preoccupations-des-adolescents-13-09-2025-2598503_47.php\" target=\"_self\" rel=\"noopener\" title=\"https:\/\/www.lepoint.fr\/high-tech-internet\/tiktok-donne-une-forme-morbide-aux-preoccupations-des-adolescents-13-09-2025-2598503_47.php\">l\u2019algorithme<\/a>. Celui-ci sera \u00ab r\u00e9entra\u00een\u00e9 \u00bb \u00e0 partir des donn\u00e9es locales et h\u00e9berg\u00e9 dans les infrastructures cloud d\u2019Oracle.<\/p>\n<p class=\"c-paragraph\">Reste une inqui\u00e9tude latente. La proximit\u00e9 entre Larry Ellison, <a href=\"https:\/\/www.lepoint.fr\/debats\/quand-les-marches-misent-sur-la-mort-de-la-pensee-critique-29-10-2025-2602024_2.php\" target=\"_self\" rel=\"noopener\" title=\"https:\/\/www.lepoint.fr\/debats\/quand-les-marches-misent-sur-la-mort-de-la-pensee-critique-29-10-2025-2602024_2.php\">patron d\u2019Oracle<\/a> \u2013 d\u00e9sormais d\u00e9tenteur de 15 % du capital \u2013 et Donald Trump nourrit une suspicion. TikTok pourrait-il devenir un instrument de surveillance ou de propagande d\u2019\u00c9tat ?<\/p>\n<p class=\"c-paragraph\">Pour continuer \u00e0 utiliser l\u2019application, les internautes doivent accepter de nouvelles conditions d\u2019utilisation, estampill\u00e9es \u00ab made in USA \u00bb. Officiellement, rien de r\u00e9volutionnaire. Mais, \u00e0 y regarder de pr\u00e8s, un glissement s\u2019op\u00e8re.<\/p>\n<p class=\"c-paragraph\"><a href=\"https:\/\/www.latribune.fr\/article\/tech\/4086886807745\/pourquoi-le-nouveau-tiktok-americain-inquiete-deja-ses-utilisateurs\" target=\"_self\" rel=\"noopener\" title=\"https:\/\/www.latribune.fr\/article\/tech\/4086886807745\/pourquoi-le-nouveau-tiktok-americain-inquiete-deja-ses-utilisateurs\">La Tribune<\/a>, qui a compar\u00e9 les versions ant\u00e9rieures et post\u00e9rieures au 22 janvier, \u00e9voque \u00ab une utilisation des donn\u00e9es plus permissive \u00bb. Dans une mise \u00e0 jour publi\u00e9e apr\u00e8s la conclusion de l\u2019accord, la nouvelle coentreprise a \u00e9largi le p\u00e9rim\u00e8tre des informations de localisation qu\u2019elle se r\u00e9serve le droit de collecter.<\/p>\n<p class=\"c-paragraph\">D\u00e9sormais, TikTok pourra, selon ses propres termes, \u00ab collecter des donn\u00e9es de localisation pr\u00e9cises, en fonction de vos param\u00e8tres \u00bb l\u00e0 o\u00f9 l\u2019ancienne politique ne permettait que des donn\u00e9es \u00ab approximatives \u00bb.<\/p>\n<p>G\u00e9olocalisation, IA, donn\u00e9es<\/p>\n<p class=\"c-paragraph\">L\u2019entreprise pr\u00e9cise que ces informations sensibles seront trait\u00e9es \u00ab conform\u00e9ment au droit applicable \u00bb et que l\u2019utilisateur pourra d\u00e9sactiver \u00e0 tout moment les services de localisation dans les r\u00e9glages de son appareil. Jusqu\u2019ici, TikTok se contentait de donn\u00e9es issues de la carte SIM ou de l\u2019adresse IP. La g\u00e9olocalisation GPS, m\u00eame approximative, n\u2019\u00e9tait pas exploit\u00e9e par d\u00e9faut dans la version am\u00e9ricaine la plus r\u00e9cente.<\/p>\n<p class=\"c-paragraph\">D\u2019autant que la g\u00e9olocalisation n\u2019est pas le seul terrain d\u2019expansion. La nouvelle entit\u00e9 \u00e9largit aussi ses pr\u00e9rogatives en mati\u00e8re d\u2019intelligence artificielle. Seront d\u00e9sormais collect\u00e9es les \u00ab invites et questions \u00bb adress\u00e9es aux outils d\u2019IA de TikTok, ainsi que des informations d\u00e9taill\u00e9es sur \u00ab comment, quand et o\u00f9 \u00bb un contenu a \u00e9t\u00e9 g\u00e9n\u00e9r\u00e9.<\/p>\n<p class=\"c-paragraph\">Pourtant c\u2019est au nom de la s\u00e9curit\u00e9 nationale que le Congr\u00e8s avait impos\u00e9 la vente. La crainte, r\u00e9currente \u00e0 Washington, \u00e9tait celle d\u2019un acc\u00e8s indirect de P\u00e9kin aux donn\u00e9es des citoyens am\u00e9ricains. \u00c0 ce jour, la r\u00e9ponse officielle de la nouvelle coentreprise se veut rassurante : selon la BBC, sa mission serait \u00ab de <a href=\"https:\/\/www.lepoint.fr\/monde\/tiktok-ne-sera-finalement-pas-interdit-aux-etats-unis-les-details-de-laccord-HIR2C2BL45DFLIY2UFIAUK2D2A\/\" target=\"_self\" rel=\"noopener\" title=\"https:\/\/www.lepoint.fr\/monde\/tiktok-ne-sera-finalement-pas-interdit-aux-etats-unis-les-details-de-laccord-HIR2C2BL45DFLIY2UFIAUK2D2A\/\">s\u00e9curiser les donn\u00e9es<\/a> des utilisateurs am\u00e9ricains, les applications et l\u2019algorithme gr\u00e2ce \u00e0 des mesures exhaustives de protection de la vie priv\u00e9e et de cybers\u00e9curit\u00e9 \u00bb.<\/p>\n","protected":false},"excerpt":{"rendered":"Sous la contrainte d\u2019une loi am\u00e9ricaine, ByteDance a c\u00e9d\u00e9 ses activit\u00e9s outre-Atlantique. Derri\u00e8re la reprise du r\u00e9seau sociale,&hellip;\n","protected":false},"author":2,"featured_media":687757,"comment_status":"","ping_status":"","sticky":false,"template":"","format":"standard","meta":{"footnotes":""},"categories":[1589],"tags":[11,73,1866,12,2439,1864,1865,1863,308],"class_list":{"0":"post-687756","1":"post","2":"type-post","3":"status-publish","4":"format-standard","5":"has-post-thumbnail","7":"category-etats-unis","8":"tag-actualites","9":"tag-etats-unis","10":"tag-etats-unis-damerique","11":"tag-news","12":"tag-tiktok","13":"tag-united-states","14":"tag-united-states-of-america","15":"tag-us","16":"tag-usa"},"share_on_mastodon":{"url":"https:\/\/pubeurope.com\/@fr\/115954644663687180","error":""},"_links":{"self":[{"href":"https:\/\/www.europesays.com\/fr\/wp-json\/wp\/v2\/posts\/687756","targetHints":{"allow":["GET"]}}],"collection":[{"href":"https:\/\/www.europesays.com\/fr\/wp-json\/wp\/v2\/posts"}],"about":[{"href":"https:\/\/www.europesays.com\/fr\/wp-json\/wp\/v2\/types\/post"}],"author":[{"embeddable":true,"href":"https:\/\/www.europesays.com\/fr\/wp-json\/wp\/v2\/users\/2"}],"replies":[{"embeddable":true,"href":"https:\/\/www.europesays.com\/fr\/wp-json\/wp\/v2\/comments?post=687756"}],"version-history":[{"count":0,"href":"https:\/\/www.europesays.com\/fr\/wp-json\/wp\/v2\/posts\/687756\/revisions"}],"wp:featuredmedia":[{"embeddable":true,"href":"https:\/\/www.europesays.com\/fr\/wp-json\/wp\/v2\/media\/687757"}],"wp:attachment":[{"href":"https:\/\/www.europesays.com\/fr\/wp-json\/wp\/v2\/media?parent=687756"}],"wp:term":[{"taxonomy":"category","embeddable":true,"href":"https:\/\/www.europesays.com\/fr\/wp-json\/wp\/v2\/categories?post=687756"},{"taxonomy":"post_tag","embeddable":true,"href":"https:\/\/www.europesays.com\/fr\/wp-json\/wp\/v2\/tags?post=687756"}],"curies":[{"name":"wp","href":"https:\/\/api.w.org\/{rel}","templated":true}]}}