{"id":687800,"date":"2026-01-25T08:17:20","date_gmt":"2026-01-25T08:17:20","guid":{"rendered":"https:\/\/www.europesays.com\/fr\/687800\/"},"modified":"2026-01-25T08:17:20","modified_gmt":"2026-01-25T08:17:20","slug":"vols-annules-supermarches-vides-une-tempete-hivernale-majeure-deferle-sur-les-etats-unis-25-01-2026-a-0829","status":"publish","type":"post","link":"https:\/\/www.europesays.com\/fr\/687800\/","title":{"rendered":"Vols annul\u00e9s, supermarch\u00e9s vides: une temp\u00eate hivernale majeure d\u00e9ferle sur les Etats-Unis &#8211; 25\/01\/2026 \u00e0 08:29"},"content":{"rendered":"<p>        <img decoding=\"async\" src=\"https:\/\/www.europesays.com\/fr\/wp-content\/uploads\/2026\/01\/bbe639368f359c126309949d9e18c2c2-760x497.jpg\" alt=\"Une femme prend des \u0153ufs sur des \u00e9tag\u00e8res en grande partie vides, tandis que les habitants font des provisions avant l\u2019arriv\u00e9e d\u2019un front froid pr\u00e9vu dans la r\u00e9gion d\u2019Arlington, en Virginie, le 23 janvier 2026 ( AFP \/ SAUL LOEB )\" loading=\"eager\" fetchpriority=\"high\" width=\"760\" height=\"497\" style=\"max-width: 100%!important; height: auto;\"\/><\/p>\n<p class=\"c-image-news__legend\">Une femme prend des \u0153ufs sur des \u00e9tag\u00e8res en grande partie vides, tandis que les habitants font des provisions avant l\u2019arriv\u00e9e d\u2019un front froid pr\u00e9vu dans la r\u00e9gion d\u2019Arlington, en Virginie, le 23 janvier 2026 ( AFP \/ SAUL LOEB )<\/p>\n<p>\n Une temp\u00eate hivernale majeure d\u00e9ferle dimanche vers le nord-est des Etats-Unis apr\u00e8s avoir provoqu\u00e9 d&rsquo;importantes chutes de neige dans le centre, mena\u00e7ant des millions d&rsquo;Am\u00e9ricains de coupures d&rsquo;\u00e9lectricit\u00e9 et d&rsquo;une paralysie des transports par des temp\u00e9ratures glaciales.\n<\/p>\n<p>\n De nombreux supermarch\u00e9s ont \u00e9t\u00e9 d\u00e9valis\u00e9s face aux pr\u00e9visions des services m\u00e9t\u00e9o nationaux (NWS) qui ont annonc\u00e9 d&rsquo;abondantes chutes de neige et des accumulations de glace aux potentielles cons\u00e9quences \u00ab\u00a0catastrophiques \u00e0 l&rsquo;\u00e9chelle locale\u00a0\u00bb des plaines du sud jusqu&rsquo;au littoral atlantique.\n<\/p>\n<p>\n Au total, 20 \u00c9tats ainsi que la capitale am\u00e9ricaine, Washington, ont d\u00e9clar\u00e9 l&rsquo;\u00e9tat d&rsquo;urgence.\n<\/p>\n<p>\n Environ 14.000 vols \u00e0 destination et en provenance des Etats-Unis ont \u00e9t\u00e9 annul\u00e9s au cours du week-end, et des milliers d&rsquo;autres ont \u00e9t\u00e9 retard\u00e9s, selon FlightAware.\n<\/p>\n<p>\n La temp\u00eate, qualifi\u00e9e d'\u00a0\u00bbinhabituellement \u00e9tendue et de longue dur\u00e9e\u00a0\u00bb par le NWS, est provoqu\u00e9e par l&rsquo;arriv\u00e9e d&rsquo;une masse d&rsquo;air arctique en provenance du Canada.\n<\/p>\n<p>        <img decoding=\"async\" src=\"https:\/\/www.europesays.com\/fr\/wp-content\/uploads\/2026\/01\/718de65a223b958081465c4ad32b5b7b-760x507.jpg\" alt=\"Des clients d'un magasin de bricolage ach\u00e8tent du mat\u00e9riel en anticipation de l'arriv\u00e9e d'une temp\u00eate hivernale majeure sur une bonne partie des Etats-Unis, \u00e0 Falls Church (Virginie), le 24 janvier 2026 ( AFP \/ Alex WROBLEWSKI )\" loading=\"eager\" fetchpriority=\"high\" width=\"760\" height=\"507\" style=\"max-width: 100%!important; height: auto;\"\/><\/p>\n<p class=\"c-image-news__legend\">Des clients d&rsquo;un magasin de bricolage ach\u00e8tent du mat\u00e9riel en anticipation de l&rsquo;arriv\u00e9e d&rsquo;une temp\u00eate hivernale majeure sur une bonne partie des Etats-Unis, \u00e0 Falls Church (Virginie), le 24 janvier 2026 ( AFP \/ Alex WROBLEWSKI )<\/p>\n<p>\n A New York, o\u00f9 les temp\u00e9ratures devraient rester n\u00e9gatives toute la journ\u00e9e et o\u00f9 jusqu&rsquo;\u00e0 30 centim\u00e8tres de neige sont attendus \u00e0 Central Park, le maire Zohran Mamdani a demand\u00e9 d&rsquo;\u00e9viter tous les d\u00e9placements non essentiels dimanche. Une d\u00e9cision sera prise dans la journ\u00e9e concernant une \u00e9ventuelle fermeture des \u00e9coles lundi, auquel cas les cours seraient assur\u00e9s en ligne.\n<\/p>\n<p> &#8211; Le Texas grelotte &#8211;<\/p>\n<p>\n Des chutes de neige ont d\u00e9j\u00e0 \u00e9t\u00e9 enregistr\u00e9es samedi dans le centre des Etats-Unis, notamment au Kansas, en Oklahoma et dans le Missouri, o\u00f9 certaines localit\u00e9s montraient 20 centim\u00e8tres au sol samedi soir, a indiqu\u00e9 le NWS.\n<\/p>\n<p>\n Ville du sud plus habitu\u00e9e aux temp\u00e9ratures cl\u00e9mentes, Dallas a vu le thermom\u00e8tre chuter \u00e0 -6\u00b0C.\n<\/p>\n<p>\n A Houston, des centres d&rsquo;accueil, notamment pour les sans-abri, ont ouvert samedi apr\u00e8s-midi dans cette ville de pr\u00e8s de 2,4 millions d&rsquo;habitants.\n<\/p>\n<p>        <img decoding=\"async\" src=\"https:\/\/www.europesays.com\/fr\/wp-content\/uploads\/2026\/01\/facd82acf8fc3f5466b970c00ba0111a-760x506.jpg\" alt=\"Des passants bravent le froid en traversant le pont de Brooklyn, dans le quartier de Manhattan \u00e0 New York, le 21 janvier 2026 ( AFP \/ CHARLY TRIBALLEAU )\" loading=\"eager\" fetchpriority=\"high\" width=\"760\" height=\"506\" style=\"max-width: 100%!important; height: auto;\"\/><\/p>\n<p class=\"c-image-news__legend\">Des passants bravent le froid en traversant le pont de Brooklyn, dans le quartier de Manhattan \u00e0 New York, le 21 janvier 2026 ( AFP \/ CHARLY TRIBALLEAU )<\/p>\n<p>\n \u00ab\u00a0La nuit derni\u00e8re, je suis rest\u00e9 dans mon campement sous la pluie, et il ne faisait m\u00eame pas vraiment froid. Mais je sais que ce soir, cela me tuerait probablement\u00a0\u00bb, a d\u00e9clar\u00e9 \u00e0 l&rsquo;AFP Caroll Eaton, un sans-abri de 71 ans rencontr\u00e9 \u00e0 Houston.\n<\/p>\n<p>\n Alors que le r\u00e9seau \u00e9lectrique du Texas avait connu une panne g\u00e9n\u00e9rale lors de la derni\u00e8re grande temp\u00eate hivernale en 2021, les autorit\u00e9s se sont montr\u00e9es rassurantes sur sa solidit\u00e9 cette fois-ci.\n<\/p>\n<p>\n Selon le site poweroutage.us, plus de 180.000 foyers et commerces \u00e9taient n\u00e9anmoins sans \u00e9lectricit\u00e9 dimanche matin, dont quelque 45.000 au Texas et 67.000 dans l&rsquo;Etat voisin de Louisiane.\n<\/p>\n<p>\n Donald Trump a d\u00e9clar\u00e9 samedi avoir approuv\u00e9 des d\u00e9clarations d&rsquo;urgence pour 12 Etats du sud et de la c\u00f4te est, ce qui permettra le d\u00e9ploiement plus rapide des moyens de la Fema, l&rsquo;agence am\u00e9ricaine de gestion des catastrophes naturelles.\n<\/p>\n<p>\n \u00ab\u00a0Restez en s\u00e9curit\u00e9 et restez au chaud!\u00a0\u00bb, a de nouveau exhort\u00e9 le pr\u00e9sident am\u00e9ricain sur sa plateforme Truth Social.\n<\/p>\n<p> &#8211; Vortex polaire &#8211;<\/p>\n<p>        <img decoding=\"async\" src=\"https:\/\/www.europesays.com\/fr\/wp-content\/uploads\/2026\/01\/27ab6b7a109cae2427ef322298978bfd-613x768.jpg\" alt=\"Infographie montrant les diff\u00e9rents \u00e9tats du courant-jet polaire arctique et du vortex, et la fa\u00e7on dont ils influencent la m\u00e9t\u00e9o dans l\u2019h\u00e9misph\u00e8re nord ( AFP \/ Jonathan WALTER )\" loading=\"eager\" fetchpriority=\"high\" width=\"613\" height=\"768\" style=\"max-width: 100%!important; height: auto;\"\/><\/p>\n<p class=\"c-image-news__legend\">Infographie montrant les diff\u00e9rents \u00e9tats du courant-jet polaire arctique et du vortex, et la fa\u00e7on dont ils influencent la m\u00e9t\u00e9o dans l\u2019h\u00e9misph\u00e8re nord ( AFP \/ Jonathan WALTER )<\/p>\n<p>\n Vendredi il avait anticip\u00e9 l&rsquo;arriv\u00e9e de la temp\u00eate pour exprimer de nouveau son scepticisme \u00e0 propos du changement climatique: \u00ab\u00a0Est-ce que les insurg\u00e9s environnementaux pourraient m&rsquo;expliquer s&rsquo;il vous pla\u00eet: QU&rsquo;EST CE QUI EST ARRIVE AU RECHAUFFEMENT CLIMATIQUE?\u00a0\u00bb\n<\/p>\n<p>\n Le rapport entre le changement climatique et les temp\u00eates hivernales de ce type, quand l&rsquo;air arctique d&rsquo;ordinaire confin\u00e9 au p\u00f4le Nord s&rsquo;\u00e9chappe vers le continent nord-am\u00e9ricain, fait l&rsquo;objet de d\u00e9bats au sein de la communaut\u00e9 scientifique.\n<\/p>\n<p>\n Les chercheurs rel\u00e8vent que les perturbations du vortex polaire, qui envoient ces masses d&rsquo;air arctique vers les Etats-Unis, deviennent plus fr\u00e9quentes depuis vingt ans. Cela pourrait \u00eatre d\u00fb au r\u00e9chauffement relativement rapide de l&rsquo;Arctique, qui affaiblit la ceinture de vents isolant habituellement l&rsquo;atmosph\u00e8re au-dessus de cette zone polaire de l&rsquo;Am\u00e9rique du Nord.\n<\/p>\n<p>\n Mais les scientifiques attendent d&rsquo;avoir davantage de donn\u00e9es, sur une plus longue p\u00e9riode, pour \u00e9tablir fermement un lien entre ces temp\u00eates hivernales extr\u00eames et le d\u00e9r\u00e8glement climatique.\n<\/p>\n<p> &#8211; \u00ab\u00a0Cinq ou six minutes\u00a0\u00bb &#8211;<\/p>\n<p>\n La gouverneure de New York, Kathy Hochul, a exhort\u00e9 les habitants \u00e0 rester chez eux en raison du froid glacial.\n<\/p>\n<p>\n \u00ab\u00a0Cinq ou six minutes \u00e0 l\u2019ext\u00e9rieur peuvent \u00eatre litt\u00e9ralement dangereuses pour votre sant\u00e9\u00a0\u00bb, a-t-elle soulign\u00e9.\n<\/p>\n<p>\n Les autorit\u00e9s ont mis en garde contre un froid extr\u00eame, potentiellement mortel, qui pourrait persister jusqu&rsquo;\u00e0 une semaine apr\u00e8s la temp\u00eate, en particulier dans les Grandes Plaines du Nord et le Haut-Midwest, o\u00f9 les temp\u00e9ratures devraient descendre en dessous de -45 \u00b0C.<\/p>\n","protected":false},"excerpt":{"rendered":"Une femme prend des \u0153ufs sur des \u00e9tag\u00e8res en grande partie vides, tandis que les habitants font des&hellip;\n","protected":false},"author":2,"featured_media":687801,"comment_status":"","ping_status":"","sticky":false,"template":"","format":"standard","meta":{"footnotes":""},"categories":[5],"tags":[400,11,398,408,405,1011,27,403,14,402,399,404,12,401,406,407,28],"class_list":{"0":"post-687800","1":"post","2":"type-post","3":"status-publish","4":"format-standard","5":"has-post-thumbnail","7":"category-international","8":"tag-action-cac-40","9":"tag-actualites","10":"tag-bourse-de-paris","11":"tag-boursorama","12":"tag-cotations","13":"tag-fr","14":"tag-france","15":"tag-indices-devises","16":"tag-international","17":"tag-investir","18":"tag-investissement","19":"tag-marche-boursier","20":"tag-news","21":"tag-sicav","22":"tag-trackers","23":"tag-warrants","24":"tag-world"},"share_on_mastodon":{"url":"https:\/\/pubeurope.com\/@fr\/115954754911058045","error":""},"_links":{"self":[{"href":"https:\/\/www.europesays.com\/fr\/wp-json\/wp\/v2\/posts\/687800","targetHints":{"allow":["GET"]}}],"collection":[{"href":"https:\/\/www.europesays.com\/fr\/wp-json\/wp\/v2\/posts"}],"about":[{"href":"https:\/\/www.europesays.com\/fr\/wp-json\/wp\/v2\/types\/post"}],"author":[{"embeddable":true,"href":"https:\/\/www.europesays.com\/fr\/wp-json\/wp\/v2\/users\/2"}],"replies":[{"embeddable":true,"href":"https:\/\/www.europesays.com\/fr\/wp-json\/wp\/v2\/comments?post=687800"}],"version-history":[{"count":0,"href":"https:\/\/www.europesays.com\/fr\/wp-json\/wp\/v2\/posts\/687800\/revisions"}],"wp:featuredmedia":[{"embeddable":true,"href":"https:\/\/www.europesays.com\/fr\/wp-json\/wp\/v2\/media\/687801"}],"wp:attachment":[{"href":"https:\/\/www.europesays.com\/fr\/wp-json\/wp\/v2\/media?parent=687800"}],"wp:term":[{"taxonomy":"category","embeddable":true,"href":"https:\/\/www.europesays.com\/fr\/wp-json\/wp\/v2\/categories?post=687800"},{"taxonomy":"post_tag","embeddable":true,"href":"https:\/\/www.europesays.com\/fr\/wp-json\/wp\/v2\/tags?post=687800"}],"curies":[{"name":"wp","href":"https:\/\/api.w.org\/{rel}","templated":true}]}}