{"id":687804,"date":"2026-01-25T08:19:23","date_gmt":"2026-01-25T08:19:23","guid":{"rendered":"https:\/\/www.europesays.com\/fr\/687804\/"},"modified":"2026-01-25T08:19:23","modified_gmt":"2026-01-25T08:19:23","slug":"a-15-minutes-pres-le-navire-se-retrouvait-au-fond-du-port-la-tempete-ingrid-a-secoue-le-port-du-guilvinec-lechiagat-et-le-changement-des-vents-inquiete-ma","status":"publish","type":"post","link":"https:\/\/www.europesays.com\/fr\/687804\/","title":{"rendered":"\u00ab\u00a0\u00c0 15 minutes pr\u00e8s, le navire se retrouvait au fond du port\u00a0\u00bb\u00a0: la temp\u00eate Ingrid a secou\u00e9 le port du\u00a0Guilvinec-L\u00e9chiagat\u2026 et le changement des vents inqui\u00e8te marins et sp\u00e9cialistes"},"content":{"rendered":"<p>\u00c0 l\u2019approche de <a href=\"https:\/\/www.letelegramme.fr\/bretagne\/direct-crues-vigilance-orange-maintenue-dans-le-finistere-et-le-morbihan-ainsi-quen-ille-et-vilaine-6970782.php\" target=\"_blank\" rel=\"noopener\">la temp\u00eate Ingrid<\/a> vendredi 23 janvier, par s\u00e9curit\u00e9, patrons et marins de la pointe de L\u00e9chiagat avaient tripl\u00e9 les amarres des navires. Pr\u00e9vention qui n\u2019aura pas suffi pour certains d\u2019entre eux. Au pic du coup de vent, entre 18\u200ah\u200a30 et 22\u200ah, la pression et les va-et-vient incessants de la houle se sont fait ressentir sur les navires, sur lesquels quelques amarres ont l\u00e2ch\u00e9.<\/p>\n<blockquote><p>\u00ab\u00a0C\u2019\u00e9tait incroyable\u00a0! Il y avait des geysers d\u2019eau, je suis rentr\u00e9 tremp\u00e9\u00a0\u00bb<\/p><\/blockquote>\n<p>Gr\u00e2ce aux r\u00e9seaux sociaux notamment, la solidarit\u00e9 maritime s\u2019est mise tout de suite en place face \u00e0 l\u2019urgence. Alert\u00e9s, gens de mer, armateurs, surveillant du port, huit b\u00e9n\u00e9voles de la SNSM locale et une \u00e9quipe de quatre pompiers de Cap-Caval se sont activ\u00e9s pour s\u00e9curiser les navires en difficult\u00e9s. Au moment de la mar\u00e9e montante, les d\u00e9fenses et bou\u00e9es devenues inefficaces, les coques frottaient le quai, une dizaine d\u2019amarres et de taquets c\u00e9daient, des annexes s\u2019envolaient.<\/p>\n<p>Sous le vent, la pluie, chacun veillait au grain. \u00ab\u00a0C\u2019\u00e9tait incroyable\u00a0! Il y avait des geysers d\u2019eau, je suis rentr\u00e9 tremp\u00e9\u00a0\u00bb, raconte un professionnel pr\u00e9sent.<\/p>\n<blockquote><p>\u00ab\u00a0Il \u00e9tait temps d\u2019intervenir, car \u00e0 15\u200aminutes pr\u00e8s, le navire se retrouvait au fond du port et aurait fait de plus gros d\u00e9g\u00e2ts\u00a0\u00bb<\/p><\/blockquote>\n<p>Une catastrophe \u00e9vit\u00e9e de peu<\/p>\n<p>Dans ce tourbillon, une catastrophe a \u00e9t\u00e9 \u00e9vit\u00e9e de peu. La P\u00e9rousse, navire de la Scap\u00eache amarr\u00e9 c\u00f4t\u00e9 \u00e9l\u00e9vateur, a rompu ses amarres. Fort heureusement, des marins \u00e9taient \u00e0 bord depuis peu, mais \u00ab\u00a0il \u00e9tait temps d\u2019intervenir, car \u00e0 15\u200aminutes pr\u00e8s, le navire se retrouvait au fond du port et aurait fait de plus gros d\u00e9g\u00e2ts\u00a0\u00bb, souligne un t\u00e9moin de la sc\u00e8ne.<\/p>\n<blockquote><p>\u00ab\u00a0C\u2019\u00e9tait plus fort que la temp\u00eate Ciaran, mais gr\u00e2ce au travail d\u2019\u00e9quipe, on a pu s\u00e9curiser notre outil de travail\u00a0\u00bb<\/p><\/blockquote>\n<p>Un navire vite s\u00e9curis\u00e9 par des amarres destin\u00e9es aux cargos. Avec le vent et la houle combin\u00e9s, \u00ab\u00a0c\u2019\u00e9tait plus fort que<a href=\"https:\/\/www.letelegramme.fr\/recherche\/?keywords%5B%5D=tempete-ciaran\" target=\"_blank\" rel=\"noopener\"> la temp\u00eate Ciaran<\/a> ici, mais gr\u00e2ce au travail d\u2019\u00e9quipe, on a pu s\u00e9curiser notre outil de travail\u00a0\u00bb, remercie un patron-p\u00eacheur \u00e0 bord de son navire, en attente du <a href=\"https:\/\/www.letelegramme.fr\/bretagne\/pluies-et-crues-en-bretagne-la-situation-risque-de-basculer-dans-lexceptionnel-avertit-le-meteorologue-steven-tual-6970900.php\" target=\"_blank\" rel=\"noopener\">prochain coup de vent annonc\u00e9<\/a>.<\/p>\n<p><img decoding=\"async\" src=\"https:\/\/www.europesays.com\/fr\/wp-content\/uploads\/2026\/01\/6975c128fd4e979f970e2b20.1.jpeg\" width=\"480\" height=\"300\" class=\"web_golden_m\" loading=\"lazy\" alt=\"Jusqu\u2019\u00e0 l\u2019enclos des phares, la mer a rejet\u00e9 sable, algues, d\u00e9tritus en forte quantit\u00e9 lors de la temp\u00eate Ingrid.\"\/>Jusqu\u2019\u00e0 l\u2019enclos des phares, la mer a rejet\u00e9 sable, algues, d\u00e9tritus en forte quantit\u00e9 lors de la temp\u00eate Ingrid.Une grande inqui\u00e9tude\u00a0: les vents s\u2019inversent<\/p>\n<p>Car au lendemain matin de la temp\u00eate Ingrid, sur les quais du port du Guilvinec-L\u00e9chiagat, chacun s\u2019interroge sur ces ph\u00e9nom\u00e8nes climatiques de plus en plus fr\u00e9quents et violents. \u00c0 la pointe de L\u00e9chiagat, d\u2019anciens marins \u00e0 la retraite se replongent dans leurs m\u00e9moires de p\u00eacheurs. De l\u2019avis de tous, le vent a tourn\u00e9.<\/p>\n<blockquote><p>\u00ab\u00a0Les vents se sont invers\u00e9s pour s\u2019orienter plus au sud, et hier soir, la d\u00e9pression a fait du sur place au lieu de remonter\u00a0\u00bb<\/p><\/blockquote>\n<p>\u00ab\u00a0\u00c0 notre \u00e9poque, les temp\u00eates \u00e9taient plus orient\u00e9es noro\u00eet [nord-ouest, NDLR]\u00a0\u00bb, affirment d\u2019embl\u00e9e les p\u00eacheurs. Mais depuis quelques ann\u00e9es, les vents se sont invers\u00e9s \u00ab\u00a0pour s\u2019orienter plus au sud, et hier soir, la d\u00e9pression a fait du sur place au lieu de remonter\u00a0\u00bb, souligne un marin. R\u00e9sultat\u00a0: dans le bassin de la cit\u00e9 de la p\u00eache, une forte houle accompagn\u00e9e de vagues qui a mis en p\u00e9ril les navires amarr\u00e9s aux quais. \u00ab\u00a0Avec un vent du nord, la soir\u00e9e n\u2019aurait pas \u00e9t\u00e9 la m\u00eame\u00a0\u00bb, regrette un ancien.<\/p>\n<p>\u00ab\u00a0Cela va nous obliger \u00e0 modifier nos habitudes\u00a0\u00bb<\/p>\n<p>Cons\u00e9quence \u00e9galement constat\u00e9e au fil des temp\u00eates sur la dune de L\u00e9han. \u00ab\u00a0La direction du vent, c\u2019est la premi\u00e8re chose qu\u2019on regarde dans les pr\u00e9visions\u00a0\u00bb, avance un habitant du secteur. Un avis confirm\u00e9 par Herv\u00e9 Dr\u00e9zen, r\u00e9alisateur de documentaires, issu d\u2019une famille de p\u00eacheurs\u00a0: \u00ab\u00a0Scientifiques et marins ont constat\u00e9 un changement dans le registre des vents depuis plus d\u2019une dizaine d\u2019ann\u00e9es. Cela va nous obliger \u00e0 modifier nos habitudes\u00a0\u00bb, souligne l\u2019observateur du ph\u00e9nom\u00e8ne d\u2019\u00e9rosion marine sur le littoral bigouden.<\/p>\n<p><img decoding=\"async\" src=\"https:\/\/www.europesays.com\/fr\/wp-content\/uploads\/2026\/01\/6975c127d7ae65da340b019c.1.jpeg\" width=\"480\" height=\"300\" class=\"web_golden_m\" loading=\"lazy\" alt=\"Ingrid a secou\u00e9 le port du\u00a0Guilvinec-L\u00e9chiagat, mais cette fois, les vents venaient \u00e9taient orient\u00e9s sud, plut\u00f4t que nord ou nord-ouest comme c\u2019\u00e9tait plus le cas par le pass\u00e9.\"\/>Ingrid a secou\u00e9 le port du\u00a0Guilvinec-L\u00e9chiagat, mais cette fois, les vents venaient \u00e9taient orient\u00e9s sud, plut\u00f4t que nord ou nord-ouest comme c\u2019\u00e9tait plus le cas par le pass\u00e9. (Photo archives Le T\u00e9l\u00e9gramme)<\/p>\n<p>Des r\u00e9percussions d\u00e9j\u00e0 imm\u00e9diates sur le secteur de L\u00e9han, avec un d\u00e9placement <a href=\"https:\/\/www.letelegramme.fr\/finistere\/treffiagat-lechiagat-29730\/elle-aussi-sera-detruite-une-septieme-et-derniere-maison-achetee-dans-le-quartier-du-lehan-a-treffiagat-6941557.php\" target=\"_blank\" rel=\"noopener\">contraint des riverains menac\u00e9s<\/a>. Pour le port, difficile de le d\u00e9placer, mais \u00ab\u00a0pour les jeunes, il faudra \u00eatre plus vigilant \u00e0 l\u2019avenir\u00a0\u00bb, conclu un vieux marin.<\/p>\n","protected":false},"excerpt":{"rendered":"\u00c0 l\u2019approche de la temp\u00eate Ingrid vendredi 23 janvier, par s\u00e9curit\u00e9, patrons et marins de la pointe de&hellip;\n","protected":false},"author":2,"featured_media":687805,"comment_status":"","ping_status":"","sticky":false,"template":"","format":"standard","meta":{"footnotes":""},"categories":[2],"tags":[11,3321,1011,27,4555,12,26334],"class_list":{"0":"post-687804","1":"post","2":"type-post","3":"status-publish","4":"format-standard","5":"has-post-thumbnail","7":"category-actualites","8":"tag-actualites","9":"tag-finistere","10":"tag-fr","11":"tag-france","12":"tag-local","13":"tag-news","14":"tag-treffiagat-lechiagat"},"share_on_mastodon":{"url":"https:\/\/pubeurope.com\/@fr\/115954762614726129","error":""},"_links":{"self":[{"href":"https:\/\/www.europesays.com\/fr\/wp-json\/wp\/v2\/posts\/687804","targetHints":{"allow":["GET"]}}],"collection":[{"href":"https:\/\/www.europesays.com\/fr\/wp-json\/wp\/v2\/posts"}],"about":[{"href":"https:\/\/www.europesays.com\/fr\/wp-json\/wp\/v2\/types\/post"}],"author":[{"embeddable":true,"href":"https:\/\/www.europesays.com\/fr\/wp-json\/wp\/v2\/users\/2"}],"replies":[{"embeddable":true,"href":"https:\/\/www.europesays.com\/fr\/wp-json\/wp\/v2\/comments?post=687804"}],"version-history":[{"count":0,"href":"https:\/\/www.europesays.com\/fr\/wp-json\/wp\/v2\/posts\/687804\/revisions"}],"wp:featuredmedia":[{"embeddable":true,"href":"https:\/\/www.europesays.com\/fr\/wp-json\/wp\/v2\/media\/687805"}],"wp:attachment":[{"href":"https:\/\/www.europesays.com\/fr\/wp-json\/wp\/v2\/media?parent=687804"}],"wp:term":[{"taxonomy":"category","embeddable":true,"href":"https:\/\/www.europesays.com\/fr\/wp-json\/wp\/v2\/categories?post=687804"},{"taxonomy":"post_tag","embeddable":true,"href":"https:\/\/www.europesays.com\/fr\/wp-json\/wp\/v2\/tags?post=687804"}],"curies":[{"name":"wp","href":"https:\/\/api.w.org\/{rel}","templated":true}]}}