{"id":687831,"date":"2026-01-25T08:44:09","date_gmt":"2026-01-25T08:44:09","guid":{"rendered":"https:\/\/www.europesays.com\/fr\/687831\/"},"modified":"2026-01-25T08:44:09","modified_gmt":"2026-01-25T08:44:09","slug":"un-chercheur-de-loire-atlantique-sur-les-traces-dune-nantaise-de-1940-a-1945","status":"publish","type":"post","link":"https:\/\/www.europesays.com\/fr\/687831\/","title":{"rendered":"Un chercheur de Loire-Atlantique sur les traces d&rsquo;une Nantaise de 1940 \u00e0 1945"},"content":{"rendered":"<p>                    Par<br \/>\n        <strong><br \/>\n            <a href=\"https:\/\/actu.fr\/auteur\/journaliste-cp\" title=\"Consulter tous les articles de R\u00e9daction Courrier du Pays de Retz\" target=\"_blank\" rel=\"noopener\">R\u00e9daction Courrier du Pays de Retz<\/a><br \/>\n                    <\/strong><\/p>\n<p>        Publi\u00e9 le<\/p>\n<p>            25 janv. 2026 \u00e0 9h30        <\/p>\n<p>Le jeudi 29\u00a0janvier 2026, la <b>librairie l\u2019Embellie<\/b> et la <b>Soci\u00e9t\u00e9 des historiens<\/b> du <a href=\"https:\/\/actu.fr\/tag\/pays-de-retz\" target=\"_blank\" rel=\"noopener\">pays de Retz<\/a> proposent une rencontre avec l\u2019universitaire <b>Sylvain Maresca<\/b>, auteur du r\u00e9cent roman historique De Nantes \u00e0 Vienne, une femme sous l\u2019Occupation.<\/p>\n<p class=\" wall-content\">Un ouvrage dans lequel l\u2019\u00e9crivain aborde, \u00e0 travers le destin de la nantaise <b>Yvette Par\u00e9<\/b>, une jeune m\u00e8re de famille partie au printemps 1943 et retrouv\u00e9e d\u00e9c\u00e9d\u00e9e \u00e0 Vienne (Autriche) le 1er\u00a0janvier 1944, l\u2019histoire longtemps ignor\u00e9e des femmes qui sont all\u00e9es <b>travailler en Allemagne<\/b> pendant la <a href=\"https:\/\/actu.fr\/tag\/seconde-guerre-mondiale\" target=\"_blank\" rel=\"noopener\">Seconde Guerre mondiale<\/a>.<\/p>\n<p class=\" wall-content\">Que lui est-il arriv\u00e9 ? Pourquoi est-elle all\u00e9e travailler si loin de chez elle au service des Allemands ? Conviction id\u00e9ologique, n\u00e9cessit\u00e9 \u00e9conomique, impasse familiale ?<\/p>\n<p>Sur la base d\u2019\u00e9tudes et d\u2019archives<\/p>\n<p class=\" wall-content\">C\u2019est \u00e0 ces questions que l\u2019auteur tente de r\u00e9pondre dans son livre en s\u2019appuyant sur des <b>\u00e9tudes historiques<\/b> et des <b>archives<\/b> qui ont permis de d\u00e9voiler, peu \u00e0 peu et \u00e0 partir de bribes tr\u00e8s concr\u00e8tes, la vie d\u2019Yvette Par\u00e9.<\/p>\n<p class=\" wall-content\">Son dossier r\u00e9cup\u00e9r\u00e9 parmi ceux des volontaires partis travailler en Allemagne n\u2019apporte pas de r\u00e9ponse explicite concernant son d\u00e9part, mais il documente essentiellement sur sa fin de vie, des archives r\u00e9gionales autrichiennes ayant par ailleurs permis \u00e0 la <b>fille<\/b> d\u2019Yvette de parcourir r\u00e9cemment des lieux o\u00f9 sa m\u00e8re a v\u00e9cu.<\/p>\n<p>Vid\u00e9os : en ce moment sur Actu<\/p>\n<p class=\" wall-content\">Gr\u00e2ce \u00e0 la masse des notes et documents accumul\u00e9s pendant deux ans, le livre raconte pas \u00e0 pas le destin d\u2019Yvette, ins\u00e9parable des circonstances hors-norme de la guerre. Mais il apporte aussi des <b>\u00e9clairages nouveaux<\/b> concernant bien d\u2019autres th\u00e9matiques comme le ravitaillement, les bombardements, <b>la vie concr\u00e8te des habitant<\/b> de <a href=\"https:\/\/actu.fr\/pays-de-la-loire\/nantes_44109\" target=\"_blank\" rel=\"noopener\">Nantes<\/a> \u00e0 travers les faits divers publi\u00e9s dans la presse, des \u00e9clairages qui invitent \u00e0 brosser d\u2019Yvette \u00ab le tableau vivant d\u2019une femme dans son \u00e9poque \u00bb.<\/p>\n<p>Votre r\u00e9gion, votre actu !<\/p>\n<p>Recevez chaque jour les infos qui comptent pour vous.<\/p>\n<p>\t<a href=\"https:\/\/actu.fr\/newsletter\" class=\"ac-btn ac-btn--corner ac-btn--medium ac-btn--blue800\" target=\"_blank\" rel=\"noopener\">S&rsquo;incrire<\/a><br \/>\nUne pi\u00e8ce de th\u00e9\u00e2tre jou\u00e9e \u00e0 Rouans<\/p>\n<p class=\" wall-content\"><b>Ancien professeur de sociologie<\/b> et pr\u00e9sident de la compagnie de th\u00e9\u00e2tre nantaise Moradi, Sylvain Maresca a \u00e9galement tir\u00e9 de son livre <b>la pi\u00e8ce<\/b> Yvette 1943, travailleuse civile sous l\u2019occupation, <a href=\"https:\/\/www.vostickets.net\/billet\/FR\/representation-COEUR_EN_SCENE-29031-0.wb?REFID=gYI2AAAAAAATAA\" target=\"_blank\" rel=\"noopener\">qui sera jou\u00e9e \u00e0 l\u2019espace C\u0153ur en Sc\u00e8ne<\/a> de <a href=\"https:\/\/actu.fr\/pays-de-la-loire\/rouans_44145\" target=\"_blank\" rel=\"noopener\">Rouans<\/a>, le vendredi 6\u00a0f\u00e9vrier 2026.<\/p>\n<p>Jeudi 29 janvier 2026 \u00e0 18 h, Nouvelle maison de l\u2019Histoire (ancienne gare de La Bernerie). Entr\u00e9e gratuite sur r\u00e9servations (nombre de places limit\u00e9) aupr\u00e8s de la NMH par mail \u00e0 : <a href=\"https:\/\/actu.fr\/cdn-cgi\/l\/email-protection\" class=\"__cf_email__\" data-cfemail=\"8fece0e1fbeeecfbcffce7fffda1e9fd\" target=\"_blank\" rel=\"noopener\">[email\u00a0protected]<\/a> ou par t\u00e9l\u00e9phone au 02 51 74 63 73. Une s\u00e9ance de d\u00e9dicaces du livre, disponible au prix de 18 \u20ac sur place le jour m\u00eame et d\u00e8s \u00e0 pr\u00e9sent \u00e0 la librairie L\u2019Embellie, sera organis\u00e9e lors de la rencontre.<\/p>\n<p class=\" wall-content\">Personnalisez votre actualit\u00e9 en ajoutant vos villes et m\u00e9dias en favori avec <a href=\"https:\/\/moncompte.actu.fr\" title=\"D\u00e9couvez Mon Actu\" rel=\"nofollow noopener\" data-trk=\"{&quot;cta&quot;:{&quot;action&quot;:&quot;https:\\\/\\\/moncompte.actu.fr&quot;,&quot;category&quot;:&quot;mon compte&quot;,&quot;from&quot;:&quot;article footer&quot;,&quot;name&quot;:&quot;Mon actu&quot;,&quot;type&quot;:&quot;cta&quot;}}\" target=\"_blank\">Mon Actu<\/a>.<\/p>\n","protected":false},"excerpt":{"rendered":"Par R\u00e9daction Courrier du Pays de Retz Publi\u00e9 le 25 janv. 2026 \u00e0 9h30 Le jeudi 29\u00a0janvier 2026,&hellip;\n","protected":false},"author":2,"featured_media":687832,"comment_status":"","ping_status":"","sticky":false,"template":"","format":"standard","meta":{"footnotes":""},"categories":[2818],"tags":[1111,11,1777,674,1011,27,937,766,12,2636,41196,25,935,104],"class_list":{"0":"post-687831","1":"post","2":"type-post","3":"status-publish","4":"format-standard","5":"has-post-thumbnail","7":"category-nantes","8":"tag-actu","9":"tag-actualites","10":"tag-eu","11":"tag-europe","12":"tag-fr","13":"tag-france","14":"tag-histoire","15":"tag-nantes","16":"tag-news","17":"tag-pays-de-la-loire","18":"tag-pays-de-retz","19":"tag-republique-francaise","20":"tag-seconde-guerre-mondiale","21":"tag-societe"},"share_on_mastodon":{"url":"https:\/\/pubeurope.com\/@fr\/115954860984918758","error":""},"_links":{"self":[{"href":"https:\/\/www.europesays.com\/fr\/wp-json\/wp\/v2\/posts\/687831","targetHints":{"allow":["GET"]}}],"collection":[{"href":"https:\/\/www.europesays.com\/fr\/wp-json\/wp\/v2\/posts"}],"about":[{"href":"https:\/\/www.europesays.com\/fr\/wp-json\/wp\/v2\/types\/post"}],"author":[{"embeddable":true,"href":"https:\/\/www.europesays.com\/fr\/wp-json\/wp\/v2\/users\/2"}],"replies":[{"embeddable":true,"href":"https:\/\/www.europesays.com\/fr\/wp-json\/wp\/v2\/comments?post=687831"}],"version-history":[{"count":0,"href":"https:\/\/www.europesays.com\/fr\/wp-json\/wp\/v2\/posts\/687831\/revisions"}],"wp:featuredmedia":[{"embeddable":true,"href":"https:\/\/www.europesays.com\/fr\/wp-json\/wp\/v2\/media\/687832"}],"wp:attachment":[{"href":"https:\/\/www.europesays.com\/fr\/wp-json\/wp\/v2\/media?parent=687831"}],"wp:term":[{"taxonomy":"category","embeddable":true,"href":"https:\/\/www.europesays.com\/fr\/wp-json\/wp\/v2\/categories?post=687831"},{"taxonomy":"post_tag","embeddable":true,"href":"https:\/\/www.europesays.com\/fr\/wp-json\/wp\/v2\/tags?post=687831"}],"curies":[{"name":"wp","href":"https:\/\/api.w.org\/{rel}","templated":true}]}}