{"id":687833,"date":"2026-01-25T08:45:29","date_gmt":"2026-01-25T08:45:29","guid":{"rendered":"https:\/\/www.europesays.com\/fr\/687833\/"},"modified":"2026-01-25T08:45:29","modified_gmt":"2026-01-25T08:45:29","slug":"georgina-matamoros-lentrepreneuse-espagnole-bientot-porte-parole-des-femmes-a-lonu","status":"publish","type":"post","link":"https:\/\/www.europesays.com\/fr\/687833\/","title":{"rendered":"Georgina Matamoros, l\u2019entrepreneuse espagnole bient\u00f4t porte-parole des femmes \u00e0 l\u2019ONU"},"content":{"rendered":"<p>\n    <strong>PORTRAIT &#8211;<\/strong> Dans le cadre de ses engagements \u00e0 la Jeune Chambre Internationale (JCI), la chef d\u2019entreprise qui vit d\u00e9sormais \u00e0 Nantes sera aux \u00c9tats-Unis en mars. Originaire d\u2019une zone rurale d\u2019Espagne, la trentenaire polyglotte pr\u00e9sente un brillant CV.<\/p>\n<p class=\"fig-paragraph\">Georgina Matamoros parle huit langues. \u00c0 33 ans, elle a d\u00e9j\u00e0 v\u00e9cu en\u00a0<a href=\"http:\/\/www.lefigaro.fr\/voyages\/selection\/dossier\/selection-espagne\" target=\"_blank\" data-fig-type=\"Topic\" rel=\"sponsored noopener\" data-gtm-custom-categorie=\"navigation\" data-gtm-custom-action=\"crossclick\" data-gtm-custom-label=\"Contextuel\" data-gtm-event=\"customEventSPE\" data-fig-domain=\"LEFIGARO\">Espagne<\/a>, son pays natal, en\u00a0<a href=\"http:\/\/www.lefigaro.fr\/voyages\/dossier\/l-allemagne-l-evasion-durable\" target=\"_blank\" data-fig-type=\"Topic\" rel=\"noopener\" data-gtm-custom-categorie=\"navigation\" data-gtm-custom-action=\"crossclick\" data-gtm-custom-label=\"Contextuel\" data-gtm-event=\"customEventSPE\" data-fig-domain=\"LEFIGARO\">Allemagne<\/a>, \u00e0\u00a0<a href=\"http:\/\/www.lefigaro.fr\/international\/a-taiwan-les-princes-de-la-tech-s-imposent-comme-une-nouvelle-classe-sociale-20260105\" target=\"_blank\" data-fig-type=\"Article\" rel=\"noopener\" data-gtm-custom-categorie=\"navigation\" data-gtm-custom-action=\"crossclick\" data-gtm-custom-label=\"Contextuel\" data-gtm-event=\"customEventSPE\" data-fig-domain=\"LEFIGARO\">Ta\u00efwan<\/a>&#8230; \u00c9crivain sur son temps perdu, elle a aussi publi\u00e9 un roman. Et demeure une chef d\u2019entreprise \u00e9panouie. Son CV bien rempli ne s\u2019arr\u00eate pas l\u00e0. Du 9 au 20 mars, celle qui habite d\u00e9sormais \u00e0\u00a0<a href=\"http:\/\/www.lefigaro.fr\/nantes\/nantes-l-incendiaire-de-la-cathedrale-juge-pour-l-assassinat-d-un-pretre-20260119\" target=\"_blank\" data-fig-type=\"NewsFlash\" rel=\"noopener\" data-gtm-custom-categorie=\"navigation\" data-gtm-custom-action=\"crossclick\" data-gtm-custom-label=\"Contextuel\" data-gtm-event=\"customEventSPE\" data-fig-domain=\"LEFIGARO\">Nantes<\/a>\u00a0sera au si\u00e8ge de\u00a0<a href=\"http:\/\/www.lefigaro.fr\/international\/paix-emancipation-feminine-et-niqab-une-campagne-de-communication-de-l-onu-cree-la-polemique-20251021\" target=\"_blank\" data-fig-type=\"NewsFlash\" rel=\"noopener\" data-gtm-custom-categorie=\"navigation\" data-gtm-custom-action=\"crossclick\" data-gtm-custom-label=\"Contextuel\" data-gtm-event=\"customEventSPE\" data-fig-domain=\"LEFIGARO\">l\u2019ONU<\/a>, \u00e0 New York, pour repr\u00e9senter la voix de la gent f\u00e9minine. Dans le cadre de la 70e commission sur le statut des femmes, l\u2019entrepreneuse viendra d\u00e9fendre le leadership f\u00e9minin. \u00abOn a l\u2019opportunit\u00e9 de faire partie de tous les d\u00e9bats sur le sujet du r\u00f4le la femme dans le monde\u00bb, explique la dynamique trentenaire, avec un fran\u00e7ais quasiment parfait.<\/p>\n<p class=\"fig-paragraph\">Une mission exaltante, qu\u2019elle a l\u2019opportunit\u00e9 de mener dans le cadre de ses engagements \u00e0 la\u00a0<a href=\"https:\/\/www.lefigaro.fr\/social\/2017\/10\/18\/20011-20171018ARTFIG00287-parlementreprise-l-initiative-qui-rapproche-les-entreprises-et-les-politiques.php\" target=\"_blank\" data-fig-type=\"Article\" rel=\"noopener\" data-gtm-custom-categorie=\"navigation\" data-gtm-custom-action=\"crossclick\" data-gtm-custom-label=\"Contextuel\" data-gtm-event=\"customEventSPE\" data-fig-domain=\"LEFIGARO\">Jeune Chambre internationale<\/a>. Cette instance f\u00e9d\u00e8re des jeunes de 18 \u00e0 40 ans dans plus de 100 pays \u00e0 travers le monde. Elle permet aux adh\u00e9rents de d\u00e9velopper leurs comp\u00e9tences en leur confiant des responsabilit\u00e9s. Au sein de ce mouvement lanc\u00e9 en 1915, chaque b\u00e9n\u00e9vole peut se voir attribuer un mandat pour un an, au niveau local, national voire mondial. C\u2019est ainsi que Georgina Matamoros a \u00e9t\u00e9 nomm\u00e9e pr\u00e9sidente de la nouvelle commission mondiale \u00abWomen in Leadership\u00bb pour l\u2019ann\u00e9e 2026.<\/p>\n<p>                                            <a class=\"fig-a11y-skip\" href=\"#fig-a11y-skip-main-inarticle\" data-module=\"a11y-skip\" data-context=\"was @visible\"><br \/>\n    Passer la publicit\u00e9<br \/>\n<\/a>            <\/p>\n<p>                                            Entrepreneuse \u00e0 24 ans<\/p>\n<p class=\"fig-paragraph\">Cette nomination prestigieuse d\u00e9coule de sa force de travail, de son audace et de ses capacit\u00e9s relationnelles certaines. Fille unique d\u2019un couple d\u2019agriculteurs produisant du riz, Georgina Matamoros a v\u00e9cu dans un territoire rural situ\u00e9 au sud de la Catalogne. Bonne \u00e9l\u00e8ve, plus f\u00e9rue d\u2019histoire et de litt\u00e9rature que de sport, elle est partie \u00e9tudier \u00e0 l\u2019universit\u00e9 de Barcelone, avec un pied en Allemagne. Pendant quatre ans, elle a effectu\u00e9 une sorte de double dipl\u00f4me, alliant direction d\u2019entreprise et commerce international. Apr\u00e8s un master de marketing et communication en Allemagne et \u00e0 Ta\u00efwan, elle est revenue sur ses terres natales espagnoles. \u00c0 24 ans, elle y a lanc\u00e9 une agence de marketing.<\/p>\n<p class=\"fig-paragraph\">\u00abJe savais que je pouvais apporter quelque chose de diff\u00e9rent. Je voyais des entreprises avec un gros potentiel, qui n\u2019avaient pas investi dans le marketing\u00bb, expose-t-elle, ayant \u00e0 c\u0153ur de valoriser les initiatives locales. En parall\u00e8le, elle s\u2019est inscrite \u00e0 des ap\u00e9ritifs de \u00abnetworking\u00bb, n\u2019h\u00e9sitant pas \u00e0 revenir \u00e0 Barcelone pour nouer des contacts. Ce travail de r\u00e9seau lui a permis de faire la connaissance de la Jeune Chambre. S\u00e9duite par ce concept rassemblant des jeunes porteurs de projets d\u2019int\u00e9r\u00eat g\u00e9n\u00e9ral, elle l\u2019a export\u00e9 dans sa r\u00e9gion. La JCI Terres de l\u2019Ebre est ainsi n\u00e9e en 2018 sous son impulsion.<\/p>\n<blockquote class=\"fig-quote&#10;    \">\n<p class=\"fig-quote__text\">J\u2019aime la France, sa nourriture, son fromage, son vin et sa culture\u00a0!<\/p>\n<p>            Georgina Matamoros\n    <\/p><\/blockquote>\n<p class=\"fig-paragraph\">En 2023, gravissant au fur et \u00e0 mesure les \u00e9chelons, Georgina Matamoros a \u00e9t\u00e9 \u00e9lue pr\u00e9sidente nationale de la Jeune Chambre de la Catalogne. Lors d\u2019un s\u00e9jour de pr\u00e9paration \u00e0 Bruges, elle a fait la connaissance de son homologue fran\u00e7ais. Cette rencontre professionnelle s\u2019est transform\u00e9e en histoire d\u2019amour, conduisant Georgina Matamoros \u00e0 d\u00e9m\u00e9nager \u00e0 Nantes l\u2019an pass\u00e9. Elle donne maintenant des cours en \u00e9cole de commerce dans la cit\u00e9 des Ducs. \u00abJ\u2019aime la France, sa nourriture, son fromage, son vin et sa culture\u00a0!\u00bb, sourit l\u2019adepte des\u00a0<a href=\"http:\/\/www.lefigaro.fr\/langue-francaise\/kouign-amann-financier-les-delicieuses-origines-des-patisseries-20250904\" target=\"_blank\" data-fig-type=\"Article\" rel=\"noopener\" data-gtm-custom-categorie=\"navigation\" data-gtm-custom-action=\"crossclick\" data-gtm-custom-label=\"Contextuel\" data-gtm-event=\"customEventSPE\" data-fig-domain=\"LEFIGARO\">kouign-amann<\/a>. Si elle g\u00e8re toujours \u00e0 distance son agence et ses quatre employ\u00e9s, elle retourne de temps en temps en Espagne. En f\u00e9vrier par exemple, elle y est attendue car son roman Luces de Ta\u00efpei (Les Lumi\u00e8res de Ta\u00efpei) a \u00e9t\u00e9 s\u00e9lectionn\u00e9 pour un concours national.<\/p>\n<p class=\"fig-paragraph\">Face \u00e0 ce parcours brillant, Georgina Matamoros reste simple dans ses \u00e9changes. \u00abElle a un leadership avec beaucoup d\u2019humilit\u00e9. Elle n\u2019est pas dans une logique d\u2019ego, mais de transmission\u00bb, admire Thomas Guest, son compagnon, ancien pr\u00e9sident de la Jeune Chambre \u00c9conomique Fran\u00e7aise (JCEF). \u00abJe pense que c\u2019est l\u2019une des personnes les plus inspirantes que je connaisse\u00bb, dit d\u2019elle Audrey Brullon, vice-pr\u00e9sidente ex\u00e9cutive nationale de la JCEF. \u00abM\u00eame au niveau local, elle est tr\u00e8s pr\u00e9sente alors qu\u2019en r\u00e9alit\u00e9, elle travaille \u00e0 l\u2019international. On en est tr\u00e8s fiers\u00bb, abonde l\u2019ex-pr\u00e9sidente de la JCE Nantes M\u00e9tropole Sud Loire. Sa successeur pour 2026, Marie-Fran\u00e7oise D\u00e9sign\u00e9, ne tarit pas non plus d\u2019\u00e9loges envers une conf\u00e9renci\u00e8re et \u00abformatrice hors pair\u00bb. \u00abGeorgina a une capacit\u00e9 \u00e0 \u00e9changer avec tout type de profil, peu importe le territoire\u00bb, souligne-t-elle, en \u00e9cho \u00e0 son plurilinguisme. Aussi, \u00abelle reste accessible pour nous conseiller et nous accompagner\u00bb.<strong>\u00a0<\/strong><\/p>\n<p class=\"fig-paragraph\">En 2025, alors qu\u2019elle \u00e9tait vice-pr\u00e9sidente de la commission marketing au niveau international, Georgina Matamoros a \u00e9t\u00e9 distingu\u00e9e par la JCI comme meilleure \u00e9lue de l\u2019ann\u00e9e. De quoi lui donner envie d\u2019\u00eatre un jour d\u00e9sign\u00e9e au prestigieux poste de pr\u00e9sidente mondiale\u00a0? \u00abIl faut d\u2019abord que je sois pr\u00e9sidente de l\u2019Europe\u00bb, s\u2019est fix\u00e9 comme r\u00e8gle \u00e0 elle-m\u00eame l\u2019int\u00e9ress\u00e9e. Elle en a d\u2019ailleurs d\u00e9j\u00e0 \u00e9t\u00e9 vice-pr\u00e9sidente en 2024. Et ensuite\u00a0? \u00abSi je suis une bonne pr\u00e9sidente, pourquoi pas\u00bb, r\u00e9pond-elle sobrement. Depuis la cr\u00e9ation de la JCI il y a 111 ans, seules cinq femmes ont obtenu ce poste.<strong>\u00a0<\/strong><\/p>\n","protected":false},"excerpt":{"rendered":"PORTRAIT &#8211; Dans le cadre de ses engagements \u00e0 la Jeune Chambre Internationale (JCI), la chef d\u2019entreprise qui&hellip;\n","protected":false},"author":2,"featured_media":687834,"comment_status":"","ping_status":"","sticky":false,"template":"","format":"standard","meta":{"footnotes":""},"categories":[2818],"tags":[1111,11,33,1777,674,1011,27,766,12,3521,2636,25],"class_list":{"0":"post-687833","1":"post","2":"type-post","3":"status-publish","4":"format-standard","5":"has-post-thumbnail","7":"category-nantes","8":"tag-actu","9":"tag-actualites","10":"tag-economie","11":"tag-eu","12":"tag-europe","13":"tag-fr","14":"tag-france","15":"tag-nantes","16":"tag-news","17":"tag-onu","18":"tag-pays-de-la-loire","19":"tag-republique-francaise"},"share_on_mastodon":{"url":"https:\/\/pubeurope.com\/@fr\/115954864907762842","error":""},"_links":{"self":[{"href":"https:\/\/www.europesays.com\/fr\/wp-json\/wp\/v2\/posts\/687833","targetHints":{"allow":["GET"]}}],"collection":[{"href":"https:\/\/www.europesays.com\/fr\/wp-json\/wp\/v2\/posts"}],"about":[{"href":"https:\/\/www.europesays.com\/fr\/wp-json\/wp\/v2\/types\/post"}],"author":[{"embeddable":true,"href":"https:\/\/www.europesays.com\/fr\/wp-json\/wp\/v2\/users\/2"}],"replies":[{"embeddable":true,"href":"https:\/\/www.europesays.com\/fr\/wp-json\/wp\/v2\/comments?post=687833"}],"version-history":[{"count":0,"href":"https:\/\/www.europesays.com\/fr\/wp-json\/wp\/v2\/posts\/687833\/revisions"}],"wp:featuredmedia":[{"embeddable":true,"href":"https:\/\/www.europesays.com\/fr\/wp-json\/wp\/v2\/media\/687834"}],"wp:attachment":[{"href":"https:\/\/www.europesays.com\/fr\/wp-json\/wp\/v2\/media?parent=687833"}],"wp:term":[{"taxonomy":"category","embeddable":true,"href":"https:\/\/www.europesays.com\/fr\/wp-json\/wp\/v2\/categories?post=687833"},{"taxonomy":"post_tag","embeddable":true,"href":"https:\/\/www.europesays.com\/fr\/wp-json\/wp\/v2\/tags?post=687833"}],"curies":[{"name":"wp","href":"https:\/\/api.w.org\/{rel}","templated":true}]}}