{"id":687844,"date":"2026-01-25T08:53:10","date_gmt":"2026-01-25T08:53:10","guid":{"rendered":"https:\/\/www.europesays.com\/fr\/687844\/"},"modified":"2026-01-25T08:53:10","modified_gmt":"2026-01-25T08:53:10","slug":"a-morgiou-inquietudes-autour-de-lenlevement-du-seul-defibrillateur-cardiaque-du-secteur","status":"publish","type":"post","link":"https:\/\/www.europesays.com\/fr\/687844\/","title":{"rendered":"\u00e0 Morgiou, inqui\u00e9tudes autour de l&rsquo;enl\u00e8vement du seul d\u00e9fibrillateur cardiaque du secteur"},"content":{"rendered":"<p>\u00ab\u00a0Je d\u00e9conseille aux malades du c\u0153ur de venir \u00e0 Morgiou.\u00a0\u00bb Voici le cri d\u2019alarme lanc\u00e9 il y a une quinzaine de jours par Henri Infossi, habitant de la <a href=\"https:\/\/www.laprovence.com\/article\/region\/44236361798524\/marseille-les-calanques-de-morgiou-et-sormiou-sont-debroussailles-pour-limiter-le-risque-dincendie-cet-ete\" target=\"_blank\" rel=\"noopener\">calanque de Morgiou<\/a> et r\u00e9f\u00e9rent des <a href=\"https:\/\/www.laprovence.com\/article\/region\/26840293613750\/pour-les-marins-pompiers-de-marseille-une-fin-dannee-chargee-apres-un-exercice-record\" target=\"_blank\" rel=\"noopener\">marins-pompiers de Marseille<\/a>. Tandis qu\u2019il plaide pour le maintien du seul d\u00e9fibrillateur dans ce secteur, la Ville a invoqu\u00e9 que la r\u00e9glementation emp\u00eachait l\u2019installation d\u2019un tel appareil en cas d\u2019absence de locaux municipaux, avant de faire machine arri\u00e8re.<\/p>\n<p>Dans un courrier envoy\u00e9 fin novembre \u00e0 la Ville, le pr\u00e9sident du <a href=\"https:\/\/www.laprovence.com\/article\/region\/32903125879098\/marseille-aux-origines-du-comite-d-interets-de-quartier-de-morgiou-la-silencieuse\" target=\"_blank\" rel=\"noopener\">comit\u00e9 d\u2019int\u00e9r\u00eat de quartier (CIQ) de Morgiou<\/a>, Alain Batistoni, expose \u00ab\u00a0qu\u2019\u00e0 la suite de plusieurs vols de mat\u00e9riel au sein du bureau des calanquais de l\u2019Est &#8211; la soci\u00e9t\u00e9 nautique, il a \u00e9t\u00e9 d\u00e9cid\u00e9 par les propri\u00e9taires de ce site priv\u00e9 de diminuer le nombre de cl\u00e9s en circulation\u00a0\u00bb.<\/p>\n<p>\u00ab\u00a0\u00c9viter tout quiproquo en cas d\u2019accident cardiaque\u00a0\u00bb<\/p>\n<p>Avec moins de personnes habilit\u00e9es \u00e0 se saisir du d\u00e9fibrillateur \u00e0 l\u2019int\u00e9rieur de ces locaux, \u00ab\u00a0il est n\u00e9cessaire d\u2019enlever l\u2019appareil du local pour \u00e9viter tout quiproquo <a href=\"https:\/\/www.laprovence.com\/article\/sante\/1432694217061515\/marseille-a-l-origine-de-la-premiere-greffe-de-coeur-le-pr-monties-est-mort\" target=\"_blank\" rel=\"noopener\">en cas d\u2019accident cardiaque<\/a> sur le site\u00a0\u00bb, pr\u00e9cise, inquiet, le pr\u00e9sident du comit\u00e9 d\u2019int\u00e9r\u00eat de quartier. \u00c0 cette demande, Henri Infossi r\u00e9pond que \u00ab\u00a0c\u2019est enti\u00e8rement normal de s\u00e9curiser&#8230;<\/p>\n","protected":false},"excerpt":{"rendered":"\u00ab\u00a0Je d\u00e9conseille aux malades du c\u0153ur de venir \u00e0 Morgiou.\u00a0\u00bb Voici le cri d\u2019alarme lanc\u00e9 il y a&hellip;\n","protected":false},"author":2,"featured_media":687845,"comment_status":"","ping_status":"","sticky":false,"template":"","format":"standard","meta":{"footnotes":""},"categories":[2814],"tags":[5734,1111,11,7051,78462,1777,674,1011,27,37582,30173,884,78461,12,882,16,25,8288],"class_list":{"0":"post-687844","1":"post","2":"type-post","3":"status-publish","4":"format-standard","5":"has-post-thumbnail","7":"category-marseille","8":"tag-5734","9":"tag-actu","10":"tag-actualites","11":"tag-autour","12":"tag-defibrillateur","13":"tag-eu","14":"tag-europe","15":"tag-fr","16":"tag-france","17":"tag-inquietudes","18":"tag-lenlevement","19":"tag-marseille","20":"tag-morgiou","21":"tag-news","22":"tag-provence-alpes-cote-dazur","23":"tag-region","24":"tag-republique-francaise","25":"tag-seul"},"share_on_mastodon":{"url":"https:\/\/pubeurope.com\/@fr\/115954896334469517","error":""},"_links":{"self":[{"href":"https:\/\/www.europesays.com\/fr\/wp-json\/wp\/v2\/posts\/687844","targetHints":{"allow":["GET"]}}],"collection":[{"href":"https:\/\/www.europesays.com\/fr\/wp-json\/wp\/v2\/posts"}],"about":[{"href":"https:\/\/www.europesays.com\/fr\/wp-json\/wp\/v2\/types\/post"}],"author":[{"embeddable":true,"href":"https:\/\/www.europesays.com\/fr\/wp-json\/wp\/v2\/users\/2"}],"replies":[{"embeddable":true,"href":"https:\/\/www.europesays.com\/fr\/wp-json\/wp\/v2\/comments?post=687844"}],"version-history":[{"count":0,"href":"https:\/\/www.europesays.com\/fr\/wp-json\/wp\/v2\/posts\/687844\/revisions"}],"wp:featuredmedia":[{"embeddable":true,"href":"https:\/\/www.europesays.com\/fr\/wp-json\/wp\/v2\/media\/687845"}],"wp:attachment":[{"href":"https:\/\/www.europesays.com\/fr\/wp-json\/wp\/v2\/media?parent=687844"}],"wp:term":[{"taxonomy":"category","embeddable":true,"href":"https:\/\/www.europesays.com\/fr\/wp-json\/wp\/v2\/categories?post=687844"},{"taxonomy":"post_tag","embeddable":true,"href":"https:\/\/www.europesays.com\/fr\/wp-json\/wp\/v2\/tags?post=687844"}],"curies":[{"name":"wp","href":"https:\/\/api.w.org\/{rel}","templated":true}]}}