{"id":687846,"date":"2026-01-25T08:54:10","date_gmt":"2026-01-25T08:54:10","guid":{"rendered":"https:\/\/www.europesays.com\/fr\/687846\/"},"modified":"2026-01-25T08:54:10","modified_gmt":"2026-01-25T08:54:10","slug":"une-annee-de-celebrations-pour-les-300-ans-de-lacademie-de-marseille","status":"publish","type":"post","link":"https:\/\/www.europesays.com\/fr\/687846\/","title":{"rendered":"Une ann\u00e9e de c\u00e9l\u00e9brations pour les 300\u00a0ans de l\u2019Acad\u00e9mie de Marseille"},"content":{"rendered":"<p>L\u2019ann\u00e9e d\u2019\u00e9v\u00e9nements organis\u00e9s par l\u2019Acad\u00e9mie de Marseille, dans le cadre de son 300e anniversaire, s\u2019ouvre jeudi 29\u00a0janvier par la c\u00e9r\u00e9monie inaugurale du tricentenaire, organis\u00e9e dans les salons de la Pr\u00e9fecture des Bouches-du-Rh\u00f4ne. \u00c0 cette occasion, le programme complet des manifestations sera d\u00e9voil\u00e9\u00a0: conf\u00e9rences, expos, concerts, ballets, manifestations scientifiques, colloques\u2026<\/p>\n<p>Parmi ces rendez-vous, deux r\u00e9citals intitul\u00e9s \u00ab\u00a0300\u00a0ans de musique\u00a0\u00bb sont programm\u00e9s le 12\u00a0f\u00e9vrier et le 11\u00a0juin au Centre Cormier, <a href=\"https:\/\/www.laprovence.com\/article\/region\/1808048082865814\/le-pape-savait-parler-aux-jeunes-les-baptemes-des-18-25-ans-en-hausse-a-marseille-chez-la-generation-francois\" target=\"_blank\" rel=\"noopener\">couvent des Dominicains<\/a>. Interpr\u00e9t\u00e9s par la pianiste et acad\u00e9micienne Evelina Pitti, ces concerts proposent un parcours pianistique du XVIIIe au XXIe\u00a0si\u00e8cle, de Bach \u00e0 R\u00e9gis Campo, en passant par Mozart, Beethoven, Chopin, Debussy ou Ravel.<\/p>\n<p>Une \u00e9clipse solaire le 12\u00a0ao\u00fbt<\/p>\n<p>Du 26\u00a0juin au 22\u00a0novembre, deux expositions seront accueillies au mus\u00e9e de la basilique Notre-Dame de la Garde\u00a0: l\u2019une consacr\u00e9e <a href=\"https:\/\/www.laprovence.com\/article\/region\/81398023466495\/le-village-de-moustiers-sainte-marie-capitale-de-la-faience-est-un-joyau-des-alpes-de-haute-provence\" target=\"_blank\" rel=\"noopener\">aux fa\u00efences marseillaises et de Moustiers<\/a> aux XVIIe et XVIIIe\u00a0si\u00e8cles \u00e0 travers leurs d\u00e9cors d\u2019inspiration religieuse, l\u2019autre d\u00e9di\u00e9e aux mod\u00e8les r\u00e9duits de paquebots issus de la collection de l\u2019acad\u00e9micien Christian Cottet, \u00e9voquant l\u2019histoire maritime de Marseille.<\/p>\n<p><a href=\"https:\/\/www.laprovence.com\/article\/france-monde\/8746044013503314\/une-eclipse-partielle-de-soleil-dans-lhemisphere-nord-samedi\" target=\"_blank\" rel=\"noopener\">Le 12\u00a0ao\u00fbt, u<\/a>&#8230;<\/p>\n","protected":false},"excerpt":{"rendered":"L\u2019ann\u00e9e d\u2019\u00e9v\u00e9nements organis\u00e9s par l\u2019Acad\u00e9mie de Marseille, dans le cadre de son 300e anniversaire, s\u2019ouvre jeudi 29\u00a0janvier par&hellip;\n","protected":false},"author":2,"featured_media":687847,"comment_status":"","ping_status":"","sticky":false,"template":"","format":"standard","meta":{"footnotes":""},"categories":[2814],"tags":[5734,78463,1111,11,5648,19415,1777,674,1011,27,36451,151,2831,884,12,471,882,25,96],"class_list":{"0":"post-687846","1":"post","2":"type-post","3":"status-publish","4":"format-standard","5":"has-post-thumbnail","7":"category-marseille","8":"tag-5734","9":"tag-300-ans","10":"tag-actu","11":"tag-actualites","12":"tag-annee","13":"tag-celebrations","14":"tag-eu","15":"tag-europe","16":"tag-fr","17":"tag-france","18":"tag-lacademie","19":"tag-les","20":"tag-loisirs-traditions","21":"tag-marseille","22":"tag-news","23":"tag-pour","24":"tag-provence-alpes-cote-dazur","25":"tag-republique-francaise","26":"tag-une"},"share_on_mastodon":{"url":"https:\/\/pubeurope.com\/@fr\/115954900328954803","error":""},"_links":{"self":[{"href":"https:\/\/www.europesays.com\/fr\/wp-json\/wp\/v2\/posts\/687846","targetHints":{"allow":["GET"]}}],"collection":[{"href":"https:\/\/www.europesays.com\/fr\/wp-json\/wp\/v2\/posts"}],"about":[{"href":"https:\/\/www.europesays.com\/fr\/wp-json\/wp\/v2\/types\/post"}],"author":[{"embeddable":true,"href":"https:\/\/www.europesays.com\/fr\/wp-json\/wp\/v2\/users\/2"}],"replies":[{"embeddable":true,"href":"https:\/\/www.europesays.com\/fr\/wp-json\/wp\/v2\/comments?post=687846"}],"version-history":[{"count":0,"href":"https:\/\/www.europesays.com\/fr\/wp-json\/wp\/v2\/posts\/687846\/revisions"}],"wp:featuredmedia":[{"embeddable":true,"href":"https:\/\/www.europesays.com\/fr\/wp-json\/wp\/v2\/media\/687847"}],"wp:attachment":[{"href":"https:\/\/www.europesays.com\/fr\/wp-json\/wp\/v2\/media?parent=687846"}],"wp:term":[{"taxonomy":"category","embeddable":true,"href":"https:\/\/www.europesays.com\/fr\/wp-json\/wp\/v2\/categories?post=687846"},{"taxonomy":"post_tag","embeddable":true,"href":"https:\/\/www.europesays.com\/fr\/wp-json\/wp\/v2\/tags?post=687846"}],"curies":[{"name":"wp","href":"https:\/\/api.w.org\/{rel}","templated":true}]}}