{"id":687864,"date":"2026-01-25T09:06:10","date_gmt":"2026-01-25T09:06:10","guid":{"rendered":"https:\/\/www.europesays.com\/fr\/687864\/"},"modified":"2026-01-25T09:06:10","modified_gmt":"2026-01-25T09:06:10","slug":"risque-de-shutdown-apres-la-mort-de-civils-a-minneapolis","status":"publish","type":"post","link":"https:\/\/www.europesays.com\/fr\/687864\/","title":{"rendered":"risque de shutdown apr\u00e8s la mort de civils \u00e0 Minneapolis"},"content":{"rendered":"<p>Les \u00c9tats-Unis se dirigent-ils vers un nouveau \u00ab\u00a0shutdown\u00a0\u00bb\u00a0? \u00c0 quelques jours de l\u2019expiration du financement de l\u2019\u00c9tat f\u00e9d\u00e9ral, le 31\u00a0janvier, plusieurs s\u00e9nateurs d\u00e9mocrates ont annonc\u00e9 samedi qu\u2019ils s\u2019opposeraient au texte budg\u00e9taire examin\u00e9 au Congr\u00e8s, faisant brutalement monter le risque de paralysie des administrations.<\/p>\n<p>Le projet, d\u00e9j\u00e0 adopt\u00e9 par la Chambre des repr\u00e9sentants, semblait jusqu\u2019ici promis \u00e0 une adoption au S\u00e9nat. Mais la mort, samedi, d\u2019un Am\u00e9ricain de 37 ans tu\u00e9 par des agents f\u00e9d\u00e9raux \u00e0 Minneapolis a rebattu les cartes. La ville du nord des \u00c9tats-Unis est secou\u00e9e depuis plusieurs semaines par des manifestations contre la pr\u00e9sence accrue de la police de l\u2019immigration (ICE). Ce d\u00e9c\u00e8s intervient pr\u00e8s de trois semaines apr\u00e8s celui de Renee Good, \u00e9galement \u00e2g\u00e9e de 37 ans, tu\u00e9e par balle par un agent f\u00e9d\u00e9ral dans la m\u00eame ville.<\/p>\n<p>Plusieurs \u00e9lus d\u00e9mocrates refusent d\u00e9sormais d\u2019approuver le texte en l\u2019\u00e9tat, en raison du financement qu\u2019il pr\u00e9voit pour le minist\u00e8re de la S\u00e9curit\u00e9 int\u00e9rieure (DHS), charg\u00e9 de mettre en \u0153uvre la politique migratoire de Donald Trump.<\/p>\n<p>\u00ab\u00a0Les d\u00e9mocrates du S\u00e9nat n\u2019apporteront pas leur vote pour ces textes si le financement du DHS est inclus\u00a0\u00bb, a pr\u00e9venu leur chef de file Chuck Schumer dans un communiqu\u00e9.<\/p>\n<p>La s\u00e9natrice du Nevada Catherine Cortez Masto, \u00e9lue r\u00e9put\u00e9e mod\u00e9r\u00e9e, a d\u00e9nonc\u00e9 une administration qui \u00ab\u00a0met des agents f\u00e9d\u00e9raux sous-entra\u00een\u00e9s et belliqueux dans les rues sans qu\u2019ils n\u2019aient de comptes \u00e0 rendre\u00a0\u00bb, mena\u00e7ant elle aussi de rejeter le projet.<\/p>\n<p>Au S\u00e9nat, l\u2019adoption d\u2019un texte budg\u00e9taire n\u00e9cessite une majorit\u00e9 qualifi\u00e9e de 60 voix sur 100. Le refus affich\u00e9 par de nombreux d\u00e9mocrates accro\u00eet donc sensiblement la probabilit\u00e9 d\u2019une nouvelle crise institutionnelle.<\/p>\n<p>Le s\u00e9nateur Mark Warner a appel\u00e9 \u00e0 ce que la \u00ab\u00a0r\u00e9pression brutale cesse\u00a0\u00bb. \u00ab\u00a0Je ne peux pas voter et je ne voterai pas pour financer le DHS pendant que cette administration continue ces prises de pouvoir violentes dans nos villes\u00a0\u00bb, a-t-il \u00e9crit sur le r\u00e9seau X.<\/p>\n<p>Particularit\u00e9 du syst\u00e8me am\u00e9ricain, lorsque le Congr\u00e8s ne parvient pas \u00e0 adopter un budget avant la date limite, l\u2019\u00c9tat f\u00e9d\u00e9ral bascule en situation de \u00ab\u00a0shutdown\u00a0\u00bb. Des centaines de milliers de fonctionnaires sont alors plac\u00e9s en ch\u00f4mage technique. D\u2019autres, dont les missions sont jug\u00e9es essentielles -contr\u00f4leurs a\u00e9riens, policiers, militaires &#8211; continuent de travailler, mais doivent attendre la fin de la paralysie pour percevoir leurs salaires.<\/p>\n<p>Le pr\u00e9c\u00e9dent le plus long remonte \u00e0 novembre dernier, lorsque d\u00e9mocrates et r\u00e9publicains s\u2019\u00e9taient affront\u00e9s pendant 43 jours autour du financement de subventions d\u2019assurance sant\u00e9.<\/p>\n","protected":false},"excerpt":{"rendered":"Les \u00c9tats-Unis se dirigent-ils vers un nouveau \u00ab\u00a0shutdown\u00a0\u00bb\u00a0? \u00c0 quelques jours de l\u2019expiration du financement de l\u2019\u00c9tat f\u00e9d\u00e9ral,&hellip;\n","protected":false},"author":2,"featured_media":687865,"comment_status":"","ping_status":"","sticky":false,"template":"","format":"standard","meta":{"footnotes":""},"categories":[1589],"tags":[55322,5734,11,78464,33,73,1866,32194,18,12,4510,1864,1865,1863,308],"class_list":{"0":"post-687864","1":"post","2":"type-post","3":"status-publish","4":"format-standard","5":"has-post-thumbnail","7":"category-etats-unis","8":"tag-shutdown","9":"tag-5734","10":"tag-actualites","11":"tag-civils","12":"tag-economie","13":"tag-etats-unis","14":"tag-etats-unis-damerique","15":"tag-minneapolis","16":"tag-mort","17":"tag-news","18":"tag-risque","19":"tag-united-states","20":"tag-united-states-of-america","21":"tag-us","22":"tag-usa"},"share_on_mastodon":{"url":"https:\/\/pubeurope.com\/@fr\/115954947488473538","error":""},"_links":{"self":[{"href":"https:\/\/www.europesays.com\/fr\/wp-json\/wp\/v2\/posts\/687864","targetHints":{"allow":["GET"]}}],"collection":[{"href":"https:\/\/www.europesays.com\/fr\/wp-json\/wp\/v2\/posts"}],"about":[{"href":"https:\/\/www.europesays.com\/fr\/wp-json\/wp\/v2\/types\/post"}],"author":[{"embeddable":true,"href":"https:\/\/www.europesays.com\/fr\/wp-json\/wp\/v2\/users\/2"}],"replies":[{"embeddable":true,"href":"https:\/\/www.europesays.com\/fr\/wp-json\/wp\/v2\/comments?post=687864"}],"version-history":[{"count":0,"href":"https:\/\/www.europesays.com\/fr\/wp-json\/wp\/v2\/posts\/687864\/revisions"}],"wp:featuredmedia":[{"embeddable":true,"href":"https:\/\/www.europesays.com\/fr\/wp-json\/wp\/v2\/media\/687865"}],"wp:attachment":[{"href":"https:\/\/www.europesays.com\/fr\/wp-json\/wp\/v2\/media?parent=687864"}],"wp:term":[{"taxonomy":"category","embeddable":true,"href":"https:\/\/www.europesays.com\/fr\/wp-json\/wp\/v2\/categories?post=687864"},{"taxonomy":"post_tag","embeddable":true,"href":"https:\/\/www.europesays.com\/fr\/wp-json\/wp\/v2\/tags?post=687864"}],"curies":[{"name":"wp","href":"https:\/\/api.w.org\/{rel}","templated":true}]}}