{"id":68793,"date":"2025-05-02T07:36:08","date_gmt":"2025-05-02T07:36:08","guid":{"rendered":"https:\/\/www.europesays.com\/fr\/68793\/"},"modified":"2025-05-02T07:36:08","modified_gmt":"2025-05-02T07:36:08","slug":"cinq-choses-a-savoir-sur-jacques-bertin-ambassadeur-de-la-chanson-a-textes-et-ne-a-rennes","status":"publish","type":"post","link":"https:\/\/www.europesays.com\/fr\/68793\/","title":{"rendered":"Cinq choses \u00e0 savoir sur Jacques Bertin, ambassadeur de la \u00ab\u00a0chanson \u00e0 textes\u00a0\u00bb et n\u00e9 \u00e0 Rennes"},"content":{"rendered":"<p>1 Il d\u00e9teste les majors<\/p>\n<p>En 1967, <a href=\"https:\/\/www.letelegramme.fr\/finistere\/pont-l-abbe-29120\/spanjacques-bertinspan-je-suis-un-chantauteur-1916336.php\" target=\"_blank\" rel=\"nofollow noopener\">Jacques Bertin<\/a> enregistre son premier disque 30 cm, qui remporte le Grand prix du disque de l\u2018Acad\u00e9mie Charles-Cros. En 1978, une critique du Monde estime qu\u2019il pourrait \u00ab s\u2019imposer au grand public comme le plus important chanteur fran\u00e7ais depuis Brel et Ferr\u00e9. \u00bb Mais l\u2019artiste ne veut pas vendre son ind\u00e9pendance aux majors, et cr\u00e9e sa propre maison de disques, Velen. Tant pis si \u00e7a se ressent en termes de promo. Depuis, Jacques Bertin a sign\u00e9 26 albums et une quinzaine de livres.<\/p>\n<p>2 Son p\u00e8re \u00e9tait un des \u00ab Castors \u00bb de Rennes<\/p>\n<p>Rennes ? \u00ab Une ville du labeur, grise et pluvieuse, pleine de bonheurs arrach\u00e9s avec les dents par les petites gens \u00bb, estime Jacques Bertin dans une de ses chansons. Il y est n\u00e9 en 1946, rue du Tourniquet, \u00e0 Bourg-Levesque. Ses parents, catholiques engag\u00e9s aupr\u00e8s des classes laborieuses, lui insufflent l\u2019esprit de la d\u00e9mocratie chr\u00e9tienne bretonne. Son p\u00e8re fait partie des Castors, un mouvement de non professionnels qui b\u00e2tissaient des maisons en coop\u00e9rative.<\/p>\n<\/p>\n<p>3 Il r\u00eave d\u2019une Maison de l\u2019histoire de la chanson<\/p>\n<p>Jacques Bertin n\u2019a peut-\u00eatre pas atteint la reconnaissance du grand public, mais il ne s\u2019est pas non plus \u00e9teint comme tant de com\u00e8tes propuls\u00e9es par des publicitaires en qu\u00eate de tubes faciles. Fid\u00e8le \u00e0 son amour de la chanson \u00e0 texte, il s\u2019est investi dans un projet de Maison de l\u2019histoire de la chanson \u00e0 Vand\u0153uvre-l\u00e8s-Nancy (54). D\u00e9but des travaux : septembre 2025.<\/p>\n<p>4 Il n\u2019est pas contre le piratage<\/p>\n<p>Au-del\u00e0 de sa musique, c\u2019est peut-\u00eatre dans le d\u00e9bat sur le piratage que la personnalit\u00e9 singuli\u00e8re et les engagements de Jacques-Bertin se r\u00e9v\u00e8lent le mieux. D\u2019un c\u00f4t\u00e9, l\u2019homme se d\u00e9clare solidaire des artistes qui doivent \u00eatre justement r\u00e9tribu\u00e9s\u2026 D\u2019un autre c\u00f4t\u00e9, il se voit mal entrer en r\u00e9sistance aux c\u00f4t\u00e9s du show-business, cet \u00ab ennemi du genre humain \u00bb. \u00ab Qui a tu\u00e9 les disquaires ? C\u2019est l\u2019industrie culturelle ! \u00bb, s\u2019exclame celui pour qui le piratage permet aussi \u00e0 des artistes de se faire conna\u00eetre d\u2019un nouveau public.<\/p>\n<p>\u00ab Louvign\u00e9-du-D\u00e9sert, arr\u00eatons-nous nous irons boire\/Dans un petit caf\u00e9 ouvert aux premiers froids de la m\u00e9moire\u2026 \u00bb Il fallait chanter cette commune d\u2019Ille-et-Vilaine (3 000 habitants) au nom po\u00e9tique situ\u00e9e sur la route du Mont-Saint-Michel. Les chansons de Jacques Bertin sont \u00e9coutables en <a href=\"https:\/\/www.letelegramme.fr\/ille-et-vilaine\/rennes-35000\/disquesvelen.free.fr\/bertin\/tele.htm.\" target=\"_blank\" rel=\"nofollow noopener\">ligne<\/a> et sur les plateformes de streaming.<\/p>\n","protected":false},"excerpt":{"rendered":"1 Il d\u00e9teste les majors En 1967, Jacques Bertin enregistre son premier disque 30 cm, qui remporte le&hellip;\n","protected":false},"author":2,"featured_media":68794,"comment_status":"","ping_status":"","sticky":false,"template":"","format":"standard","meta":{"footnotes":""},"categories":[2821],"tags":[1111,11,829,3173,1777,674,1011,27,12,584,25],"class_list":{"0":"post-68793","1":"post","2":"type-post","3":"status-publish","4":"format-standard","5":"has-post-thumbnail","7":"category-rennes","8":"tag-actu","9":"tag-actualites","10":"tag-bretagne","11":"tag-culture-a-rennes","12":"tag-eu","13":"tag-europe","14":"tag-fr","15":"tag-france","16":"tag-news","17":"tag-rennes","18":"tag-republique-francaise"},"share_on_mastodon":{"url":"https:\/\/pubeurope.com\/@fr\/114437094343999651","error":""},"_links":{"self":[{"href":"https:\/\/www.europesays.com\/fr\/wp-json\/wp\/v2\/posts\/68793","targetHints":{"allow":["GET"]}}],"collection":[{"href":"https:\/\/www.europesays.com\/fr\/wp-json\/wp\/v2\/posts"}],"about":[{"href":"https:\/\/www.europesays.com\/fr\/wp-json\/wp\/v2\/types\/post"}],"author":[{"embeddable":true,"href":"https:\/\/www.europesays.com\/fr\/wp-json\/wp\/v2\/users\/2"}],"replies":[{"embeddable":true,"href":"https:\/\/www.europesays.com\/fr\/wp-json\/wp\/v2\/comments?post=68793"}],"version-history":[{"count":0,"href":"https:\/\/www.europesays.com\/fr\/wp-json\/wp\/v2\/posts\/68793\/revisions"}],"wp:featuredmedia":[{"embeddable":true,"href":"https:\/\/www.europesays.com\/fr\/wp-json\/wp\/v2\/media\/68794"}],"wp:attachment":[{"href":"https:\/\/www.europesays.com\/fr\/wp-json\/wp\/v2\/media?parent=68793"}],"wp:term":[{"taxonomy":"category","embeddable":true,"href":"https:\/\/www.europesays.com\/fr\/wp-json\/wp\/v2\/categories?post=68793"},{"taxonomy":"post_tag","embeddable":true,"href":"https:\/\/www.europesays.com\/fr\/wp-json\/wp\/v2\/tags?post=68793"}],"curies":[{"name":"wp","href":"https:\/\/api.w.org\/{rel}","templated":true}]}}