{"id":687953,"date":"2026-01-25T10:05:10","date_gmt":"2026-01-25T10:05:10","guid":{"rendered":"https:\/\/www.europesays.com\/fr\/687953\/"},"modified":"2026-01-25T10:05:10","modified_gmt":"2026-01-25T10:05:10","slug":"le-recit-de-lyceens-de-marseille-manosque-marignane-et-salon","status":"publish","type":"post","link":"https:\/\/www.europesays.com\/fr\/687953\/","title":{"rendered":"le r\u00e9cit de lyc\u00e9ens de Marseille, Manosque, Marignane et Salon"},"content":{"rendered":"<p>Et soudain, le silence s\u2019est impos\u00e9. Face aux 263 lyc\u00e9ens de l\u2019acad\u00e9mie d\u2019Aix-Marseille en voyage d\u2019\u00e9tudes \u00e0 <a href=\"https:\/\/www.laprovence.com\/article\/france-monde\/2517304563412115\/le-camp-dextermination-nazi-dauschwitz-birkenau\" target=\"_blank\" rel=\"noopener\">Auschwitz<\/a>, un wagon sans fen\u00eatre sur la voie de chemin de fer \u00e0 quelques centaines de m\u00e8tres de l\u2019entr\u00e9e du camp d\u2019Auschwitz II &#8211; Birkenau. Ce n\u2019est que le d\u00e9but de la visite, mais le ton est donn\u00e9. Ces jeunes, \u00e2g\u00e9s de 16 \u00e0 18\u00a0ans, s\u2019appr\u00eatent \u00e0 entrer dans le plus grand complexe concentrationnaire et centre de mise \u00e0 mort du <a href=\"https:\/\/www.laprovence.com\/article\/societe\/87774786521196\/80-ans-de-la-liberation-dauschwitz-comment-faire-vivre-la-memoire-de-la-shoah-quand-il-ny-aura-plus-de-survivants\" target=\"_blank\" rel=\"noopener\">troisi\u00e8me Reich<\/a> o\u00f9 plus d\u20191,1\u00a0million de personnes ont \u00e9t\u00e9 <a href=\"https:\/\/www.laprovence.com\/article\/societe\/3920676891705614\/elle-n-etait-pas-completement-consciente-d-etre-une-icone-les-confessions-du-fils-de-simone-veil\" target=\"_blank\" rel=\"noopener\">assassin\u00e9es<\/a>, pour la plupart des juifs, des Polonais, des Tsiganes, des prisonniers politiques et de guerre.<\/p>\n<p>Il y avait de la joie dans l\u2019avion quelques heures plus t\u00f4t <a href=\"https:\/\/www.laprovence.com\/article\/economie\/1431382100089614\/cout-par-passager-communautes-dans-la-region-pourquoi-l-aeroport-de-marignane-seduit-les-compagnies-low-cost\" target=\"_blank\" rel=\"noopener\">au d\u00e9part de Marignane<\/a>, des rires, des applaudissements m\u00eame, \u00e0 l\u2019atterrissage \u00e0 l\u2019a\u00e9roport de Cracovie. Ce n\u2019\u00e9tait ni de la l\u00e9g\u00e8ret\u00e9, ni de l\u2019inconscience, ni m\u00eame un manque de respect, c\u2019\u00e9tait une derni\u00e8re respiration avant la confrontation. Face \u00e0 ce wagon qui a transport\u00e9 hommes, femmes et enfants pendant plusieurs jours d\u2019un voyage abominable, on commence par baisser le regard et regarder ses chaussures. Une prise de <a href=\"https:\/\/www.laprovence.com\/article\/france-monde\/1961444987101515\/henri-borlant-raconter-la-shoah-pour-que-tout-le-monde-sache\" target=\"_blank\" rel=\"noopener\">conscience imm\u00e9diate de l\u2019horreur v\u00e9cue<\/a> par celles et ceux qui ont foul\u00e9 avant nous ce sol gel\u00e9.<\/p>\n","protected":false},"excerpt":{"rendered":"Et soudain, le silence s\u2019est impos\u00e9. Face aux 263 lyc\u00e9ens de l\u2019acad\u00e9mie d\u2019Aix-Marseille en voyage d\u2019\u00e9tudes \u00e0 Auschwitz,&hellip;\n","protected":false},"author":2,"featured_media":687954,"comment_status":"","ping_status":"","sticky":false,"template":"","format":"standard","meta":{"footnotes":""},"categories":[2814],"tags":[5734,1111,11,23573,1777,674,1011,27,15387,10176,884,12,5912,882,1699,25,104,4717],"class_list":{"0":"post-687953","1":"post","2":"type-post","3":"status-publish","4":"format-standard","5":"has-post-thumbnail","7":"category-marseille","8":"tag-5734","9":"tag-actu","10":"tag-actualites","11":"tag-auschwitz","12":"tag-eu","13":"tag-europe","14":"tag-fr","15":"tag-france","16":"tag-lyceens","17":"tag-marques","18":"tag-marseille","19":"tag-news","20":"tag-par","21":"tag-provence-alpes-cote-dazur","22":"tag-recit","23":"tag-republique-francaise","24":"tag-societe","25":"tag-vie"},"share_on_mastodon":{"url":"https:\/\/pubeurope.com\/@fr\/115955179458605114","error":""},"_links":{"self":[{"href":"https:\/\/www.europesays.com\/fr\/wp-json\/wp\/v2\/posts\/687953","targetHints":{"allow":["GET"]}}],"collection":[{"href":"https:\/\/www.europesays.com\/fr\/wp-json\/wp\/v2\/posts"}],"about":[{"href":"https:\/\/www.europesays.com\/fr\/wp-json\/wp\/v2\/types\/post"}],"author":[{"embeddable":true,"href":"https:\/\/www.europesays.com\/fr\/wp-json\/wp\/v2\/users\/2"}],"replies":[{"embeddable":true,"href":"https:\/\/www.europesays.com\/fr\/wp-json\/wp\/v2\/comments?post=687953"}],"version-history":[{"count":0,"href":"https:\/\/www.europesays.com\/fr\/wp-json\/wp\/v2\/posts\/687953\/revisions"}],"wp:featuredmedia":[{"embeddable":true,"href":"https:\/\/www.europesays.com\/fr\/wp-json\/wp\/v2\/media\/687954"}],"wp:attachment":[{"href":"https:\/\/www.europesays.com\/fr\/wp-json\/wp\/v2\/media?parent=687953"}],"wp:term":[{"taxonomy":"category","embeddable":true,"href":"https:\/\/www.europesays.com\/fr\/wp-json\/wp\/v2\/categories?post=687953"},{"taxonomy":"post_tag","embeddable":true,"href":"https:\/\/www.europesays.com\/fr\/wp-json\/wp\/v2\/tags?post=687953"}],"curies":[{"name":"wp","href":"https:\/\/api.w.org\/{rel}","templated":true}]}}