{"id":687955,"date":"2026-01-25T10:06:11","date_gmt":"2026-01-25T10:06:11","guid":{"rendered":"https:\/\/www.europesays.com\/fr\/687955\/"},"modified":"2026-01-25T10:06:11","modified_gmt":"2026-01-25T10:06:11","slug":"berlin-sur-la-mediterranee-ville-branchee-marseille-capitale-europeenne-de-la-coolitude","status":"publish","type":"post","link":"https:\/\/www.europesays.com\/fr\/687955\/","title":{"rendered":"\u00ab\u00a0Berlin sur la M\u00e9diterran\u00e9e\u00a0\u00bb, \u00ab\u00a0ville branch\u00e9e\u00a0\u00bb&#8230; Marseille, capitale europ\u00e9enne de la coolitude ?"},"content":{"rendered":"<p>Cet article relay\u00e9 dans les colonnes de Courrier international du 17\u00a0janvier d\u00e9crit une nouvelle hype autour de <a href=\"https:\/\/www.laprovence.com\/bouches-du-rhone\/marseille-13055\" target=\"_blank\" rel=\"noopener\">Marseille<\/a>. Paru dans le quotidien dublinois The Irish Times, il d\u00e9roule les raisons qui ont pouss\u00e9 de nombreux Irlandais \u00e0 s\u2019installer dans la cit\u00e9 phoc\u00e9enne. Artistes pour la plupart, ils d\u00e9couvrent ici, loin de leur \u00eele d\u2019\u00c9meraude, un art de vivre et une \u00e9nergie vite adopt\u00e9s. Ces Irlandais ont ainsi rebaptis\u00e9 Marseille \u00ab\u00a0le nouveau Berlin sur la M\u00e9diterran\u00e9e\u00a0\u00bb.<\/p>\n<p>L\u2019an dernier, c\u2019\u00e9tait\u00a0The Guardian qui relatait la conversion \u00ab\u00a0d\u2019une cit\u00e9 longtemps crainte pour sa violence\u00a0\u00bb. <a href=\"https:\/\/www.laprovence.com\/article\/societe\/16599057177066\/the-place-to-be-marseille-encensee-par-le-new-york-times-et-le-guardian-pour-son-lifestyle-et-ses-pizzas\" target=\"_blank\" rel=\"noopener\">\u00ab\u00a0The place to be\u00a0\u00bb, se laissait aller le quotidien britannique,<\/a> nourri par les stories Instagram de ses compatriotes en vacances.<\/p>\n<p>Avant d\u2019\u00e9lever la ville enti\u00e8re au rang de \u00ab\u00a0capitale europ\u00e9enne de la coolitude\u00a0\u00bb, les classements en tout genre ont d\u00e9j\u00e0 fait honneur \u00e0 ses quartiers. Le magazine britannique Time Out en\u00a02024 classait <a href=\"https:\/\/www.laprovence.com\/article\/region\/5167569529636214\/quartiers-de-marseille-fete-liberte-dexpression-art-notre-dame-du-mont-tout-le-monde-y-trouve-sa-place\" target=\"_blank\" rel=\"noopener\">Notre-Dame-du-Mont (6e)<\/a> au rang du quartier \u00ab\u00a0le plus cool du monde\u00a0\u00bb, avant de faire appara\u00eetre, l\u2019an dernier, <a href=\"https:\/\/www.laprovence.com\/article\/societe\/13705667197493\/le-quartier-dendoume-a-marseille-classe-parmi-les-quartiers-les-plus-cools-du-monde\" target=\"_blank\" rel=\"noopener\">Endoume (7e) \u00e0 la 21e place<\/a> entre Bencoolen (Singapour) et Plateau-Mont-Royal (Montr\u00e9al).<\/p>\n<p>Marseille, capitale de l\u2019Europe\u00a0? Pourquoi pas. \u00ab\u00a0Marseille\u00a0: la ville branch\u00e9e qui s\u2019&#8230;<\/p>\n","protected":false},"excerpt":{"rendered":"Cet article relay\u00e9 dans les colonnes de Courrier international du 17\u00a0janvier d\u00e9crit une nouvelle hype autour de Marseille.&hellip;\n","protected":false},"author":2,"featured_media":687956,"comment_status":"","ping_status":"","sticky":false,"template":"","format":"standard","meta":{"footnotes":""},"categories":[2814],"tags":[5734,1111,11,1898,78468,5808,1777,674,1011,27,884,1252,12,882,16,25,3356,4824],"class_list":{"0":"post-687955","1":"post","2":"type-post","3":"status-publish","4":"format-standard","5":"has-post-thumbnail","7":"category-marseille","8":"tag-5734","9":"tag-actu","10":"tag-actualites","11":"tag-berlin","12":"tag-branchee","13":"tag-capitale","14":"tag-eu","15":"tag-europe","16":"tag-fr","17":"tag-france","18":"tag-marseille","19":"tag-mediterranee","20":"tag-news","21":"tag-provence-alpes-cote-dazur","22":"tag-region","23":"tag-republique-francaise","24":"tag-sur","25":"tag-ville"},"share_on_mastodon":{"url":"https:\/\/pubeurope.com\/@fr\/115955183379841606","error":""},"_links":{"self":[{"href":"https:\/\/www.europesays.com\/fr\/wp-json\/wp\/v2\/posts\/687955","targetHints":{"allow":["GET"]}}],"collection":[{"href":"https:\/\/www.europesays.com\/fr\/wp-json\/wp\/v2\/posts"}],"about":[{"href":"https:\/\/www.europesays.com\/fr\/wp-json\/wp\/v2\/types\/post"}],"author":[{"embeddable":true,"href":"https:\/\/www.europesays.com\/fr\/wp-json\/wp\/v2\/users\/2"}],"replies":[{"embeddable":true,"href":"https:\/\/www.europesays.com\/fr\/wp-json\/wp\/v2\/comments?post=687955"}],"version-history":[{"count":0,"href":"https:\/\/www.europesays.com\/fr\/wp-json\/wp\/v2\/posts\/687955\/revisions"}],"wp:featuredmedia":[{"embeddable":true,"href":"https:\/\/www.europesays.com\/fr\/wp-json\/wp\/v2\/media\/687956"}],"wp:attachment":[{"href":"https:\/\/www.europesays.com\/fr\/wp-json\/wp\/v2\/media?parent=687955"}],"wp:term":[{"taxonomy":"category","embeddable":true,"href":"https:\/\/www.europesays.com\/fr\/wp-json\/wp\/v2\/categories?post=687955"},{"taxonomy":"post_tag","embeddable":true,"href":"https:\/\/www.europesays.com\/fr\/wp-json\/wp\/v2\/tags?post=687955"}],"curies":[{"name":"wp","href":"https:\/\/api.w.org\/{rel}","templated":true}]}}