{"id":68799,"date":"2025-05-02T07:39:08","date_gmt":"2025-05-02T07:39:08","guid":{"rendered":"https:\/\/www.europesays.com\/fr\/68799\/"},"modified":"2025-05-02T07:39:08","modified_gmt":"2025-05-02T07:39:08","slug":"election-des-batonniers-2026-2027-ollivier-carles-de-caudemberg-et-pascale","status":"publish","type":"post","link":"https:\/\/www.europesays.com\/fr\/68799\/","title":{"rendered":"\u00c9lection des B\u00e2tonniers 2026-2027 &#8211; Ollivier Carles de Caudemberg et Pascale (\u2026)"},"content":{"rendered":"<p>                    <img loading=\"lazy\" decoding=\"async\" src=\"https:\/\/www.europesays.com\/fr\/wp-content\/uploads\/2025\/05\/fa7396556c5c10715a1adbacc41418.jpg\" class=\"img-responsive post-image\" width=\"680\" height=\"510\" alt=\"\u00c9lection des B\u00e2tonniers\" title=\"\u00c9lection des B\u00e2tonniers 2026-2027 - Ollivier Carles de Caudemberg et Pascale Bailet, un \u00ab cob\u00e2tonnat \u00bb pour Nice\"\/><\/p>\n<p class=\"chapo\">Pas de long discours pour Ollivier Carles de Caudemberg et Pascale Bailet qui portent une candidature avec des propositions tr\u00e8s concr\u00e8tes pour am\u00e9liorer le quotidien des avocats ni\u00e7ois.<\/p>\n<p>                    Pourquoi avoir souhait\u00e9 \u00eatre candidats\u00a0au prochain b\u00e2tonnat\u00a0?<\/p>\n<p>\t\t<img loading=\"lazy\" decoding=\"async\" src=\"https:\/\/www.europesays.com\/fr\/wp-content\/uploads\/2025\/05\/ollivier_carles_de_caudemberg_et_pascale_bailet_un_pour_nice.png\" width=\"413\" height=\"619\" alt=\"\"\/><\/p>\n<p>\u00a9DR\n<\/p>\n<p><strong>&#8211; Me Bailet\u00a0:<\/strong> C\u2019est Ollivier qui est \u00e0 l\u2019initiative de la candidature. J\u2019ai tout naturellement accept\u00e9 sa proposition dans la continuit\u00e9 de notre investissement pass\u00e9 au service des confr\u00e8res. Il y a une envie profonde commune li\u00e9e \u00e0 l\u2019exp\u00e9rience que nous avons eue au Conseil de l\u2019Ordre pendant six ann\u00e9es cons\u00e9cutives. Nous avons d\u00e9cid\u00e9 que c\u2019\u00e9tait le moment d\u2019y aller car nous avons vraiment touch\u00e9 du doigt les dysfonctionnements et les probl\u00e8mes que les confr\u00e8res pouvaient rencontrer dans leur quotidien.<br class=\"autobr\"\/><br \/>\n<strong>Me Carles de Caudemberg\u00a0: <\/strong> Pendant six ans nous avons vu des choses qui nous ont paru \u00e9tonnantes et il y a vraiment besoin de faire un bond en avant. Honn\u00eatement, le fonctionnement actuel de nos institutions n\u2019est pas en phase avec le temps. Pour moi le principal probl\u00e8me, c\u2019est la communication. Je vous donne un exemple\u00a0: les avocats ne sont pas au courant des d\u00e9lib\u00e9rations qui sont prises au sein du Conseil de l\u2019Ordre alors qu\u2019ils ont le droit de savoir ce qui s\u2019y passe. Et ce qui les int\u00e9resse, c\u2019est leur quotidien. Tel probl\u00e8me a \u00e9t\u00e9 signal\u00e9 dans telle juridiction\u00a0: quelles actions concr\u00e8tes ont \u00e9t\u00e9 men\u00e9es par le B\u00e2tonnier et le Vice-B\u00e2tonnier\u00a0? Les confr\u00e8res ne peuvent plus perdre du temps \u00e0 chercher le num\u00e9ro de t\u00e9l\u00e9phone d\u2019un greffe ou d\u2019une chambre alors qu\u2019il y a un logiciel qui existe pour cela. La mission de repr\u00e9sentation du B\u00e2tonnier est importante mais le voir en photos en train de signer des conventions dont personne ne conna\u00eet le contenu, cela n\u2019int\u00e9resse pas vraiment nos confr\u00e8res.<\/p>\n<p>Ne craignez-vous pas d\u2019\u00eatre per\u00e7us par vos pr\u00e9d\u00e9cesseurs comme ceux qui entendent faire ce qu\u2019eux n\u2019ont pas su faire\u00a0?<\/p>\n<p><b>\u2013<\/b>\u00a0<strong>Me Bailet\u00a0:<\/strong> Ollivier ne prend jamais de pincettes quand il parle mais l\u2019id\u00e9e n\u2019est pas de d\u00e9nigrer ce qui a \u00e9t\u00e9 fait, loin de l\u00e0. Nous avons eu par le pass\u00e9 de tr\u00e8s bons B\u00e2tonniers. Ce qu\u2019il est important de comprendre, c\u2019est que nous ne sommes pas l\u00e0 pour innover mais pour am\u00e9liorer et essayer de faire entrer le Barreau de Nice dans une modernit\u00e9 qui a commenc\u00e9 mais qui n\u2019est pas parachev\u00e9e.<br class=\"autobr\"\/><br \/>\n<strong>&#8211; Me Carles de Caudemberg\u00a0<\/strong>\u00a0: Il y a des B\u00e2tonniers qui ont connu des p\u00e9riodes compliqu\u00e9es, avec la gestion de la gr\u00e8ve, le Covid\u2026 et le Conseil de l\u2019Ordre est un peu une machine inerte. Il faut redonner une dynamique. Cette dynamique, on la cr\u00e9e en impliquant tous les membres du Conseil  de l\u2019Ordre, sans affinit\u00e9s et sans entre-soi, en redonnant l\u2019esprit collectif. Et cela passe par la communication.<\/p>\n<p>Pensez-vous r\u00e9ussir \u00e0 mettre en place toutes vos actions en seulement deux ans\u00a0?<\/p>\n<p><strong>&#8211; Me Bailet\u00a0: <\/strong> J\u2019ai la conviction que tout ce qui est mentionn\u00e9 dans notre programme peut \u00eatre r\u00e9alis\u00e9 en deux ans. Cela veut dire s\u2019atteler \u00e0 la t\u00e2che et ne pas \u00eatre que sur de la fonction de repr\u00e9sentation pure. Cela d\u00e9pend \u00e9galement du Conseil de l\u2019Ordre, puisque c\u2019est lui qui valide et vote le programme qu\u2019on va lui soumettre. E puis ce ne sont pas des choses tr\u00e8s compliqu\u00e9es. A la limite, la seule chose qui pourrait \u00eatre un peu compliqu\u00e9e, c\u2019est la halte-garderie. Mais c\u2019est une mesure qui me tient \u00e0 c\u0153ur. J\u2019avais \u00e9tudi\u00e9 au Conseil de l\u2019Ordre le projet d\u2019une cr\u00e8che, tr\u00e8s clairement infaisable. La halte-garderie, ce serait vraiment quelque chose qui permettrait, de mani\u00e8re tr\u00e8s ponctuelle, d\u2019aider les confr\u00e8res et les cons\u0153urs. Mais il faudra le voter, travailler dessus, am\u00e9nager des locaux\u2026<\/p>\n<p>Me Brancaleoni et Me Serra mettent en avant le fait que les confr\u00e8res n\u00e9gligent souvent leur sant\u00e9. C\u2019est \u00e9galement l\u2019une de vos pr\u00e9occupations.<\/p>\n<p><strong>Me Carles de Caudemberg\u00a0:<\/strong> Il y a des confr\u00e8res qui sont \u00e0 la t\u00eate de cabinets de tr\u00e8s grande taille, d\u2019autres qui sont en individuel et qui ont une activit\u00e9 moindre  mais le probl\u00e8me reste le m\u00eame\u00a0: la gestion du stress. Vous seriez surpris de savoir combien certains, quel que soit leur nombre d\u2019ann\u00e9es d\u2019exp\u00e9rience et quelle que soit leur notori\u00e9t\u00e9, sont d\u00e9vor\u00e9s par le stress. Notre id\u00e9e c\u2019est qu\u2019au travers de la commission Pr\u00e9vention des difficult\u00e9s, qui existe d\u00e9j\u00e0, soient abord\u00e9s, en plus de l\u2019aspect \u00e9conomique, les probl\u00e8mes de sant\u00e9 li\u00e9s au stress. Nous souhaitons mettre en place des s\u00e9ances collectives autour de la gestion du stress, afin de pr\u00e9venir les probl\u00e8mes de sant\u00e9 li\u00e9s \u00e0 l\u2019activit\u00e9 professionnelle mais \u00e9galement de cr\u00e9er un service charg\u00e9 d\u2019accompagner nos confr\u00e8res pendant la maladie et le cong\u00e9 maternit\u00e9, en assurant le cas \u00e9ch\u00e9ant un suivi avec un psychologue.<\/p>\n<p>Dans votre profession de foi, vous avancez l\u2019id\u00e9e d\u2019un \u00ab\u00a0cob\u00e2tonnat\u00a0\u00bb. Pouvez-vous nous expliquer\u00a0cette vision\u00a0?<\/p>\n<p><strong>Me Bailet\u00a0:<\/strong> Nous sommes rigoristes. Il y a un texte (pr\u00e9voyant un B\u00e2tonnier et un Vice-B\u00e2tonnier) et nous le respectons parce que la pr\u00e9sence d\u2019un Vice-B\u00e2tonnier n\u2019est pas superflue, mais n\u00e9cessaire. Mais d\u00e8s le d\u00e9but, Ollivier m\u2019a propos\u00e9 que nous soyons \u00e9galitaires dans nos missions. Nous aurons un rapport d\u2019\u00e9galit\u00e9. Nous nous connaissons depuis 30 ans, nous r\u00e9fl\u00e9chissons de la m\u00eame mani\u00e8re et nous sommes compl\u00e9mentaires. <br class=\"autobr\"\/><br \/>\n<strong>Me Carles\u00a0de Caudemberg\u00a0: <\/strong> L\u2019int\u00e9r\u00eat d\u2019\u00eatre deux c\u2019est qu\u2019il y ait v\u00e9ritablement une \u00e9galit\u00e9 entre le B\u00e2tonnier et le Vice-B\u00e2tonnier. Et \u00e0 partir du moment o\u00f9 nous sommes sur la m\u00eame longueur d\u2019onde, ce sera une bonne chose pour les confr\u00e8res, qui pourront s\u2019adresser indistinctement \u00e0 l\u2019un ou \u00e0 l\u2019autre. Forc\u00e9ment, cela cr\u00e9e plus de disponibilit\u00e9 et de proximit\u00e9 et aujourd\u2019hui, tout le Barreau a besoin de \u00e7a. De la proximit\u00e9, de la r\u00e9activit\u00e9 et de l\u2019efficacit\u00e9.<\/p>\n<p>Quelques-unes de leurs 29 propositions\u00a0<\/p>\n<p>Un site internet de l\u2019Ordre simplifi\u00e9 et enrichi, notamment avec un annuaire contenant les coordonn\u00e9es des greffes et des juridictions du ressort de la Cour d\u2019appel\u00a0;<br class=\"autobr\"\/><br \/>\nUne notification mensuelle des proc\u00e8s-verbaux du Conseil de l\u2019Ordre\u00a0;<br class=\"autobr\"\/><br \/>\nAu moins deux Conseils de l\u2019Ordre ouverts par an\u00a0;<br class=\"autobr\"\/><br \/>\nUne mise en place de s\u00e9ances avec un professionnel de sant\u00e9 pour apprendre \u00e0 g\u00e9rer le stress\u00a0;<br class=\"autobr\"\/><br \/>\nLa cr\u00e9ation d\u2019un service de halte-garderie.<br class=\"autobr\"\/><br \/>\n<a href=\"https:\/\/www.instagram.com\/me_bailet_et_carles\/\" class=\"spip_out\" rel=\"external nofollow noopener\" target=\"_blank\">Suivre la campagne sur leur compte instagram<\/a><\/p>\n<p>\u00a0<\/p>\n<p>Les \u00e9lections sont pr\u00e9vues pour le premier tour le 5 juin et dans l\u2019\u00e9ventualit\u00e9 d\u2019un second tour pour le 12 juin 2025. Les candidats d\u00e9clar\u00e9s sont\u00a0: Ma\u00eetre Ollivier Carles de Caudemberg \/ Ma\u00eetre Pascale Bailet et Ma\u00eetre C\u00e9dric Porteron.<\/p>\n<p>Photo de Une Me Carles\u00a0de Caudemberg et Me Bailet \u00a9DR<\/p>\n<p>            <script async src=\"\/\/www.instagram.com\/embed.js\"><\/script><\/p>\n","protected":false},"excerpt":{"rendered":"Pas de long discours pour Ollivier Carles de Caudemberg et Pascale Bailet qui portent une candidature avec des&hellip;\n","protected":false},"author":2,"featured_media":68800,"comment_status":"","ping_status":"","sticky":false,"template":"","format":"standard","meta":{"footnotes":""},"categories":[2819],"tags":[1111,11,2408,1777,674,1011,27,12,2401,882,25],"class_list":{"0":"post-68799","1":"post","2":"type-post","3":"status-publish","4":"format-standard","5":"has-post-thumbnail","7":"category-nice","8":"tag-actu","9":"tag-actualites","10":"tag-appels-d","11":"tag-eu","12":"tag-europe","13":"tag-fr","14":"tag-france","15":"tag-news","16":"tag-nice","17":"tag-provence-alpes-cote-dazur","18":"tag-republique-francaise"},"share_on_mastodon":{"url":"https:\/\/pubeurope.com\/@fr\/114437106644316965","error":""},"_links":{"self":[{"href":"https:\/\/www.europesays.com\/fr\/wp-json\/wp\/v2\/posts\/68799","targetHints":{"allow":["GET"]}}],"collection":[{"href":"https:\/\/www.europesays.com\/fr\/wp-json\/wp\/v2\/posts"}],"about":[{"href":"https:\/\/www.europesays.com\/fr\/wp-json\/wp\/v2\/types\/post"}],"author":[{"embeddable":true,"href":"https:\/\/www.europesays.com\/fr\/wp-json\/wp\/v2\/users\/2"}],"replies":[{"embeddable":true,"href":"https:\/\/www.europesays.com\/fr\/wp-json\/wp\/v2\/comments?post=68799"}],"version-history":[{"count":0,"href":"https:\/\/www.europesays.com\/fr\/wp-json\/wp\/v2\/posts\/68799\/revisions"}],"wp:featuredmedia":[{"embeddable":true,"href":"https:\/\/www.europesays.com\/fr\/wp-json\/wp\/v2\/media\/68800"}],"wp:attachment":[{"href":"https:\/\/www.europesays.com\/fr\/wp-json\/wp\/v2\/media?parent=68799"}],"wp:term":[{"taxonomy":"category","embeddable":true,"href":"https:\/\/www.europesays.com\/fr\/wp-json\/wp\/v2\/categories?post=68799"},{"taxonomy":"post_tag","embeddable":true,"href":"https:\/\/www.europesays.com\/fr\/wp-json\/wp\/v2\/tags?post=68799"}],"curies":[{"name":"wp","href":"https:\/\/api.w.org\/{rel}","templated":true}]}}