{"id":688006,"date":"2026-01-25T10:39:11","date_gmt":"2026-01-25T10:39:11","guid":{"rendered":"https:\/\/www.europesays.com\/fr\/688006\/"},"modified":"2026-01-25T10:39:11","modified_gmt":"2026-01-25T10:39:11","slug":"un-28e-album-et-une-passion-intacte-pour-le-chanteur-augustin-planet","status":"publish","type":"post","link":"https:\/\/www.europesays.com\/fr\/688006\/","title":{"rendered":"un 28e album et une passion intacte pour le chanteur Augustin Planet"},"content":{"rendered":"<p>Au bout d&rsquo;une cinquantaine d&rsquo;ann\u00e9es de musique, avec 28 albums \u00e0 son actif, et cinq en projet, c&rsquo;est avec la m\u00eame \u00e9nergie qu&rsquo;Augustin Planet, originaire de Borgo et exer\u00e7ant \u00e0 Bastia, explore dans la chanson les th\u00e8mes de la joie, l&rsquo;amour ou la souffrance. Artiste inclassable, il varie les styles pour une musique qu&rsquo;il met au service de projets sociaux \u00e0 c\u00f4t\u00e9 de son activit\u00e9 de g\u00e9rant de bar et de chef d&rsquo;entreprise de sonorisation.<\/p>\n<p>Assis \u00e0 la terrasse du Bati&rsquo;Rose, son bar du Quai des Martyrs \u00e0 Bastia, cet artiste chaleureux livre sa passion, les yeux brillants\u00a0: \u00ab\u00a0Je veux toucher les gens et leur faire plaisir. Il y a des chanteurs qui ont une belle carri\u00e8re, puis qu&rsquo;on oublie. Moi je veux que mes chansons durent dans le temps.\u00a0\u00bb<\/p>\n<p>Apr\u00e8s une interruption pour aller servir un caf\u00e9 \u00e0 un couple de retrait\u00e9s, il confie\u00a0: \u00ab\u00a0Je raconte des \u00e9v\u00e9nements qui sont arriv\u00e9s \u00e0 des gens autour de moi, c&rsquo;est pour \u00e7a que je parle autant des bonheurs de la vie que de sujets tristes.\u00a0\u00bb<\/p>\n<p>Un artiste d&rsquo;abord d\u00e9sireux de cr\u00e9er du lien social<\/p>\n<p>Son dernier album Esp\u00e9rances, sorti il y a quelques mois, r\u00e9unit 17 titres qui explorent une palette de th\u00e8mes graves. \u00ab\u00a0J&rsquo;essaye de faire exister les victimes de diff\u00e9rents drames, de leur donner une voix, insiste le chanteur. Il ne faut pas oublier ceux qui sont morts.\u00a0\u00bb<\/p>\n<p>Tout en gardant une \u00e9nergie optimiste et un sourire contagieux, le chanteur ne se censure pas. \u00ab\u00a0J&rsquo;aborde des sujets de soci\u00e9t\u00e9 qui peuvent \u00eatre \u00e9pineux, comme l&rsquo;alcoolisme ou les sans-abri, affirme-t-il. Je fais des textes, m\u00eame s&rsquo;ils d\u00e9rangent.\u00a0\u00bb<\/p>\n<p>L&rsquo;artiste chante pour ses proches ou pour les clients de son bar du Quai des Martyrs. \u00ab\u00a0L&rsquo;objectif est de cr\u00e9er du lien social. \u00c7a ne m&rsquo;int\u00e9resse pas de faire des concerts et d&rsquo;avoir une grande carri\u00e8re.\u00a0\u00bb<\/p>\n<p>Tr\u00e8s engag\u00e9 socialement, le g\u00e9rant est impliqu\u00e9 dans nombre d&rsquo;\u0153uvres caritatives. \u00ab\u00a0Je reverse ce que je gagne avec la chanson pour aider les gens, par exemple dans la lutte contre le cancer, l&rsquo;aide aux enfants en situation de pr\u00e9carit\u00e9, ou la restauration d&rsquo;\u00e9glises\u00a0\u00bb, d\u00e9taille-t-il.<\/p>\n<p>Au Bati&rsquo;Rose, le bruit des vagues rythme les notes de musique formant des m\u00e9lodies tant\u00f4t joyeuses, tant\u00f4t m\u00e9lancoliques. Pour les quelques clients pr\u00e9sents en cet apr\u00e8s-midi ensoleill\u00e9 du mois de janvier, c&rsquo;est un \u00e9ventail d&rsquo;\u00e9motions. \u00ab\u00a0Je ne veux pas \u00eatre enferm\u00e9 dans un seul style, \u00e7a ne m&rsquo;int\u00e9resse pas, explique encore l&rsquo;artiste. Je peux tout faire.\u00a0\u00bb<\/p>\n","protected":false},"excerpt":{"rendered":"Au bout d&rsquo;une cinquantaine d&rsquo;ann\u00e9es de musique, avec 28 albums \u00e0 son actif, et cinq en projet, c&rsquo;est&hellip;\n","protected":false},"author":2,"featured_media":688007,"comment_status":"","ping_status":"","sticky":false,"template":"","format":"standard","meta":{"footnotes":""},"categories":[1355],"tags":[5734,26585,1692,5621,1687,58,59,1011,27,78472,1361,873,9580,471,96],"class_list":{"0":"post-688006","1":"post","2":"type-post","3":"status-publish","4":"format-standard","5":"has-post-thumbnail","7":"category-musique","8":"tag-5734","9":"tag-28e","10":"tag-album","11":"tag-bastia","12":"tag-culture-loisirs","13":"tag-divertissement","14":"tag-entertainment","15":"tag-fr","16":"tag-france","17":"tag-intacte","18":"tag-music","19":"tag-musique","20":"tag-passion","21":"tag-pour","22":"tag-une"},"share_on_mastodon":{"url":"https:\/\/pubeurope.com\/@fr\/115955313183877029","error":""},"_links":{"self":[{"href":"https:\/\/www.europesays.com\/fr\/wp-json\/wp\/v2\/posts\/688006","targetHints":{"allow":["GET"]}}],"collection":[{"href":"https:\/\/www.europesays.com\/fr\/wp-json\/wp\/v2\/posts"}],"about":[{"href":"https:\/\/www.europesays.com\/fr\/wp-json\/wp\/v2\/types\/post"}],"author":[{"embeddable":true,"href":"https:\/\/www.europesays.com\/fr\/wp-json\/wp\/v2\/users\/2"}],"replies":[{"embeddable":true,"href":"https:\/\/www.europesays.com\/fr\/wp-json\/wp\/v2\/comments?post=688006"}],"version-history":[{"count":0,"href":"https:\/\/www.europesays.com\/fr\/wp-json\/wp\/v2\/posts\/688006\/revisions"}],"wp:featuredmedia":[{"embeddable":true,"href":"https:\/\/www.europesays.com\/fr\/wp-json\/wp\/v2\/media\/688007"}],"wp:attachment":[{"href":"https:\/\/www.europesays.com\/fr\/wp-json\/wp\/v2\/media?parent=688006"}],"wp:term":[{"taxonomy":"category","embeddable":true,"href":"https:\/\/www.europesays.com\/fr\/wp-json\/wp\/v2\/categories?post=688006"},{"taxonomy":"post_tag","embeddable":true,"href":"https:\/\/www.europesays.com\/fr\/wp-json\/wp\/v2\/tags?post=688006"}],"curies":[{"name":"wp","href":"https:\/\/api.w.org\/{rel}","templated":true}]}}