{"id":688022,"date":"2026-01-25T10:47:12","date_gmt":"2026-01-25T10:47:12","guid":{"rendered":"https:\/\/www.europesays.com\/fr\/688022\/"},"modified":"2026-01-25T10:47:12","modified_gmt":"2026-01-25T10:47:12","slug":"lalgerie-na-pas-du-tout-apprecie-le-complement-denquete-sur-la-crise-avec-la-france","status":"publish","type":"post","link":"https:\/\/www.europesays.com\/fr\/688022\/","title":{"rendered":"L\u2019Alg\u00e9rie n\u2019a pas (du tout) appr\u00e9ci\u00e9 le \u00ab\u00a0Compl\u00e9ment d\u2019enqu\u00eate\u00a0\u00bb sur la crise avec la France"},"content":{"rendered":"<p>        <img decoding=\"async\" loading=\"lazy\" src=\"https:\/\/www.europesays.com\/fr\/wp-content\/uploads\/2026\/01\/36dc166_upload-1-pox26gp2ljxg-capture-d-ecran-2026-01-25-081811.png\"  width=\"728\" height=\"409\" alt=\"Un \u00e9pisode intitul\u00e9 \u00ab\u00a0Rumeurs et coups tordus\u00a0: la guerre secr\u00e8te France Alg\u00e9rie\u00a0\u00bb a \u00e9t\u00e9 diffus\u00e9 sur France 2, pour d\u00e9crypter la crise diplomatique entre les deux pays.\"\/>  <\/p>\n<p>France T\u00e9l\u00e9visions<\/p>\n<p>Un \u00e9pisode intitul\u00e9 \u00ab\u00a0Rumeurs et coups tordus\u00a0: la guerre secr\u00e8te France Alg\u00e9rie\u00a0\u00bb a \u00e9t\u00e9 diffus\u00e9 sur France 2, pour d\u00e9crypter la crise diplomatique entre les deux pays.<\/p>\n<p class=\"asset asset-text\">Le dernier num\u00e9ro de \u00ab\u00a0Compl\u00e9ment d\u2019enqu\u00eate\u00a0\u00bb, diffus\u00e9 jeudi sur France 2, a suscit\u00e9 le courroux <a href=\"https:\/\/www.huffingtonpost.fr\/politique\/article\/pourquoi-la-resolution-denoncant-les-accords-avec-l-algerie-adoptee-par-l-assemblee-ne-change-rien_256592.html\" target=\"_blank\" rel=\"noopener\">de l\u2019Alg\u00e9rie.<\/a> Dans un communiqu\u00e9 publi\u00e9 ce samedi 24\u00a0janvier, Alger a qualifi\u00e9 l\u2019\u00e9mission de \u00ab\u00a0tissu de contre-v\u00e9rit\u00e9s\u00a0\u00bb, allant jusqu\u2019\u00e0 d\u00e9noncer \u00ab\u00a0une v\u00e9ritable agression contre l\u2019\u00c9tat alg\u00e9rien, ses institutions et ses symboles\u00a0\u00bb.<\/p>\n<p class=\"asset asset-text\">L\u2019\u00e9pisode, intitul\u00e9 \u00ab\u00a0rumeurs et coups tordus\u00a0: la guerre secr\u00e8te France-Alg\u00e9rie\u00a0\u00bb, dure une heure et promet de d\u00e9crypter les relations entre les deux pays \u00ab\u00a0qui ont rarement \u00e9t\u00e9 aussi tendues\u00a0\u00bb. Sur son site, <a href=\"https:\/\/www.huffingtonpost.fr\/culture\/article\/la-mini-serie-l-affaire-laura-stern-sur-hbo-max-s-inspire-de-plusieurs-feminicides-bien-reels_259499.html\" target=\"_blank\" rel=\"noopener\">France T\u00e9l\u00e9visions<\/a> estime que cette crise dans les relations diplomatiques entre Paris et Alger est \u00ab\u00a0la plus grave depuis la guerre d\u2019Alg\u00e9rie\u00a0\u00bb.<\/p>\n<p class=\"asset asset-text\">Le minist\u00e8re alg\u00e9rien des Affaires \u00e9trang\u00e8res n\u2019a pas tard\u00e9 \u00e0 r\u00e9agir. Il a convoqu\u00e9 d\u00e8s samedi le charg\u00e9 d\u2019affaires de l\u2019ambassade de France \u00e0 Alger pour protester contre ce num\u00e9ro de l\u2019\u00e9mission. Il pointe \u00e9galement la participation \u00e0 l\u2019\u00e9mission de l\u2019ambassadeur de France en Alg\u00e9rie, <a href=\"https:\/\/www.huffingtonpost.fr\/international\/article\/l-algerie-convoque-l-ambassadeur-de-france-pour-traitement-degradant-de-ses-ressortissants-a-paris_245469.html\" target=\"_blank\" rel=\"noopener\">St\u00e9phane Romatet.<\/a> Ce dernier dirige d\u00e9sormais l\u2019ambassade depuis Paris, apr\u00e8s avoir quitt\u00e9 le pays \u00e0 la demande du pr\u00e9sident Emmanuel Macron, sur fond de crise bilat\u00e9rale persistante depuis l\u2019\u00e9t\u00e9 2024.<\/p>\n<p>    Relations glaciales entre Paris et Alger    <\/p>\n<p class=\"asset asset-text\">Dans ce num\u00e9ro, St\u00e9phane Romatet revient notamment sur la d\u00e9cision d\u2019Emmanuel Macron, fin juillet\u00a02024, de soutenir la proposition marocaine d\u2019autonomie <a href=\"https:\/\/www.huffingtonpost.fr\/international\/article\/sahara-occidental-l-algerie-furieuse-contre-paris-apres-le-soutien-de-macron-au-maroc_237709.html\" target=\"_blank\" rel=\"noopener\">pour le territoire disput\u00e9 du Sahara occidental<\/a>, suivie par le rappel par Alger de son ambassadeur \u00e0 Paris. Alger soutient dans ce conflit les ind\u00e9pendantistes du Polisario, oppos\u00e9s \u00e0 Rabat.<\/p>\n<p class=\"asset asset-text\">Le recteur de la Grande Mosqu\u00e9e de Paris, Chems-Eddine Hafiz, proche du pr\u00e9sident <a href=\"https:\/\/www.huffingtonpost.fr\/international\/article\/crise-paris-alger-le-president-abdelmadjid-tebboune-calme-le-jeu-et-rappelle-que-son-seul-interlocuteur-c-est-macron_247820.html\" target=\"_blank\" rel=\"noopener\">Abdelmadjid Tebboune<\/a>, affirme dans l\u2019\u00e9mission que ce soutien de Paris \u00e0 Rabat sur le Sahara occidental \u00ab\u00a0a mis fin \u00e0 la relation\u00a0\u00bb entre les deux chefs d\u2019\u00c9tat. Le dialogue entre les deux pr\u00e9sidents, jug\u00e9 incontournable pour r\u00e9gler durablement la crise, n\u2019a toujours pas repris.<\/p>\n<p class=\"asset asset-text\">Cette brouille s\u2019\u00e9tait envenim\u00e9e ensuite lors de l\u2019arrestation en novembre suivant de <a href=\"https:\/\/www.huffingtonpost.fr\/france\/article\/boualem-sansal-decore-de-la-legion-d-honneur-quelques-semaines-apres-sa-liberation-par-l-algerie_258773.html\" target=\"_blank\" rel=\"noopener\">Boualem Sansal<\/a>, un \u00e9crivain franco-alg\u00e9rien, critique notoire du pouvoir. Graci\u00e9 par l\u2019Alg\u00e9rie apr\u00e8s un an de prison, ce dernier a finalement pu rentrer en France. Mais un autre cas fait grincer des dents Paris\u00a0: la r\u00e9cente condamnation du journaliste sportif fran\u00e7ais\u00a0<a href=\"https:\/\/www.huffingtonpost.fr\/international\/article\/christophe-gleizes-emprisonne-en-algerie-l-appel-poignant-de-ses-parents-aux-stars-du-foot-francais_258282.html\" target=\"_blank\" rel=\"noopener\">Christophe Gleizes<\/a> d\u00e9but d\u00e9cembre \u00e0 sept ans de prison ferme en Alg\u00e9rie.<\/p>\n<p class=\"asset asset-text\">\u00c0 cela s\u2019ajoute enfin\u00a0la r\u00e9ticence d\u2019Alger \u00e0 reprendre ses ressortissants sous le coup d\u2019une obligation de quitter le territoire fran\u00e7ais (OQTF). R\u00e9sultat\u00a0: \u00ab\u00a0depuis quelques mois, Alger et Paris alternent le chaud, le froid\u2026 et le glacial\u00a0\u00bb, r\u00e9sume France T\u00e9l\u00e9visions. L\u2019\u00e9pisode de \u00ab\u00a0Compl\u00e9ment d\u2019enqu\u00eate\u00a0\u00bb est disponible gratuitement sur son site.<\/p>\n","protected":false},"excerpt":{"rendered":"France T\u00e9l\u00e9visions Un \u00e9pisode intitul\u00e9 \u00ab\u00a0Rumeurs et coups tordus\u00a0: la guerre secr\u00e8te France Alg\u00e9rie\u00a0\u00bb a \u00e9t\u00e9 diffus\u00e9 sur&hellip;\n","protected":false},"author":2,"featured_media":688023,"comment_status":"","ping_status":"","sticky":false,"template":"","format":"standard","meta":{"footnotes":""},"categories":[4],"tags":[11,15,28200,1011,27,2400,594,14,12,25,252],"class_list":{"0":"post-688022","1":"post","2":"type-post","3":"status-publish","4":"format-standard","5":"has-post-thumbnail","7":"category-france","8":"tag-actualites","9":"tag-algerie","10":"tag-complement-d-enquete","11":"tag-fr","12":"tag-france","13":"tag-france-televisions","14":"tag-france-2","15":"tag-international","16":"tag-news","17":"tag-republique-francaise","18":"tag-television"},"share_on_mastodon":{"url":"https:\/\/pubeurope.com\/@fr\/115955344679925966","error":""},"_links":{"self":[{"href":"https:\/\/www.europesays.com\/fr\/wp-json\/wp\/v2\/posts\/688022","targetHints":{"allow":["GET"]}}],"collection":[{"href":"https:\/\/www.europesays.com\/fr\/wp-json\/wp\/v2\/posts"}],"about":[{"href":"https:\/\/www.europesays.com\/fr\/wp-json\/wp\/v2\/types\/post"}],"author":[{"embeddable":true,"href":"https:\/\/www.europesays.com\/fr\/wp-json\/wp\/v2\/users\/2"}],"replies":[{"embeddable":true,"href":"https:\/\/www.europesays.com\/fr\/wp-json\/wp\/v2\/comments?post=688022"}],"version-history":[{"count":0,"href":"https:\/\/www.europesays.com\/fr\/wp-json\/wp\/v2\/posts\/688022\/revisions"}],"wp:featuredmedia":[{"embeddable":true,"href":"https:\/\/www.europesays.com\/fr\/wp-json\/wp\/v2\/media\/688023"}],"wp:attachment":[{"href":"https:\/\/www.europesays.com\/fr\/wp-json\/wp\/v2\/media?parent=688022"}],"wp:term":[{"taxonomy":"category","embeddable":true,"href":"https:\/\/www.europesays.com\/fr\/wp-json\/wp\/v2\/categories?post=688022"},{"taxonomy":"post_tag","embeddable":true,"href":"https:\/\/www.europesays.com\/fr\/wp-json\/wp\/v2\/tags?post=688022"}],"curies":[{"name":"wp","href":"https:\/\/api.w.org\/{rel}","templated":true}]}}