{"id":688068,"date":"2026-01-25T11:24:11","date_gmt":"2026-01-25T11:24:11","guid":{"rendered":"https:\/\/www.europesays.com\/fr\/688068\/"},"modified":"2026-01-25T11:24:11","modified_gmt":"2026-01-25T11:24:11","slug":"immobilier-en-ile-de-france-trouver-une-location-releve-dun-veritable-parcours-du-combattant","status":"publish","type":"post","link":"https:\/\/www.europesays.com\/fr\/688068\/","title":{"rendered":"Immobilier : en \u00cele-de-France, trouver une location rel\u00e8ve d&rsquo;un v\u00e9ritable parcours du combattant"},"content":{"rendered":"<p>\n                                                                Si Paris reste le territoire o\u00f9 l\u2019offre locative est la plus restreinte, plusieurs villes de la r\u00e9gion parisienne sont elles aussi touch\u00e9es par une forte p\u00e9nurie.\n                            <\/p>\n<p>Selon <a href=\"https:\/\/www.leparisien.fr\/immobilier\/immobilier-paris-creteil-vincennes-dans-ces-villes-franciliennes-cest-lenfer-pour-denicher-une-location-10-11-2025-JZOON6C53RBH5PU3ZQFESOUXOY.php?ts=1764069228227\" target=\"_self\" rel=\"noopener\">Le Parisien<\/a>, trouver un logement \u00e0 louer \u00e0 Paris reste difficile et n\u00e9cessite un budget \u00e9lev\u00e9.\u00a0Une \u00e9tude r\u00e9alis\u00e9e par LocService r\u00e9v\u00e8le qu\u2019il faut en moyenne 1 154 \u20ac par mois pour une superficie de 29,6 m\u00b2, soit 39 \u20ac\/m\u00b2, avec une hausse de 6,7 % en un an. Avec 62 % de locataires dans la capitale, la tension locative demeure forte.<\/p>\n<p>Un logement pour un peu plus de huit candidats \u00e0 Paris<\/p>\n<p>Comme l\u2019explique le quotidien, il y aurait en moyenne un logement pour un peu plus de huit candidats, ce qui place Paris en t\u00eate des villes franciliennes les plus tendues. L\u2019\u00e9tude porte sur plus de 43 500 demandes entre mai 2024 et mai 2025.<\/p>\n<p>Mais le ph\u00e9nom\u00e8ne ne touche pas que la capitales. Plusieurs autres villes de la r\u00e9gion parisienne sont aussi impact\u00e9es. Comme Cr\u00e9teil qui arrive en deuxi\u00e8me position avec plus de six candidats pour un logement. La pr\u00e9sence de l\u2019universit\u00e9 Upec, d\u2019un bon r\u00e9seau de transports\u00a0et de prix inf\u00e9rieurs \u00e0 ceux de Paris sont autant d&rsquo;atouts qui s\u00e9duisent les demandeurs.<\/p>\n<p>Cr\u00e9teil et Vincennes, deux villes o\u00f9 l&rsquo;immobilier locatif est aussi en tension<\/p>\n<p>Cr\u00e9teil b\u00e9n\u00e9ficie en effet de la ligne 8, d\u2019un acc\u00e8s au RER A, d\u2019un t\u00e9l\u00e9ph\u00e9rique bient\u00f4t op\u00e9rationnel et d\u2019une future station sur la ligne 15 du Grand Paris Express. Les loyers pour un T2 tournent autour de 1 000 \u20ac.<\/p>\n<p>Pour Ivan Thi\u00e9bault de LocService, \u00ab\u00a0l\u2019agrandissement de l\u2019Upec et l\u2019arriv\u00e9e de la ligne 15 renforcent l\u2019attractivit\u00e9 de Cr\u00e9teil\u00a0\u00bb. Vincennes subit aussi le m\u00eame sort avec des\u00a0loyers \u00e9lev\u00e9s qui se rapprochent de ceux de Paris. Cette commune int\u00e9resse notamment pour les transports en commun car elle b\u00e9n\u00e9ficie de la ligne 1 du m\u00e9tro, du RER A et de sa proximit\u00e9 avec le bois de Vincennes.<\/p>\n<p data-is-last-node=\"\" data-is-only-node=\"\">Mais l\u00e0 aussi la demande est bien plus forte que l&rsquo;offre.<\/p>\n","protected":false},"excerpt":{"rendered":"Si Paris reste le territoire o\u00f9 l\u2019offre locative est la plus restreinte, plusieurs villes de la r\u00e9gion parisienne&hellip;\n","protected":false},"author":2,"featured_media":688069,"comment_status":"","ping_status":"","sticky":false,"template":"","format":"standard","meta":{"footnotes":""},"categories":[1592],"tags":[1111,11,69742,33,1777,674,1011,27,662,1116,12,626,69743,25],"class_list":{"0":"post-688068","1":"post","2":"type-post","3":"status-publish","4":"format-standard","5":"has-post-thumbnail","7":"category-ile-de-france","8":"tag-actu","9":"tag-actualites","10":"tag-bdv","11":"tag-economie","12":"tag-eu","13":"tag-europe","14":"tag-fr","15":"tag-france","16":"tag-ile-de-france","17":"tag-immobilier","18":"tag-news","19":"tag-paris","20":"tag-parisidf","21":"tag-republique-francaise"},"share_on_mastodon":{"url":"https:\/\/pubeurope.com\/@fr\/115955490227873245","error":""},"_links":{"self":[{"href":"https:\/\/www.europesays.com\/fr\/wp-json\/wp\/v2\/posts\/688068","targetHints":{"allow":["GET"]}}],"collection":[{"href":"https:\/\/www.europesays.com\/fr\/wp-json\/wp\/v2\/posts"}],"about":[{"href":"https:\/\/www.europesays.com\/fr\/wp-json\/wp\/v2\/types\/post"}],"author":[{"embeddable":true,"href":"https:\/\/www.europesays.com\/fr\/wp-json\/wp\/v2\/users\/2"}],"replies":[{"embeddable":true,"href":"https:\/\/www.europesays.com\/fr\/wp-json\/wp\/v2\/comments?post=688068"}],"version-history":[{"count":0,"href":"https:\/\/www.europesays.com\/fr\/wp-json\/wp\/v2\/posts\/688068\/revisions"}],"wp:featuredmedia":[{"embeddable":true,"href":"https:\/\/www.europesays.com\/fr\/wp-json\/wp\/v2\/media\/688069"}],"wp:attachment":[{"href":"https:\/\/www.europesays.com\/fr\/wp-json\/wp\/v2\/media?parent=688068"}],"wp:term":[{"taxonomy":"category","embeddable":true,"href":"https:\/\/www.europesays.com\/fr\/wp-json\/wp\/v2\/categories?post=688068"},{"taxonomy":"post_tag","embeddable":true,"href":"https:\/\/www.europesays.com\/fr\/wp-json\/wp\/v2\/tags?post=688068"}],"curies":[{"name":"wp","href":"https:\/\/api.w.org\/{rel}","templated":true}]}}